{"id":133497,"date":"2025-05-28T05:13:18","date_gmt":"2025-05-28T05:13:18","guid":{"rendered":"https:\/\/www.europesays.com\/fr\/133497\/"},"modified":"2025-05-28T05:13:18","modified_gmt":"2025-05-28T05:13:18","slug":"macon-infos-le-web-journal-du-maconnais","status":"publish","type":"post","link":"https:\/\/www.europesays.com\/fr\/133497\/","title":{"rendered":"M\u00e2con Infos &#8211; Le Web Journal du M\u00e2connais"},"content":{"rendered":"<p class=\"p1\" style=\"text-align: center;\"><img decoding=\"async\" src=\"https:\/\/www.europesays.com\/fr\/wp-content\/uploads\/2025\/05\/ANAIS_A_CRECHES_SUR_SAONE_VIE_EN_GROS_MAI2025_-_3.jpeg\" \/><\/p>\n<p class=\"p1\" style=\"text-align: right;\">\u00a0<\/p>\n<blockquote><p>&#13;<\/p>\n<p class=\"p1\" style=\"text-align: right;\">Gagne, perd, tr\u00e9buche&#8230; mais rel\u00e8ve-toi et avance !<\/p>\n<p>&#13;\n<\/p><\/blockquote>\n<p class=\"p1\" style=\"text-align: justify;\">\u00a0<\/p>\n<p class=\"p1\" style=\"text-align: justify;\">Ana\u00efs Le M\u00e9nah\u00e8ze est partie de Nantes d\u00e9but avril 2025 avec son v\u00e9lo, sa carriole et sa poule pour entamer un tour de France afin de pouvoir \u00e9changer, partager, sensibiliser sur les pr\u00e9jug\u00e9s li\u00e9s \u00e0 l\u2019ob\u00e9sit\u00e9, dont elle est atteinte. Ce projet fait suite \u00e0 un d\u00e9fi v\u00e9lo qu\u2019elle a men\u00e9 de Nantes \u00e0 Lourdes il y a deux ans, et qui visait d\u00e9j\u00e0 \u00e0 lutter et \u00e0 communiquer contre les discriminations et pr\u00e9jug\u00e9s, dont l\u2019ob\u00e9sit\u00e9. De ce d\u00e9fi, un film a \u00e9t\u00e9 r\u00e9alis\u00e9 par l\u2019association (Association pour la Prise en charge et le Pr\u00e9vention de l\u2019Ob\u00e9sit\u00e9 en P\u00e9diatrie) \u00e0 voir ci-dessous \u00ab La vie en gros : le d\u00e9fi d\u2019Ana\u00efs \u00bb.<\/p>\n<p class=\"p1\" style=\"text-align: justify;\">\u00a0<\/p>\n<p class=\"p1\" style=\"text-align: center;\">\n<p class=\"p1\" style=\"text-align: justify;\">\u00a0<\/p>\n<p class=\"p1\" style=\"text-align: justify;\">Elle\u00a0parcourt donc une partie de la France pour aller\u00a0dans les \u00e9coles, coll\u00e8ges, lyc\u00e9es, \u00e9coles sup\u00e9rieures, centres sociaux, centres de loisirs, centres hospitaliers et de sant\u00e9, professionnels de la sant\u00e9 et du sport, associations porter son t\u00e9moignage de femme ob\u00e8se qui se bat contre la maladie\u2026 \u00ab\u00a0C\u2019est une maladie, et en tant que telle, qui se gu\u00e9rit. Pour ce qui me concerne, je suis n\u00e9e avec et je vis avec depuis 32 ans.\u00a0Je n&rsquo;en suis pas \u00e0 la gu\u00e9rison mais \u00e0 l&rsquo;acceptation. Ce d\u00e9fi, c\u2019est pour prouver qu\u2019on peut faire des choses m\u00eame quand on est gros ou grosse.\u00a0\u00bb<\/p>\n<p class=\"p2\" style=\"text-align: justify;\">Aujourd\u2019hui mardi 27 mai, elle \u00e9tait \u00e0 Cr\u00eaches-sur-Sa\u00f4ne, o\u00f9 elle a particip\u00e9 \u00e0 une sortie v\u00e9lo des \u00e9l\u00e8ves de CM2 de l\u2019\u00e9cole Jules Pinsard. Elle est \u00e9galement intervenue dans les classes pour parler pr\u00e9jug\u00e9s et ob\u00e9sit\u00e9. Demain, elle reprendra la route direction Villefranche, Lyon, Montpellier avant un retour par Bordeaux. Bon voyage Ana\u00efs, et\u00a0merci !<\/p>\n<p class=\"p2\" style=\"text-align: right;\">\u00a0<\/p>\n<p class=\"p2\" style=\"text-align: justify;\"><img decoding=\"async\" src=\"https:\/\/www.europesays.com\/fr\/wp-content\/uploads\/2025\/05\/ANAIS_A_CRECHES_SUR_SAONE_VIE_EN_GROS_MAI2025_-_2.jpeg\" \/><\/p>\n<p class=\"p2\" style=\"text-align: justify;\">Aux c\u00f4t\u00e9s de S\u00e9verine Doyen,\u00a0enseignante \u00e0 l&rsquo;initiative de cette visite et encadrante de la sortie v\u00e9lo. Ana\u00efs est accompagn\u00e9e de Plume, une poule qui lui tient compagnie dans son p\u00e9riple.\u00a0\u00ab Il y a aussi des pr\u00e9jug\u00e9s sur cet animal. On dit que les poules ne seraient pas tr\u00e8s intelligentes&#8230; Quoi qu&rsquo;il en soit, avec elle, je cr\u00e9\u00e9e plus facilement du lien avec les gens. Plume se voit et ne passe pas inaper\u00e7ue, comme moi ! \u00bb<\/p>\n<p class=\"p2\" style=\"text-align: justify;\">\u00a0<\/p>\n<p class=\"p2\" style=\"text-align: justify;\">\u00a9 Photos Rodolphe Bretin<\/p>\n<p class=\"p2\" style=\"text-align: center;\">\u00a0<\/p>\n","protected":false},"excerpt":{"rendered":"\u00a0 &#13; Gagne, perd, tr\u00e9buche&#8230; mais rel\u00e8ve-toi et avance ! &#13; \u00a0 Ana\u00efs Le M\u00e9nah\u00e8ze est partie de&hellip;\n","protected":false},"author":2,"featured_media":133498,"comment_status":"","ping_status":"","sticky":false,"template":"","format":"standard","meta":{"footnotes":""},"categories":[1411],"tags":[25915,1111,47,11,25914,20640,251,1154,207,33,25916,118,1011,27,1922,6417,1110,1114,4662,25921,25920,25917,6635,5980,25912,25913,12,316,4048,6003,517,60,25922,3366,25919,25918],"class_list":{"0":"post-133497","1":"post","2":"type-post","3":"status-publish","4":"format-standard","5":"has-post-thumbnail","7":"category-cyclisme","8":"tag-25915","9":"tag-actu","10":"tag-actualite","11":"tag-actualites","12":"tag-charnay","13":"tag-cluny","14":"tag-culture","15":"tag-cycling","16":"tag-cyclisme","17":"tag-economie","18":"tag-etat-civil","19":"tag-faits-divers","20":"tag-fr","21":"tag-france","22":"tag-info","23":"tag-information","24":"tag-informations","25":"tag-infos","26":"tag-journal","27":"tag-journal-de-macon","28":"tag-journal-en-ligne","29":"tag-journaux","30":"tag-le-journal","31":"tag-macon","32":"tag-macon-infos","33":"tag-maconnais","34":"tag-news","35":"tag-politique","36":"tag-presse","37":"tag-saone-et-loire","38":"tag-sport","39":"tag-sports","40":"tag-tournus","41":"tag-vie-locale","42":"tag-web-journal","43":"tag-web-journal-du-maconnais"},"share_on_mastodon":{"url":"https:\/\/pubeurope.com\/@fr\/114583752162938629","error":""},"_links":{"self":[{"href":"https:\/\/www.europesays.com\/fr\/wp-json\/wp\/v2\/posts\/133497","targetHints":{"allow":["GET"]}}],"collection":[{"href":"https:\/\/www.europesays.com\/fr\/wp-json\/wp\/v2\/posts"}],"about":[{"href":"https:\/\/www.europesays.com\/fr\/wp-json\/wp\/v2\/types\/post"}],"author":[{"embeddable":true,"href":"https:\/\/www.europesays.com\/fr\/wp-json\/wp\/v2\/users\/2"}],"replies":[{"embeddable":true,"href":"https:\/\/www.europesays.com\/fr\/wp-json\/wp\/v2\/comments?post=133497"}],"version-history":[{"count":0,"href":"https:\/\/www.europesays.com\/fr\/wp-json\/wp\/v2\/posts\/133497\/revisions"}],"wp:featuredmedia":[{"embeddable":true,"href":"https:\/\/www.europesays.com\/fr\/wp-json\/wp\/v2\/media\/133498"}],"wp:attachment":[{"href":"https:\/\/www.europesays.com\/fr\/wp-json\/wp\/v2\/media?parent=133497"}],"wp:term":[{"taxonomy":"category","embeddable":true,"href":"https:\/\/www.europesays.com\/fr\/wp-json\/wp\/v2\/categories?post=133497"},{"taxonomy":"post_tag","embeddable":true,"href":"https:\/\/www.europesays.com\/fr\/wp-json\/wp\/v2\/tags?post=133497"}],"curies":[{"name":"wp","href":"https:\/\/api.w.org\/{rel}","templated":true}]}}