{"id":133505,"date":"2025-05-28T05:17:08","date_gmt":"2025-05-28T05:17:08","guid":{"rendered":"https:\/\/www.europesays.com\/fr\/133505\/"},"modified":"2025-05-28T05:17:08","modified_gmt":"2025-05-28T05:17:08","slug":"la-conquete-de-la-liberte-racontee-par-valerie-piola-caselli","status":"publish","type":"post","link":"https:\/\/www.europesays.com\/fr\/133505\/","title":{"rendered":"la conqu\u00eate de la libert\u00e9 racont\u00e9e par Val\u00e9rie Piola Caselli"},"content":{"rendered":"<p class=\"article__intro\">Val\u00e9rie Piola Caselli, psychologue et sc\u00e9nariste ni\u00e7oise nous invite \u00e0 d\u00e9couvrir un personnage enferm\u00e9 dans ses certitudes et ses faux-semblants. Tout va voler en \u00e9clats apr\u00e8s une rencontre. Un roman et son auteure \u00e0 d\u00e9couvrir les 30 et 31 mai au festival du livre de Nice.<\/p>\n<p>\n      L&rsquo;essentiel du jour : notre s\u00e9lection exclusive\n    <\/p>\n<p>\n      Chaque jour, notre r\u00e9daction vous r\u00e9serve le meilleur de l&rsquo;info r\u00e9gionale. Une s\u00e9lection rien que pour vous, pour rester en lien avec vos r\u00e9gions.\n    <\/p>\n<p>    France T\u00e9l\u00e9visions utilise votre adresse e-mail afin de vous envoyer la newsletter \u00ab\u00a0L&rsquo;essentiel du jour : notre s\u00e9lection exclusive\u00a0\u00bb. Vous pouvez vous d\u00e9sinscrire \u00e0 tout moment via le lien en bas de cette newsletter. <a target=\"_blank\" href=\"https:\/\/www.francetelevisions.fr\/groupe\/confidentialite\/politique-de-confidentialite\/politique-de-confidentialite-de-france-televisions-6503\" rel=\"nofollow noopener\">Notre politique de confidentialit\u00e9<\/a><\/p>\n<p>Gr\u00e9goire Ziguier est un homme \u00e0 l&rsquo;allure aussi froide que la lame de rasoir qu&rsquo;il utilise chaque matin en se rasant tout en admirant son image dans le miroir. Une image l\u00e9ch\u00e9e comme la couverture du magazine people dont il est r\u00e9dacteur en chef. Un homme \u00e0 qui tout semble r\u00e9ussir. Un quadrag\u00e9naire narcissique qui collectionne les costumes sur mesure, les chaussures hors de prix et les aventures sans lendemain. Un personnage cynique, persuad\u00e9 de tout ma\u00eetriser. Certitude qui volera en \u00e9clats apr\u00e8s une rencontre.<\/p>\n<p>\u00c0 travers son premier roman au style enlev\u00e9, bourr\u00e9 d&rsquo;humour et de tendresse, Val\u00e9rie Piola Caselli nous fait partager la mue de son \u00ab\u00a0cheval emmur\u00e9\u00a0\u00bb en explorant sa r\u00e9volution int\u00e9rieure. Une seconde nature pour l&rsquo;ancienne journaliste, aujourd&rsquo;hui sc\u00e9nariste et psychologue, capable de lire en vous comme dans un livre ouvert.<\/p>\n<p><a href=\"https:\/\/www.amazon.fr\/cheval-emmur%C3%A9-Val%C3%A9rie-Piola-Caselli\/dp\/2363926021\" target=\"_blank\" rel=\"noopener nofollow\">\u00ab\u00a0Le cheval emmur\u00e9\u00a0\u00bb.<\/a> D\u00e8s le titre, son livre interpelle. \u00ab\u00a0Depuis toute petite, il y a une trace d&rsquo;eau sur un mur en dessous de chez moi. J&rsquo;ai toujours pens\u00e9 qu&rsquo;elle repr\u00e9sentait un cheval au galop. J&rsquo;\u00e9tais persuad\u00e9e que tout le monde voyait la m\u00eame chose, puis je me suis rendu compte du contraire. Tr\u00e8s t\u00f4t, vers 7 ou 8 ans, j&rsquo;ai compris que face \u00e0 une situation, on ne voyait ni on ne ressentait pas forc\u00e9ment la m\u00eame chose.\u00a0J&rsquo;ai compris que les individus \u00e9taient diff\u00e9rents et leur ressenti aussi\u00a0\u00bb.<\/p>\n<blockquote class=\"ftvi_content_quote\">\n<p class=\"ftvi_citation_quote\">On a tous l&rsquo;illusion d&rsquo;\u00eatre quelque chose que l&rsquo;on n&rsquo;est pas. J&rsquo;ai donc pens\u00e9 \u00e0\u00a0 Gr\u00e9goire Ziguier, un\u00a0 personnage qui se croit invincible, qui se pense au galop et qui en r\u00e9alit\u00e9 est emmur\u00e9. Il se croit libre mais il ne l&rsquo;est pas.<\/p>\n<p>Val\u00e9rie Piola Caselli, auteur<\/p>\n<\/blockquote>\n<p>Dans la m\u00e9canique bien huil\u00e9e de la vie du personnage principal, va s&rsquo;insinuer un grain de sable, lorsqu\u2019il croisera la route de Jules G. Mac Zima, une jeune photographe qui fera voler son armure en \u00e9clats.<\/p>\n<p>\u00ab\u00a0Le sujet du cheval emmur\u00e9, c&rsquo;est l&rsquo;histoire de quelqu&rsquo;un qui croit sauver quelqu&rsquo;un et qui en r\u00e9alit\u00e9 se sauve lui-m\u00eame. En r\u00e9alit\u00e9, cette femme qu\u2019il tente de sauver, c&rsquo;est juste un d\u00e9tonateur qui permet de faire exploser ses propres murs et d&rsquo;acc\u00e9der \u00e0 sa propre libert\u00e9 et \u00e0 ses propres r\u00eaves.<\/p>\n<blockquote class=\"ftvi_content_quote\">\n<p class=\"ftvi_citation_quote\">J&rsquo;ai voulu aller chercher l&rsquo;humanit\u00e9 du personnage, qu&rsquo;il enl\u00e8ve sa carapace et r\u00e9v\u00e8le sa sensibilit\u00e9.<\/p>\n<p>Val\u00e9rie Piola Caselli, auteur<\/p>\n<\/blockquote>\n<p>Comment s&rsquo;y prendra celle qui fera tomber une \u00e0 une toutes les briques de ce mur ? Au-del\u00e0 de l&rsquo;introspection, \u00ab\u00a0Le cheval emmur\u00e9\u00a0\u00bb se transforme en polar. \u00ab\u00a0Ce que j&rsquo;aimerais avec ce livre, c&rsquo;est inviter chacun \u00e0 se demander quel est son r\u00eave et qu&rsquo;est-ce qui l&#8217;emp\u00eache de le r\u00e9aliser\u00a0\u00bb, conclut l&rsquo;auteure. Le r\u00eave de Val\u00e9rie Piola Caselli, c&rsquo;est de porter son roman au cin\u00e9ma. En refermant le livre, on se dit qu&rsquo;il n&rsquo;a rien d&rsquo;impossible.<\/p>\n<p>\u00ab\u00a0Le cheval emmur\u00e9\u00a0\u00bb est paru aux <a href=\"http:\/\/www.leseditionsovadia.com\/a-paraitre\/983-cheval-emmure.html\" target=\"_blank\" rel=\"noopener nofollow\">Editions Ovadia.<\/a><\/p>\n","protected":false},"excerpt":{"rendered":"Val\u00e9rie Piola Caselli, psychologue et sc\u00e9nariste ni\u00e7oise nous invite \u00e0 d\u00e9couvrir un personnage enferm\u00e9 dans ses certitudes et&hellip;\n","protected":false},"author":2,"featured_media":133506,"comment_status":"","ping_status":"","sticky":false,"template":"","format":"standard","meta":{"footnotes":""},"categories":[1357],"tags":[1379,58,59,1011,27,1380],"class_list":{"0":"post-133505","1":"post","2":"type-post","3":"status-publish","4":"format-standard","5":"has-post-thumbnail","7":"category-livres","8":"tag-books","9":"tag-divertissement","10":"tag-entertainment","11":"tag-fr","12":"tag-france","13":"tag-livres"},"share_on_mastodon":{"url":"https:\/\/pubeurope.com\/@fr\/114583767881353051","error":""},"_links":{"self":[{"href":"https:\/\/www.europesays.com\/fr\/wp-json\/wp\/v2\/posts\/133505","targetHints":{"allow":["GET"]}}],"collection":[{"href":"https:\/\/www.europesays.com\/fr\/wp-json\/wp\/v2\/posts"}],"about":[{"href":"https:\/\/www.europesays.com\/fr\/wp-json\/wp\/v2\/types\/post"}],"author":[{"embeddable":true,"href":"https:\/\/www.europesays.com\/fr\/wp-json\/wp\/v2\/users\/2"}],"replies":[{"embeddable":true,"href":"https:\/\/www.europesays.com\/fr\/wp-json\/wp\/v2\/comments?post=133505"}],"version-history":[{"count":0,"href":"https:\/\/www.europesays.com\/fr\/wp-json\/wp\/v2\/posts\/133505\/revisions"}],"wp:featuredmedia":[{"embeddable":true,"href":"https:\/\/www.europesays.com\/fr\/wp-json\/wp\/v2\/media\/133506"}],"wp:attachment":[{"href":"https:\/\/www.europesays.com\/fr\/wp-json\/wp\/v2\/media?parent=133505"}],"wp:term":[{"taxonomy":"category","embeddable":true,"href":"https:\/\/www.europesays.com\/fr\/wp-json\/wp\/v2\/categories?post=133505"},{"taxonomy":"post_tag","embeddable":true,"href":"https:\/\/www.europesays.com\/fr\/wp-json\/wp\/v2\/tags?post=133505"}],"curies":[{"name":"wp","href":"https:\/\/api.w.org\/{rel}","templated":true}]}}