{"id":133513,"date":"2025-05-28T05:21:10","date_gmt":"2025-05-28T05:21:10","guid":{"rendered":"https:\/\/www.europesays.com\/fr\/133513\/"},"modified":"2025-05-28T05:21:10","modified_gmt":"2025-05-28T05:21:10","slug":"vous-risquez-de-bientot-recevoir-un-appel-de-lassurance-maladie-et-mieux-vaut-decrocher-il-ne-sagit-pas-dune-escroquerie","status":"publish","type":"post","link":"https:\/\/www.europesays.com\/fr\/133513\/","title":{"rendered":"Vous risquez de bient\u00f4t recevoir un appel de l\u2019Assurance Maladie et mieux vaut d\u00e9crocher, il ne s\u2019agit pas d\u2019une escroquerie"},"content":{"rendered":"<p>Au cours du mois de juin, il est probable que vous receviez un appel de l&rsquo;Assurance Maladie. Loin d&rsquo;\u00eatre une arnaque, ceci est tr\u00e8s s\u00e9rieux et concerne votre sant\u00e9. Il s&rsquo;inscrit dans le cadre d&rsquo;une campagne de pr\u00e9vention cibl\u00e9e. Au total, environ 500.000 personnes devraient \u00eatre appel\u00e9es au cours du prochain mois, indique l&rsquo;Assurance Maladie sur son site Ameli.fr. Ces derni\u00e8res seront s\u00e9lectionn\u00e9es avec soin puisqu&rsquo;il s&rsquo;agit de personnes souffrant de diab\u00e8te ou d&rsquo;insuffisance respiratoire cardiaque.<\/p>\n<p>Cette initiative vise \u00e0 pr\u00e9venir les risques li\u00e9s au diab\u00e8te et \u00e0 l&rsquo;insuffisance cardiaque. Au cours de l&rsquo;ann\u00e9e 2022, plus de 4 millions de Fran\u00e7ais souffraient de diab\u00e8te d&rsquo;apr\u00e8s les chiffres de la F\u00e9d\u00e9ration Fran\u00e7aise des Diab\u00e9tiques, soit une augmentation d&rsquo;environ 800.000 personnes depuis 2015. Mais ce n&rsquo;est pas la seule pathologie qui inqui\u00e8te les experts. En effet, plus d\u20191,5 million de personnes seraient touch\u00e9es par une insuffisance cardiaque, selon les chiffres de l\u2019Assurance Maladie. On compte en moyenne une augmentation de 120.000 nouveaux cas chaque ann\u00e9e.<\/p>\n<p>Les patients souffrant d&rsquo;une maladie chronique, telle que l&rsquo;insuffisance cardiaque ou le diab\u00e8te, sont tenues de se rendre chez le m\u00e9decin g\u00e9n\u00e9raliste au moins quatre fois par an pour effectuer un suivi r\u00e9gulier de leur \u00e9tat de sant\u00e9, d&rsquo;apr\u00e8s les recommandations de la Haute Autorit\u00e9 de Sant\u00e9 (HAS). Des pr\u00e9conisations qu&rsquo;un trop grand nombre de patients ne suivent pas. Pourtant, trop nombreux sont ceux qui ne respectent (&#8230;)<\/p>\n<p>(&#8230;) <a href=\"https:\/\/www.femmeactuelle.fr\/actu\/news-actu\/vous-risquez-de-bientot-recevoir-un-appel-de-lassurance-maladie-et-mieux-vaut-decrocher-il-ne-sagit-pas-dune-escroquerie-2193574\" rel=\"nofollow noopener\" target=\"_blank\" data-ylk=\"slk:Cliquez ici pour voir la suite;elm:context_link;itc:0;sec:content-canvas\" class=\"link \">Cliquez ici pour voir la suite<\/a><\/p>\n<p><a href=\"https:\/\/www.femmeactuelle.fr\/actu\/news-actu\/de-la-neige-industrielle-est-tombee-en-france-et-il-vaut-mieux-ne-pas-la-toucher-2186314\" rel=\"nofollow noopener\" target=\"_blank\" data-ylk=\"slk:De la neige industrielle est tomb\u00e9e en France et il vaut mieux ne pas la toucher;elm:context_link;itc:0;sec:content-canvas\" class=\"link \">De la neige industrielle est tomb\u00e9e en France et il vaut mieux ne pas la toucher<\/a><br \/><a href=\"https:\/\/www.femmeactuelle.fr\/actu\/news-actu\/vous-risquez-de-sentir-une-odeur-d-oeuf-pourri-en-france-ce-lundi-26-aout-de-quoi-s-agit-il-et-est-ce-sans-danger-2180444\" rel=\"nofollow noopener\" target=\"_blank\" data-ylk=\"slk:Vous risquez de sentir une odeur d&#039;\u0153uf pourri en France ce lundi, de quoi s&#039;agit-il et est-ce sans danger ?;elm:context_link;itc:0;sec:content-canvas\" class=\"link \">Vous risquez de sentir une odeur d&rsquo;\u0153uf pourri en France ce lundi, de quoi s&rsquo;agit-il et est-ce sans danger ?<\/a><br \/><a href=\"https:\/\/www.femmeactuelle.fr\/actu\/news-actu\/souffrez-vous-de-la-maladie-des-cauchemars-on-vous-explique-de-quoi-il-sagit-2181055\" rel=\"nofollow noopener\" target=\"_blank\" data-ylk=\"slk:Souffrez-vous de la maladie des cauchemars ? On vous explique de quoi il s\u2019agit;elm:context_link;itc:0;sec:content-canvas\" class=\"link \">Souffrez-vous de la maladie des cauchemars ? On vous explique de quoi il s\u2019agit<\/a><br \/><a href=\"https:\/\/www.femmeactuelle.fr\/actu\/news-actu\/vous-risquez-bientot-de-payer-plus-cher-votre-charcuterie-et-voici-pourquoi-2182101\" rel=\"nofollow noopener\" target=\"_blank\" data-ylk=\"slk:Vous risquez bient\u00f4t de payer plus cher votre charcuterie et voici pourquoi;elm:context_link;itc:0;sec:content-canvas\" class=\"link \">Vous risquez bient\u00f4t de payer plus cher votre charcuterie et voici pourquoi<\/a><br \/><a href=\"https:\/\/www.femmeactuelle.fr\/actu\/news-actu\/il-vaut-mieux-ou-il-faut-mieux-quelle-est-la-bonne-orthographe-2185932\" rel=\"nofollow noopener\" target=\"_blank\" data-ylk=\"slk:&quot;Il vaut mieux&quot; ou &quot;il faut mieux&quot; : quelle est la bonne orthographe ?;elm:context_link;itc:0;sec:content-canvas\" class=\"link \">\u00ab\u00a0Il vaut mieux\u00a0\u00bb ou \u00ab\u00a0il faut mieux\u00a0\u00bb : quelle est la bonne orthographe ?<\/a><\/p>\n","protected":false},"excerpt":{"rendered":"Au cours du mois de juin, il est probable que vous receviez un appel de l&rsquo;Assurance Maladie. Loin&hellip;\n","protected":false},"author":2,"featured_media":133514,"comment_status":"","ping_status":"","sticky":false,"template":"","format":"standard","meta":{"footnotes":""},"categories":[10],"tags":[204,1011,27,25924,72,25923,23114,2359,71],"class_list":{"0":"post-133513","1":"post","2":"type-post","3":"status-publish","4":"format-standard","5":"has-post-thumbnail","7":"category-sante","8":"tag-campagne-de-prevention","9":"tag-fr","10":"tag-france","11":"tag-haute-autorite-de-sante","12":"tag-health","13":"tag-linsuffisance-cardiaque","14":"tag-le-diabete","15":"tag-mois-de-juin","16":"tag-sante"},"share_on_mastodon":{"url":"https:\/\/pubeurope.com\/@fr\/114583783552314684","error":""},"_links":{"self":[{"href":"https:\/\/www.europesays.com\/fr\/wp-json\/wp\/v2\/posts\/133513","targetHints":{"allow":["GET"]}}],"collection":[{"href":"https:\/\/www.europesays.com\/fr\/wp-json\/wp\/v2\/posts"}],"about":[{"href":"https:\/\/www.europesays.com\/fr\/wp-json\/wp\/v2\/types\/post"}],"author":[{"embeddable":true,"href":"https:\/\/www.europesays.com\/fr\/wp-json\/wp\/v2\/users\/2"}],"replies":[{"embeddable":true,"href":"https:\/\/www.europesays.com\/fr\/wp-json\/wp\/v2\/comments?post=133513"}],"version-history":[{"count":0,"href":"https:\/\/www.europesays.com\/fr\/wp-json\/wp\/v2\/posts\/133513\/revisions"}],"wp:featuredmedia":[{"embeddable":true,"href":"https:\/\/www.europesays.com\/fr\/wp-json\/wp\/v2\/media\/133514"}],"wp:attachment":[{"href":"https:\/\/www.europesays.com\/fr\/wp-json\/wp\/v2\/media?parent=133513"}],"wp:term":[{"taxonomy":"category","embeddable":true,"href":"https:\/\/www.europesays.com\/fr\/wp-json\/wp\/v2\/categories?post=133513"},{"taxonomy":"post_tag","embeddable":true,"href":"https:\/\/www.europesays.com\/fr\/wp-json\/wp\/v2\/tags?post=133513"}],"curies":[{"name":"wp","href":"https:\/\/api.w.org\/{rel}","templated":true}]}}