{"id":133517,"date":"2025-05-28T05:23:09","date_gmt":"2025-05-28T05:23:09","guid":{"rendered":"https:\/\/www.europesays.com\/fr\/133517\/"},"modified":"2025-05-28T05:23:09","modified_gmt":"2025-05-28T05:23:09","slug":"ce-netait-pas-dans-mes-plans-decouvrez-les-images-bluffantes-de-sa-statue-de-cire","status":"publish","type":"post","link":"https:\/\/www.europesays.com\/fr\/133517\/","title":{"rendered":"\u00ab\u00a0Ce n\u2019\u00e9tait pas dans mes plans\u00a0\u00bb, d\u00e9couvrez les images bluffantes de sa\u00a0statue\u00a0de\u00a0cire"},"content":{"rendered":"<p>\n        Comme Clara Luciani et Kendji Girac et bien d&rsquo;autres stars, Vianney fait son entr\u00e9e au Mus\u00e9e Gr\u00e9vin. Voici les images de sa statue de cire et les mots du chanteur face \u00e0 son double. Une inauguration sous l&rsquo;oeil de son ami Nikos Aliagas.    <\/p>\n<p class=\"standard\">Les prix et les disques d\u2019or sont souvent synonymes de cons\u00e9cration pour les artistes. Mais <strong>une entr\u00e9e au Mus\u00e9e Gr\u00e9vin<\/strong> l\u2019est tout autant en France. L\u2019\u00e9tablissement mythique du 10 boulevard Montmartre \u00e0 Paris consacre des sculptures aux personnalit\u00e9s fran\u00e7aises et internationales les plus influentes. Kylian Mbapp\u00e9 y c\u00f4toie Charles De Gaulle ou St\u00e9phane Bern. Vous croiserez aussi bien <a href=\"https:\/\/www.aufeminin.com\/news-people\/cette-celebrite-connue-grace-aux-reseaux-sociaux-fait-son-entree-au-musee-grevin-s4101236.html\" target=\"_blank\" rel=\"noopener\">l\u2019influenceuse L\u00e9na Situations<\/a> que <a href=\"https:\/\/www.aufeminin.com\/news-people\/musee-grevin-j-avais-peur-de-me-rencontrer-cette-chanteuse-populaire-honoree-d-avoir-son-double-de-cire-video-s4105867.html\" target=\"_blank\" rel=\"noopener\">Clara Luciani (qui redoutait de voir son double de cire)<\/a> ou Marie-Antoinette.<\/p>\n<p class=\"standard\">Mais ce 28 mai 2025 au matin, c\u2019est l\u2019un des auteurs-compositeurs les plus appr\u00e9ci\u00e9s du public qui aura droit \u00e0 sa statue. <strong>Vianney aura en effet l\u2019honneur<\/strong> de retrouver une cr\u00e9ation \u00e0 son image. Elle a n\u00e9cessit\u00e9 six mois de travail, dont de longues s\u00e9ances de pose pour le mod\u00e8le. Les visiteurs pourront voir le r\u00e9sultat \u201cen chair et en os\u201d dans ce lieu incontournable de la capitale qui ne cesse d\u2019innover pour attirer petits et grands.<\/p>\n<p>La suite apr\u00e8s cette publicit\u00e9<\/p>\n<p>Vianney arrive au Mus\u00e9e Gr\u00e9vin<\/p>\n<p class=\"standard\">Comment cr\u00e9e-t-on une statue de cire au Mus\u00e9e Gr\u00e9vin ? Il faut tout d\u2019abord relever les informations n\u00e9cessaires \u00e0 la fabrication du personnage. Les artisans r\u00e9alisent des photos, des vid\u00e9os, des images en 3D, des mesures du visage et du corps. Sont \u00e9galement observ\u00e9es les nuances des couleurs des yeux et de la peau du mod\u00e8le. Puis dans un second temps, <strong>Vianney a \u00e9t\u00e9 confront\u00e9 au modelage en plastiline<\/strong> et les derniers d\u00e9tails ont ensuite \u00e9t\u00e9 effectu\u00e9s, comme la coiffure ou le maquillage.<\/p>\n<p class=\"standard\">La statue de l\u2019interpr\u00e8te de Pas l\u00e0 enfin pr\u00eate, elle a \u00e9t\u00e9 pr\u00e9sent\u00e9e ce 27 mai en avant-premi\u00e8re \u00e0 la presse. Auf\u00e9minin y \u00e9tait pour d\u00e9couvrir le r\u00e9sultat, tout comme Nikos Aliagas, animateur de The Voice. Depuis 2021, l\u2019artiste de 34 ans est en effet <a href=\"https:\/\/www.aufeminin.com\/tele-dvd\/the-voice-2025-c-etait-la-toute-premiere-fois-il-cello-donne-les-clefs-de-sa-victoire-s4113855.html\" target=\"_blank\" rel=\"noopener\">coach pour le t\u00e9l\u00e9-crochet de TF1<\/a>. Et le pr\u00e9sentateur a eu des mots touchants pour rendre hommage \u00e0 son coll\u00e8gue et ami : \u201c<strong>Remplir une salle, c\u2019est fort. Remplir une \u00e2me, c\u2019est encore plus fort<\/strong>\u201d. Qu\u2019en a pens\u00e9 le principal int\u00e9ress\u00e9 ?<\/p>\n<p>La suite apr\u00e8s cette publicit\u00e9<\/p>\n<p>La r\u00e9action du chanteur face \u00e0 sa statue de cire<\/p>\n<p class=\"standard\">Au Mus\u00e9e Gr\u00e9vin, Vianney a fait une confession : il n\u2019\u00e9tait pas \u00e0 l\u2019aise avec l\u2019id\u00e9e de la statue de cire. Il n\u2019y voyait qu\u2019une enveloppe et admet : <strong>\u201cC\u2019est quelque chose que je n\u2019avais pas pr\u00e9vu du tout. Vraiment pas sur la liste de mes projets, de mes r\u00eaves<\/strong>\u201d. Il a pourtant vu le bonheur chez ses proches \u00e0 l\u2019id\u00e9e d\u2019obtenir cette sorte d\u2019accomplissement et l\u2019a donc fait, au d\u00e9but, pour ceux qu\u2019il aime.<\/p>\n<p>La suite apr\u00e8s cette publicit\u00e9<\/p>\n<p class=\"standard\">Mais c\u2019est Nikos Aliagas qui lui a ouvert les yeux : \u201cCe n\u2019est pas rien tu sais, ce n\u2019est pas qu\u2019une enveloppe\u201d, lui a-t-il dit. Se voyant avant tout comme un p\u00e8re, un beau-p\u00e8re, un fils, Vianney ne voyait pas l\u2019int\u00e9r\u00eat pour le public de l\u2019admirer. Il a pourtant compris que ce que les visiteurs iraient voir, ce serait le chanteur. Et lui-m\u00eame l\u2019admet : il aurait aim\u00e9 voir les statues d\u2019artistes qu\u2019il appr\u00e9ciait. Il conclut donc par un remerciement venu \u201cdu fond du coeur\u201d adress\u00e9 \u00e0 l\u2019Acad\u00e9mie Gr\u00e9vin. Et il n\u2019oublie pas son gar\u00e7on : \u00ab\u00a0<strong>Je vais devoir revenir avec mon fils, il y a ses stars ici aussi : la Pat Patrouille<\/strong>\u00ab\u00a0. Pour clore cette belle soir\u00e9e, il y a offert au public pr\u00e9sent un live improvis\u00e9 de sa reprise du titre Hallelujah&#8230; sous le regard de son double de cire. Un moment suspendu.<\/p>\n<p>La suite apr\u00e8s cette publicit\u00e9<\/p>\n<p>    <a href=\"https:\/\/www.aufeminin.com\/author\/27237\" target=\"_blank\" rel=\"noopener\"><br \/>\n        <img loading=\"lazy\" decoding=\"async\" src=\"https:\/\/www.europesays.com\/fr\/wp-content\/uploads\/2025\/05\/1006955874_s50.jpg\" width=\"50\" height=\"50\" alt=\"Charlotte Loisy\"\/><br \/>\n    <\/a><\/p>\n<p>R\u00e9dactrice pour Aufeminin depuis 2022, Charlotte est une passionn\u00e9e de cin\u00e9ma, fran\u00e7ais et international, et une liseuse de bonnes aventures. Curieuse de tout, elle parle autant de personnalit\u00e9s que de \u2026<\/p>\n","protected":false},"excerpt":{"rendered":"Comme Clara Luciani et Kendji Girac et bien d&rsquo;autres stars, Vianney fait son entr\u00e9e au Mus\u00e9e Gr\u00e9vin. Voici&hellip;\n","protected":false},"author":2,"featured_media":133518,"comment_status":"","ping_status":"","sticky":false,"template":"","format":"standard","meta":{"footnotes":""},"categories":[8],"tags":[19009,1696,58,59,1011,27,1713,10827,8475],"class_list":{"0":"post-133517","1":"post","2":"type-post","3":"status-publish","4":"format-standard","5":"has-post-thumbnail","7":"category-divertissement","8":"tag-actualitu00e9s","9":"tag-chanteur","10":"tag-divertissement","11":"tag-entertainment","12":"tag-fr","13":"tag-france","14":"tag-news-people","15":"tag-nikos-aliagas","16":"tag-vianney"},"share_on_mastodon":{"url":"https:\/\/pubeurope.com\/@fr\/114583791483111351","error":""},"_links":{"self":[{"href":"https:\/\/www.europesays.com\/fr\/wp-json\/wp\/v2\/posts\/133517","targetHints":{"allow":["GET"]}}],"collection":[{"href":"https:\/\/www.europesays.com\/fr\/wp-json\/wp\/v2\/posts"}],"about":[{"href":"https:\/\/www.europesays.com\/fr\/wp-json\/wp\/v2\/types\/post"}],"author":[{"embeddable":true,"href":"https:\/\/www.europesays.com\/fr\/wp-json\/wp\/v2\/users\/2"}],"replies":[{"embeddable":true,"href":"https:\/\/www.europesays.com\/fr\/wp-json\/wp\/v2\/comments?post=133517"}],"version-history":[{"count":0,"href":"https:\/\/www.europesays.com\/fr\/wp-json\/wp\/v2\/posts\/133517\/revisions"}],"wp:featuredmedia":[{"embeddable":true,"href":"https:\/\/www.europesays.com\/fr\/wp-json\/wp\/v2\/media\/133518"}],"wp:attachment":[{"href":"https:\/\/www.europesays.com\/fr\/wp-json\/wp\/v2\/media?parent=133517"}],"wp:term":[{"taxonomy":"category","embeddable":true,"href":"https:\/\/www.europesays.com\/fr\/wp-json\/wp\/v2\/categories?post=133517"},{"taxonomy":"post_tag","embeddable":true,"href":"https:\/\/www.europesays.com\/fr\/wp-json\/wp\/v2\/tags?post=133517"}],"curies":[{"name":"wp","href":"https:\/\/api.w.org\/{rel}","templated":true}]}}