{"id":133525,"date":"2025-05-28T05:27:09","date_gmt":"2025-05-28T05:27:09","guid":{"rendered":"https:\/\/www.europesays.com\/fr\/133525\/"},"modified":"2025-05-28T05:27:09","modified_gmt":"2025-05-28T05:27:09","slug":"olivier-faure-et-nicolas-mayer-rossignol-en-tete-dun-premier-tour-tres-serre-pour-lelection-a-la-tete-du-ps","status":"publish","type":"post","link":"https:\/\/www.europesays.com\/fr\/133525\/","title":{"rendered":"Olivier Faure et Nicolas Mayer-Rossignol en t\u00eate d\u2019un premier tour tr\u00e8s serr\u00e9 pour l\u2019\u00e9lection \u00e0 la t\u00eate du PS"},"content":{"rendered":"<p>        <img decoding=\"async\" loading=\"lazy\" src=\"https:\/\/www.europesays.com\/fr\/wp-content\/uploads\/2025\/05\/36db7b4_1674176562250-000-337c38q.jpg\"  width=\"728\" height=\"410\" alt=\"Nicolas Mayer-Rossignol et Olivier Faure seront oppos\u00e9s \u00e0 un second tour le 5\u00a0juin pour l\u2019\u00e9lection \u00e0 la t\u00eate du Parti socialiste.\"\/>  <\/p>\n<p>STEFANO RELLANDINI, JOEL SAGET \/ AFP<\/p>\n<p>Nicolas Mayer-Rossignol et Olivier Faure seront oppos\u00e9s \u00e0 un second tour le 5\u00a0juin pour l\u2019\u00e9lection \u00e0 la t\u00eate du Parti socialiste.<\/p>\n<p class=\"asset asset-text\">POLITIQUE &#8211; Un match tr\u00e8s serr\u00e9. Les <a href=\"https:\/\/www.huffingtonpost.fr\/politique\/article\/avant-le-congres-du-ps-comment-le-challenger-boris-vallaud-tente-de-se-frayer-un-chemin_249782.html\" target=\"_blank\" rel=\"noopener\">socialistes<\/a> ont\u00a0vot\u00e9 pour d\u00e9signer leur Premier secr\u00e9taire mardi 27\u00a0mai, et ils seront contraints \u00e0 un second tour entre le premier secr\u00e9taire sortant, le d\u00e9put\u00e9 Olivier Faure, et son principal concurrent, le maire de Rouen <a href=\"https:\/\/www.huffingtonpost.fr\/politique\/article\/pour-le-congres-du-ps-cet-ancien-patron-des-socialistes-vote-nicolas-mayer-rossignol_250434.html\" target=\"_blank\" rel=\"noopener\">Nicolas Mayer-Rossignol<\/a>.<\/p>\n<p class=\"asset asset-text\">Selon les r\u00e9sultats provisoires communiqu\u00e9s dans la nuit de mardi \u00e0 ce mercredi 28\u00a0mai par les entourages <a href=\"https:\/\/www.huffingtonpost.fr\/politique\/article\/voici-les-trois-candidats-officiels-qui-s-affronteront-pour-prendre-la-tete-du-ps_249284.html\" target=\"_blank\" rel=\"noopener\">des trois candidats<\/a>, Olivier Faure est arriv\u00e9 en t\u00eate du premier tour. Son entourage revendique un score d\u2019environ 42\u00a0%, contre 40\u00a0% pour Nicolas Mayer-Rossignol (soit un \u00e9cart d\u2019environ 500 voix) et 18\u00a0% pour Boris Vallaud.<\/p>\n<p class=\"asset asset-text\">L\u2019\u00e9quipe du maire de Rouen \u00e9voque un score plus serr\u00e9 de 41\u00a0%-41\u00a0%, avec seulement quelques voix de plus pour le premier secr\u00e9taire sortant. Les proches de Boris Vallaud donnent pour leur part un score d\u2019environ 20\u00a0% au d\u00e9put\u00e9 des Landes. Les r\u00e9sultats d\u00e9finitifs seront communiqu\u00e9s mercredi \u00e0 l\u2019issue d\u2019une commission de recollement, qui pourrait \u00eatre tendue.<\/p>\n<p class=\"asset asset-text\">Un second tour aura donc lieu le 5\u00a0juin entre Olivier Faure et Nicolas Mayer-Rossignol avant un Congr\u00e8s pr\u00e9vu du 13 au 15\u00a0juin \u00e0 Nancy. Boris Vallaud, \u00e9limin\u00e9, se retrouve en position de faiseur de roi entre les deux candidats qui s\u2019\u00e9taient d\u00e9j\u00e0 affront\u00e9s lors du pr\u00e9c\u00e9dent congr\u00e8s en 2023.<\/p>\n<p class=\"asset asset-text\">Les adh\u00e9rents \u2013 quelque 40\u00a0000 comptabilis\u00e9s, et environ 23\u00a0000 votants au final \u2013 \u00e9taient invit\u00e9s \u00e0 voter dans les sections de 17h \u00e0 22h, pour ce premier tour destin\u00e9 \u00e0 choisir le prochain texte d\u2019orientation du parti, avec pour principal enjeu la strat\u00e9gie pour la pr\u00e9sidentielle de 2027.<\/p>\n","protected":false},"excerpt":{"rendered":"STEFANO RELLANDINI, JOEL SAGET \/ AFP Nicolas Mayer-Rossignol et Olivier Faure seront oppos\u00e9s \u00e0 un second tour le&hellip;\n","protected":false},"author":2,"featured_media":133526,"comment_status":"","ping_status":"","sticky":false,"template":"","format":"standard","meta":{"footnotes":""},"categories":[4],"tags":[11,1011,27,2383,12,4393,4484,316,25],"class_list":{"0":"post-133525","1":"post","2":"type-post","3":"status-publish","4":"format-standard","5":"has-post-thumbnail","7":"category-france","8":"tag-actualites","9":"tag-fr","10":"tag-france","11":"tag-gauche","12":"tag-news","13":"tag-olivier-faure","14":"tag-parti-socialiste-ps","15":"tag-politique","16":"tag-republique-francaise"},"share_on_mastodon":{"url":"https:\/\/pubeurope.com\/@fr\/114583807216726550","error":""},"_links":{"self":[{"href":"https:\/\/www.europesays.com\/fr\/wp-json\/wp\/v2\/posts\/133525","targetHints":{"allow":["GET"]}}],"collection":[{"href":"https:\/\/www.europesays.com\/fr\/wp-json\/wp\/v2\/posts"}],"about":[{"href":"https:\/\/www.europesays.com\/fr\/wp-json\/wp\/v2\/types\/post"}],"author":[{"embeddable":true,"href":"https:\/\/www.europesays.com\/fr\/wp-json\/wp\/v2\/users\/2"}],"replies":[{"embeddable":true,"href":"https:\/\/www.europesays.com\/fr\/wp-json\/wp\/v2\/comments?post=133525"}],"version-history":[{"count":0,"href":"https:\/\/www.europesays.com\/fr\/wp-json\/wp\/v2\/posts\/133525\/revisions"}],"wp:featuredmedia":[{"embeddable":true,"href":"https:\/\/www.europesays.com\/fr\/wp-json\/wp\/v2\/media\/133526"}],"wp:attachment":[{"href":"https:\/\/www.europesays.com\/fr\/wp-json\/wp\/v2\/media?parent=133525"}],"wp:term":[{"taxonomy":"category","embeddable":true,"href":"https:\/\/www.europesays.com\/fr\/wp-json\/wp\/v2\/categories?post=133525"},{"taxonomy":"post_tag","embeddable":true,"href":"https:\/\/www.europesays.com\/fr\/wp-json\/wp\/v2\/tags?post=133525"}],"curies":[{"name":"wp","href":"https:\/\/api.w.org\/{rel}","templated":true}]}}