{"id":133529,"date":"2025-05-28T05:29:09","date_gmt":"2025-05-28T05:29:09","guid":{"rendered":"https:\/\/www.europesays.com\/fr\/133529\/"},"modified":"2025-05-28T05:29:09","modified_gmt":"2025-05-28T05:29:09","slug":"jen-ai-ras-le-bol-de-ce-quartier","status":"publish","type":"post","link":"https:\/\/www.europesays.com\/fr\/133529\/","title":{"rendered":"J&rsquo;en ai ras-le-bol de ce quartier"},"content":{"rendered":"<p>            Par<br \/>\n        <strong><br \/>\n            <a href=\"https:\/\/actu.fr\/auteur\/mathias-souteyrat\" title=\"Consulter tous les articles de Mathias Souteyrat\" rel=\"nofollow noopener\" target=\"_blank\">Mathias Souteyrat<\/a><br \/>\n        <\/strong><\/p>\n<p>        Publi\u00e9 le<\/p>\n<p>            27 mai 2025 \u00e0 11h42        <\/p>\n<p>Voitures, moto et parking en feu, fuite de gaz\u2026 La ville de Saint-Etienne a \u00e9t\u00e9 le th\u00e9\u00e2tre de plusieurs incendies volontaires dans la matin\u00e9e du dimanche 25 mai 2025, mobilisant fortement <a href=\"https:\/\/actu.fr\/auvergne-rhone-alpes\/saint-etienne_42218\/saint-etienne-pompiers-et-policiers-de-partout-ce-qu-il-s-est-passe-dans-ce-quartier_62686011.html\" rel=\"nofollow noopener\" target=\"_blank\">les sapeurs-pompiers et policiers<\/a>. La col\u00e8re des habitants du quartier concern\u00e9 par ces faits se fait entendre sur les r\u00e9seaux sociaux.<\/p>\n<p>\u00ab\u00a0Ce quartier se d\u00e9grade de jour en jour\u00a0\u00bb<\/p>\n<p class=\" wall-content\">\u00ab\u2009Ben merci hein, juste en face de chez moi, encore la derni\u00e8re fois, d\u00e9j\u00e0 \u00e0 deux doigts d\u2019\u00e9vacuer mon logement\u2026 Ce matin \u00e7a puait tellement [\u2026] les fum\u00e9es toxiques se sont infiltr\u00e9es partout malgr\u00e9 les fen\u00eatres et les volets ferm\u00e9s, j\u2019en ai ras-le-bol de ce quartier qui se d\u00e9grade de jour en jour [\u2026]. \u00bb, t\u00e9moigne une riveraine du <strong>quartier Bellevue<\/strong> de Saint-Etienne sur les r\u00e9seaux sociaux.<\/p>\n<p>\u00ab\u2009L\u2019intervention de tierces personnes ne fait peu de doute\u2009\u00bb<\/p>\n<p class=\" wall-content\">Contact\u00e9s, les services de police nous indiquent que les investigations avancent pour d\u00e9terminer les causes de ces incendies. \u00ab\u2009Une enqu\u00eate est en cours. L\u2019intervention de tierces personnes ne fait peu de doute\u2009\u00bb, confie une source proche de l\u2019enqu\u00eate.<\/p>\n<p class=\" wall-content\">L\u2019exploitation <strong>des cam\u00e9ras de vid\u00e9osurveillance<\/strong> pourrait jouer un r\u00f4le important. Aucune interpellation n\u2019a \u00e9t\u00e9 r\u00e9alis\u00e9e.<\/p>\n<p class=\" wall-content\">Le parquet st\u00e9phanois n\u2019a pas r\u00e9pondu \u00e0 nos sollicitations.<\/p>\n<p>11 v\u00e9hicules incendi\u00e9s dans la matin\u00e9e<\/p>\n<p class=\" wall-content\">Rappel de la chronologie des faits. Dimanche, \u00e0 6h42, des rues du quartier de Bellevue sont en proie aux flammes, n\u00e9cessitant l\u2019engagement du chef de colonne et d\u2019un poste de commandement des sapeurs-pompiers.<\/p>\n<p class=\" wall-content\">Deux secteurs ont \u00e9t\u00e9 vis\u00e9s, notamment dans la <strong>rue Thimonnier<\/strong>\u2009:<\/p>\n<ul class=\" wall-content\">\n<li>Feu de parking couvert au rez-de-chauss\u00e9e d\u2019un b\u00e2timent \u00e0 usage d\u2019habitation de cinq \u00e9tages.<\/li>\n<li>Une moto et un v\u00e9hicule l\u00e9ger totalement embras\u00e9s.<\/li>\n<li>Une canalisation gaz soumise \u00e0 la chaleur.<\/li>\n<\/ul>\n<p class=\" wall-content\">La ventilation a \u00e9t\u00e9 difficile du fait de l\u2019agencement des locaux.<\/p>\n<p class=\" wall-content\">Un point de regroupement des victimes a \u00e9t\u00e9 mis en place\u2009: 25\u00a0personnes pass\u00e9es au RAD57 (appareil permettant de mesurer le taux de CO dans l\u2019oxyg\u00e8ne) dont deux policiers nationaux. Aucune personne n\u2019a \u00e9t\u00e9 transport\u00e9e vers un centre hospitalier, ni \u00e9t\u00e9 relog\u00e9e.<\/p>\n<p>Des v\u00e9hicules incendi\u00e9s boulevard Chantalouette et rue Moulinier<\/p>\n<p>\u00c0 6h11, sur le boulevard Chantalouette, deux v\u00e9hicules l\u00e9gers ont \u00e9t\u00e9 totalement embras\u00e9s. Une lance a permis d\u2019\u00e9teindre le sinistre.<\/p>\n<p>\u00c0 6h26, rue Moulinier, trois v\u00e9hicules l\u00e9gers ont \u00e9t\u00e9 totalement embras\u00e9s avec une fuite de gaz enflamm\u00e9e sur coffret gaz. Les relev\u00e9s explosim\u00e8tres sont nuls dans le b\u00e2timent \u00e0 proximit\u00e9. 193 clients impact\u00e9s par la coupure gaz r\u00e9alis\u00e9e par GRDF.<\/p>\n<p>Voir tout<\/p>\n<p class=\" wall-content\">Dans la <strong>rue Chomier<\/strong>\u2009:<\/p>\n<ul class=\" wall-content\">\n<li>Quatre v\u00e9hicules l\u00e9gers ont \u00e9t\u00e9 enti\u00e8rement embras\u00e9s.<\/li>\n<li>D\u00e9g\u00e2ts sur la fa\u00e7ade en face \u00e0 cause du rayonnement thermique.<\/li>\n<\/ul>\n<p class=\" wall-content\">Au total, <strong>11 v\u00e9hicules ont \u00e9t\u00e9 incendi\u00e9s<\/strong> dans cette seule matin\u00e9e.<\/p>\n<p class=\" wall-content\">Suivez toute l\u2019actualit\u00e9 de vos villes et m\u00e9dias favoris en vous inscrivant \u00e0 <a href=\"https:\/\/moncompte.actu.fr\" title=\"D\u00e9couvez Mon Actu\" rel=\"nofollow noopener\" data-trk=\"{&quot;cta&quot;:{&quot;action&quot;:&quot;https:\\\/\\\/moncompte.actu.fr&quot;,&quot;category&quot;:&quot;mon compte&quot;,&quot;from&quot;:&quot;article footer&quot;,&quot;name&quot;:&quot;Mon actu&quot;,&quot;type&quot;:&quot;cta&quot;}}\" target=\"_blank\">Mon Actu<\/a>.<\/p>\n","protected":false},"excerpt":{"rendered":"Par Mathias Souteyrat Publi\u00e9 le 27 mai 2025 \u00e0 11h42 Voitures, moto et parking en feu, fuite de&hellip;\n","protected":false},"author":2,"featured_media":133530,"comment_status":"","ping_status":"","sticky":false,"template":"","format":"standard","meta":{"footnotes":""},"categories":[9653],"tags":[1111,11,2430,1777,674,118,1011,27,1310,12,1072,1311,25,4001],"class_list":{"0":"post-133529","1":"post","2":"type-post","3":"status-publish","4":"format-standard","5":"has-post-thumbnail","7":"category-saint-etienne","8":"tag-actu","9":"tag-actualites","10":"tag-auvergne-rhone-alpes","11":"tag-eu","12":"tag-europe","13":"tag-faits-divers","14":"tag-fr","15":"tag-france","16":"tag-incendie","17":"tag-news","18":"tag-police","19":"tag-pompiers","20":"tag-republique-francaise","21":"tag-saint-etienne"},"share_on_mastodon":{"url":"https:\/\/pubeurope.com\/@fr\/114583815008463476","error":""},"_links":{"self":[{"href":"https:\/\/www.europesays.com\/fr\/wp-json\/wp\/v2\/posts\/133529","targetHints":{"allow":["GET"]}}],"collection":[{"href":"https:\/\/www.europesays.com\/fr\/wp-json\/wp\/v2\/posts"}],"about":[{"href":"https:\/\/www.europesays.com\/fr\/wp-json\/wp\/v2\/types\/post"}],"author":[{"embeddable":true,"href":"https:\/\/www.europesays.com\/fr\/wp-json\/wp\/v2\/users\/2"}],"replies":[{"embeddable":true,"href":"https:\/\/www.europesays.com\/fr\/wp-json\/wp\/v2\/comments?post=133529"}],"version-history":[{"count":0,"href":"https:\/\/www.europesays.com\/fr\/wp-json\/wp\/v2\/posts\/133529\/revisions"}],"wp:featuredmedia":[{"embeddable":true,"href":"https:\/\/www.europesays.com\/fr\/wp-json\/wp\/v2\/media\/133530"}],"wp:attachment":[{"href":"https:\/\/www.europesays.com\/fr\/wp-json\/wp\/v2\/media?parent=133529"}],"wp:term":[{"taxonomy":"category","embeddable":true,"href":"https:\/\/www.europesays.com\/fr\/wp-json\/wp\/v2\/categories?post=133529"},{"taxonomy":"post_tag","embeddable":true,"href":"https:\/\/www.europesays.com\/fr\/wp-json\/wp\/v2\/tags?post=133529"}],"curies":[{"name":"wp","href":"https:\/\/api.w.org\/{rel}","templated":true}]}}