{"id":133533,"date":"2025-05-28T05:31:07","date_gmt":"2025-05-28T05:31:07","guid":{"rendered":"https:\/\/www.europesays.com\/fr\/133533\/"},"modified":"2025-05-28T05:31:07","modified_gmt":"2025-05-28T05:31:07","slug":"voici-les-magasins-ouverts-a-nancy-et-a-metz","status":"publish","type":"post","link":"https:\/\/www.europesays.com\/fr\/133533\/","title":{"rendered":"voici les magasins ouverts \u00e0 Nancy\u00a0et\u00a0\u00e0\u00a0Metz"},"content":{"rendered":"<p>            Par<br \/>\n        <strong><br \/>\n            <a href=\"https:\/\/actu.fr\/auteur\/amandine-mehl\" title=\"Consulter tous les articles de Amandine Mehl\" rel=\"nofollow noopener\" target=\"_blank\">Amandine Mehl<\/a><br \/>\n        <\/strong><\/p>\n<p>        Publi\u00e9 le<\/p>\n<p>            28 mai 2025 \u00e0 7h02        <\/p>\n<p>Pour le plus grand plaisir de bon nombre de travailleurs, cette semaine va \u00eatre <strong>entrecoup\u00e9e d\u2019un jour f\u00e9ri\u00e9<\/strong> avec le jeudi 29\u00a0mai, soit le jeudi de l\u2019Ascension.<\/p>\n<p class=\" wall-content\">Si vous souhaitez en profiter pour faire des emplettes, voici une liste non exhaustive des <a href=\"https:\/\/actu.fr\/tag\/commerce\" rel=\"nofollow noopener\" target=\"_blank\">commerces<\/a> qui seront <strong>ouverts<\/strong> ou <strong>ferm\u00e9s<\/strong> \u00e0 <strong>Nancy<\/strong> et \u00e0 <strong>Metz<\/strong>.<\/p>\n<p>Les magasins ouverts \u00e0 Nancy et ses environs<\/p>\n<p class=\" wall-content\">\u00c0 Nancy et ses environs, de <strong>nombreux magasins<\/strong> ouvriront leurs portes, certains avec des horaires modifi\u00e9s. On peut notamment citer\u2009:<\/p>\n<ul class=\" wall-content\">\n<li><strong>Centre commercial Saint-S\u00e9bastien Nancy<\/strong>, de 9h30 \u00e0 19h30\u2009;<\/li>\n<li><strong>E. Leclerc<\/strong> Vand\u0153uvre-l\u00e8s-Nancy, de 9h \u00e0 19h\u2009;<\/li>\n<li><strong>E. Leclerc<\/strong> Nancy 2 Rives, de 9h \u00e0 13h\u2009;<\/li>\n<li><strong>E. Leclerc<\/strong> Frouard, de 9h \u00e0 19h\u2009;<\/li>\n<li><strong>Auchan<\/strong> Nancy Lobau, de 9h \u00e0 20h\u2009;<\/li>\n<li><strong>Auchan<\/strong> Laxou, de 9h \u00e0 20h\u2009;<\/li>\n<li><strong>Auchan<\/strong> Tomblaine, de 9h \u00e0 20h\u2009;<\/li>\n<li><strong>Centre commercial Shop\u2019in Houdemont<\/strong>, de 10h \u00e0 18h30\u2009;<\/li>\n<li><strong>Carrefour<\/strong> Nancy-Houdemont, de 9h \u00e0 20h\u2009;<\/li>\n<li><strong>Carrefour <\/strong>Essey-l\u00e8s-Nancy, de 9h \u00e0 19h\u2009;<\/li>\n<li><strong>Carrefour Contact<\/strong> Nancy Keller, de 9h \u00e0 18h\u2009;<\/li>\n<li><strong>Carrefour Contact<\/strong> Nancy Jeanne-d\u2019Arc, de 9h \u00e0 13h\u2009;<\/li>\n<li><strong>Carrefour City<\/strong> Nancy rue Saint-Nicolas de 9h \u00e0 13h\u2009;<\/li>\n<li><strong>Carrefour City<\/strong> Nancy Vieux-Gourmet de 9h \u00e0 22h\u2009;<\/li>\n<li><strong>Carrefour City<\/strong> Nancy Strasbourg de 9h \u00e0 13h\u2009;<\/li>\n<li><strong>Carrefour Express<\/strong> Nancy Saint-Dizier, de 9h \u00e0 13h\u2009;<\/li>\n<li><strong>Carrefour Express<\/strong> Nancy Saint-Epvre, de 9h \u00e0 13h\u2009;<\/li>\n<li><strong>Carrefour Express<\/strong> Nancy Jaur\u00e8s, de 9h \u00e0 12h45\u2009;<\/li>\n<li><strong>Carrefour Express<\/strong> Nancy Commanderie, de 9h \u00e0 21h\u2009;<\/li>\n<li><strong>Carrefour Express<\/strong> Nancy Craffe, de 9h \u00e0 13h\u2009;<\/li>\n<li><strong>Carrefour Express<\/strong> Nancy Foch, de 8h \u00e0 22h\u2009;<\/li>\n<li><strong>Carrefour Express<\/strong> Nancy L\u00e9opold, de 9h \u00e0 20h\u2009;<\/li>\n<li><strong>Decathlon<\/strong> Houdemont, de 10h \u00e0 18h30\u2009;<\/li>\n<li><strong>Fnac<\/strong> Nancy, de 11h \u00e0 19h.<\/li>\n<\/ul>\n<p>Les magasins ouverts \u00e0 Metz et ses alentours<\/p>\n<p class=\" wall-content\">Du c\u00f4t\u00e9 de Metz, \u00e0 l\u2019instar des pr\u00e9c\u00e9dents jours f\u00e9ri\u00e9s, <strong>peu de magasins seront ouverts<\/strong>. Voici la liste\u2009:<\/p>\n<ul class=\" wall-content\">\n<li><a href=\"https:\/\/actu.fr\/tag\/centre-commercial-muse\" rel=\"nofollow noopener\" target=\"_blank\">Centre commercial Muse<\/a> Metz\u2009: ferm\u00e9\u2009;<\/li>\n<li><a href=\"https:\/\/actu.fr\/tag\/centre-commercial-waves\" rel=\"nofollow noopener\" target=\"_blank\">Centre commercial Waves Actisud<\/a> Moulins-l\u00e8s-Metz\u2009: ferm\u00e9\u2009;<\/li>\n<li><strong>E. Leclerc<\/strong> Marly\u2009: ferm\u00e9\u2009;<\/li>\n<li><strong>Auchan<\/strong> Metz XXe-Corps\u2009: ferm\u00e9\u2009;<\/li>\n<li><strong>Auchan<\/strong> Sem\u00e9court\u2009: ferm\u00e9\u2009;<\/li>\n<li><strong>Auchan<\/strong> Metz-Planti\u00e8res\u2009: ferm\u00e9\u2009;<\/li>\n<li><strong>Auchan<\/strong> Metz-Patrotte\u2009: ferm\u00e9\u2009;<\/li>\n<li><strong>Carrefour City<\/strong> Metz Clercs, de 9h \u00e0 13h\u2009;<\/li>\n<li><strong>Carrefour City<\/strong> Metz avenue de Nancy, de 9h \u00e0 12h\u2009;<\/li>\n<li><strong>Carrefour City<\/strong> Metz Saint-Simplice, de 9h \u00e0 13h\u2009;<\/li>\n<li><strong>Carrefour<\/strong> Metz-Technop\u00f4le, de 9h \u00e0 19h\u2009;<\/li>\n<li><strong>Carrefour<\/strong> Moulins-l\u00e8s-Metz\u2009: ferm\u00e9\u2009;<\/li>\n<li><strong>Carrefour Express<\/strong> Metz Arsenal, de 9h \u00e0 12h30\u2009;<\/li>\n<li><strong>Carrefour Express<\/strong> Metz Gambetta, de 9h \u00e0 13h\u2009;<\/li>\n<li><strong>Carrefour Express<\/strong> Metz Coislin, de 8h \u00e0 20h\u2009;<\/li>\n<li><strong>Carrefour Express<\/strong> Metz Robert, de 9h \u00e0 21h\u2009;<\/li>\n<li><strong>IKEA La Maxe<\/strong>\u2009: ferm\u00e9\u2009;<\/li>\n<li><strong>Fnac<\/strong> Metz\u2009: ferm\u00e9\u2009;<\/li>\n<li><strong>Decathlon<\/strong> Metz-Augny\u2009: ferm\u00e9.<\/li>\n<\/ul>\n<p class=\" wall-content\">Ainsi, les habitants de Metz et ses alentours souhaitant faire les boutiques devront <strong>prendre la direction de la Meurthe-et-Moselle<\/strong>.<\/p>\n<p class=\" wall-content\">Suivez toute l\u2019actualit\u00e9 de vos villes et m\u00e9dias favoris en vous inscrivant \u00e0 <a href=\"https:\/\/moncompte.actu.fr\" title=\"D\u00e9couvez Mon Actu\" rel=\"nofollow noopener\" data-trk=\"{&quot;cta&quot;:{&quot;action&quot;:&quot;https:\\\/\\\/moncompte.actu.fr&quot;,&quot;category&quot;:&quot;mon compte&quot;,&quot;from&quot;:&quot;article footer&quot;,&quot;name&quot;:&quot;Mon actu&quot;,&quot;type&quot;:&quot;cta&quot;}}\" target=\"_blank\">Mon Actu<\/a>.<\/p>\n","protected":false},"excerpt":{"rendered":"Par Amandine Mehl Publi\u00e9 le 28 mai 2025 \u00e0 7h02 Pour le plus grand plaisir de bon nombre&hellip;\n","protected":false},"author":2,"featured_media":133534,"comment_status":"","ping_status":"","sticky":false,"template":"","format":"standard","meta":{"footnotes":""},"categories":[9635],"tags":[1111,11,215,1777,674,1011,27,775,1702,12,25,104],"class_list":{"0":"post-133533","1":"post","2":"type-post","3":"status-publish","4":"format-standard","5":"has-post-thumbnail","7":"category-nancy","8":"tag-actu","9":"tag-actualites","10":"tag-commerce","11":"tag-eu","12":"tag-europe","13":"tag-fr","14":"tag-france","15":"tag-grand-est","16":"tag-nancy","17":"tag-news","18":"tag-republique-francaise","19":"tag-societe"},"share_on_mastodon":{"url":"https:\/\/pubeurope.com\/@fr\/114583823303180222","error":""},"_links":{"self":[{"href":"https:\/\/www.europesays.com\/fr\/wp-json\/wp\/v2\/posts\/133533","targetHints":{"allow":["GET"]}}],"collection":[{"href":"https:\/\/www.europesays.com\/fr\/wp-json\/wp\/v2\/posts"}],"about":[{"href":"https:\/\/www.europesays.com\/fr\/wp-json\/wp\/v2\/types\/post"}],"author":[{"embeddable":true,"href":"https:\/\/www.europesays.com\/fr\/wp-json\/wp\/v2\/users\/2"}],"replies":[{"embeddable":true,"href":"https:\/\/www.europesays.com\/fr\/wp-json\/wp\/v2\/comments?post=133533"}],"version-history":[{"count":0,"href":"https:\/\/www.europesays.com\/fr\/wp-json\/wp\/v2\/posts\/133533\/revisions"}],"wp:featuredmedia":[{"embeddable":true,"href":"https:\/\/www.europesays.com\/fr\/wp-json\/wp\/v2\/media\/133534"}],"wp:attachment":[{"href":"https:\/\/www.europesays.com\/fr\/wp-json\/wp\/v2\/media?parent=133533"}],"wp:term":[{"taxonomy":"category","embeddable":true,"href":"https:\/\/www.europesays.com\/fr\/wp-json\/wp\/v2\/categories?post=133533"},{"taxonomy":"post_tag","embeddable":true,"href":"https:\/\/www.europesays.com\/fr\/wp-json\/wp\/v2\/tags?post=133533"}],"curies":[{"name":"wp","href":"https:\/\/api.w.org\/{rel}","templated":true}]}}