{"id":133547,"date":"2025-05-28T05:38:08","date_gmt":"2025-05-28T05:38:08","guid":{"rendered":"https:\/\/www.europesays.com\/fr\/133547\/"},"modified":"2025-05-28T05:38:08","modified_gmt":"2025-05-28T05:38:08","slug":"cinq-bonnes-raisons-pour-y-aller","status":"publish","type":"post","link":"https:\/\/www.europesays.com\/fr\/133547\/","title":{"rendered":"cinq bonnes raisons pour y aller"},"content":{"rendered":"<p>            Par<br \/>\n        <strong><br \/>\n            <a href=\"https:\/\/actu.fr\/auteur\/julien-bouteiller\" title=\"Consulter tous les articles de Julien Bouteiller\" rel=\"nofollow noopener\" target=\"_blank\">Julien Bouteiller<\/a><br \/>\n        <\/strong><\/p>\n<p>        Publi\u00e9 le<\/p>\n<p>            28 mai 2025 \u00e0 7h32        <\/p>\n<p>Autrefois un peu ringardes, <a href=\"https:\/\/actu.fr\/normandie\/rouen_76540\/voici-le-programme-medieval-et-fantastique-des-fetes-jeanne-d-arc-de-rouen-a-orleans-on-nous-envie_62606362.html\" rel=\"nofollow noopener\" target=\"_blank\">les F\u00eates Jeanne-d\u2019Arc de Rouen<\/a> ont regagn\u00e9 en popularit\u00e9 et en ampleur ces derni\u00e8res ann\u00e9es. Elles d\u00e9marrent <strong>ce jeudi 29\u00a0mai 2025<\/strong>, et on vous donne <strong>cinq bonnes raisons d\u2019y aller.<\/strong><\/p>\n<p>C\u2019est spectaculaire\u2009!<\/p>\n<p class=\" wall-content\">On aime le spectacle ici, et voir la ville s\u2019animer un peu partout, \u00e7a nous fait franchement plaisir. On vous conseille <strong>les bals m\u00e9di\u00e9vaux \u00e0 19h30<\/strong>, esplanade Marcel-Duchamp et place des Emmur\u00e9es, pour d\u00e9couvrir des danseurs costum\u00e9s.<\/p>\n<p class=\" wall-content\">On a h\u00e2te aussi vendredi, \u00e0 22h30, de voir <strong>des artistes danser avec la lumi\u00e8re et les flammes<\/strong>.<\/p>\n<p class=\" wall-content\">On se sent aussi comme un enfant devant <strong>les d\u00e9monstrations de combat \u00e0 l\u2019\u00e9p\u00e9e<\/strong>, qui se d\u00e9roulent cette ann\u00e9e \u00e0 l\u2019Espace du Palais.<\/p>\n<p>C\u2019est gourmand\u2009!<\/p>\n<p class=\" wall-content\">Parce qu\u2019on aime bien manger (<a href=\"https:\/\/actu.fr\/normandie\/rouen_76540\/combien-ca-coute-de-se-faire-un-repas-complet-sur-la-fete-du-ventre-a-rouen-on-a-teste-pour-vous_61726714.html\" rel=\"nofollow noopener\" target=\"_blank\">vive la F\u00eate du Ventre\u2009!<\/a>), on va prendre plaisir \u00e0 savourer les saveurs (plus ou moins) m\u00e9di\u00e9vales propos\u00e9es durant ces jours de f\u00eates. Rendez-vous pour cela <strong>\u00e0 l\u2019espace de restauration devant le Mus\u00e9e des Beaux-Arts<\/strong> o\u00f9 vous pourrez d\u00e9guster cr\u00eapes et vous d\u00e9salt\u00e9rer \u00e0 la taverne.<\/p>\n<p class=\" wall-content\">Vous pourrez aussi faire des achats <strong>sur l\u2019un des trois march\u00e9s m\u00e9di\u00e9vaux<\/strong>, devant les Beaux-Arts, au pied de la cath\u00e9drale et rue Jeanne-d\u2019Arc.<\/p>\n<p><strong>C\u2019est instructif\u2009!<\/strong><\/p>\n<p class=\" wall-content\">On peut d\u00e9couvrir plein de choses, tant sur Jeanne d\u2019Arc elle-m\u00eame que sur la p\u00e9riode m\u00e9di\u00e9vale.<\/p>\n<p class=\" wall-content\">Et surtout, il y a foule d\u2019ateliers et stands <strong>pour d\u00e9couvrir des savoir-faire<\/strong> comme la tannerie, l\u2019enluminure, le vitrail, la fabrication de fl\u00e8ches, la calli\u2019gravure, le tournage de bois, le tir \u00e0 l\u2019arbal\u00e8te, la forge\u2026 De quoi susciter des vocations peut-\u00eatre\u2009?<\/p>\n<p>Il y en a pour tout le monde<\/p>\n<p class=\" wall-content\">Les F\u00eates Jeanne-d\u2019Arc s\u2019adressent \u00e0 un large public.<strong> Les enfants pourront trouver leur compte<\/strong> avec un tournoi des tout-petits, des ateliers d\u00e9di\u00e9s, des rencontres avec des sorci\u00e8res, des contes\u2026<\/p>\n<p class=\" wall-content\">Les grands s\u2019\u00e9merveilleront aussi des diff\u00e9rentes activit\u00e9s, pourront faire du shopping sur les march\u00e9s m\u00e9di\u00e9vaux, d\u00e9couvrir la vie de Jeanne d\u2019Arc <strong>lors d\u2019un concert de Natacha St-Pier<\/strong>, d\u00e9couvrir les expos sp\u00e9ciales aux Beaux-Arts. Bref, un vrai programme familial\u2009!<\/p>\n<p>C\u2019est gratuit\u2009!<\/p>\n<p class=\" wall-content\">Et oui, il faut le souligner, la plupart des animations propos\u00e9es tout au long de ce weekend prolong\u00e9<strong> sont gratuites<\/strong>. Notez que les transports en commun du R\u00e9seau Astuce seront eux aussi gratuits de jeudi \u00e0 samedi. Comme quoi, on n\u2019est pas oblig\u00e9 de faire chauffer la carte bleue pour profiter d\u2019animations \u00e0 Rouen.<\/p>\n<p><a href=\"https:\/\/rouen.fr\/jeannedarc\" rel=\"nofollow noopener\" target=\"_blank\">Le programme complet sur le site de la Ville<\/a>Suivez l\u2019actualit\u00e9 de Rouen <a href=\"https:\/\/www.whatsapp.com\/channel\/0029VaKfnf99hXF2ddApFB1D\" rel=\"nofollow noopener\" target=\"_blank\">sur notre cha\u00eene WhatsApp<\/a> et <a href=\"https:\/\/www.tiktok.com\/@76actu.fr?lang=fr\" rel=\"nofollow noopener\" target=\"_blank\">sur notre compte TikTok<\/a><\/p>\n<p class=\" wall-content\">Suivez toute l\u2019actualit\u00e9 de vos villes et m\u00e9dias favoris en vous inscrivant \u00e0 <a href=\"https:\/\/moncompte.actu.fr\" title=\"D\u00e9couvez Mon Actu\" rel=\"nofollow noopener\" data-trk=\"{&quot;cta&quot;:{&quot;action&quot;:&quot;https:\\\/\\\/moncompte.actu.fr&quot;,&quot;category&quot;:&quot;mon compte&quot;,&quot;from&quot;:&quot;article footer&quot;,&quot;name&quot;:&quot;Mon actu&quot;,&quot;type&quot;:&quot;cta&quot;}}\" target=\"_blank\">Mon Actu<\/a>.<\/p>\n<ul class=\"ac-article-tag wall-content\">\n<li><a href=\"https:\/\/actu.fr\/tag\/bon-plan-a-rouen\" data-trk=\"{&quot;cta&quot;:{&quot;action&quot;:&quot;Bon plan \\u00e0 Rouen&quot;,&quot;category&quot;:&quot;tag&quot;,&quot;from&quot;:&quot;article footer&quot;,&quot;name&quot;:&quot;Bon plan \\u00e0 Rouen&quot;,&quot;type&quot;:&quot;cta&quot;}}\" rel=\"nofollow noopener\" target=\"_blank\">#Bon plan \u00e0 Rouen<\/a><\/li>\n<li><a href=\"https:\/\/actu.fr\/tag\/jeanne-d-arc\" data-trk=\"{&quot;cta&quot;:{&quot;action&quot;:&quot;Jeanne d\\u2019Arc&quot;,&quot;category&quot;:&quot;tag&quot;,&quot;from&quot;:&quot;article footer&quot;,&quot;name&quot;:&quot;Jeanne d\\u2019Arc&quot;,&quot;type&quot;:&quot;cta&quot;}}\" rel=\"nofollow noopener\" target=\"_blank\">#Jeanne d\u2019Arc<\/a><\/li>\n<\/ul>\n<p>                    <script async src=\"\/\/www.tiktok.com\/embed.js\"><\/script><\/p>\n","protected":false},"excerpt":{"rendered":"Par Julien Bouteiller Publi\u00e9 le 28 mai 2025 \u00e0 7h32 Autrefois un peu ringardes, les F\u00eates Jeanne-d\u2019Arc de&hellip;\n","protected":false},"author":2,"featured_media":133548,"comment_status":"","ping_status":"","sticky":false,"template":"","format":"standard","meta":{"footnotes":""},"categories":[9587],"tags":[1111,11,9086,1777,674,1011,27,14168,1652,12,5161,25,9590],"class_list":{"0":"post-133547","1":"post","2":"type-post","3":"status-publish","4":"format-standard","5":"has-post-thumbnail","7":"category-rouen","8":"tag-actu","9":"tag-actualites","10":"tag-bon-plan-a-rouen","11":"tag-eu","12":"tag-europe","13":"tag-fr","14":"tag-france","15":"tag-jeanne-darc","16":"tag-loisirs-culture","17":"tag-news","18":"tag-normandie","19":"tag-republique-francaise","20":"tag-rouen"},"share_on_mastodon":{"url":"https:\/\/pubeurope.com\/@fr\/114583850445236242","error":""},"_links":{"self":[{"href":"https:\/\/www.europesays.com\/fr\/wp-json\/wp\/v2\/posts\/133547","targetHints":{"allow":["GET"]}}],"collection":[{"href":"https:\/\/www.europesays.com\/fr\/wp-json\/wp\/v2\/posts"}],"about":[{"href":"https:\/\/www.europesays.com\/fr\/wp-json\/wp\/v2\/types\/post"}],"author":[{"embeddable":true,"href":"https:\/\/www.europesays.com\/fr\/wp-json\/wp\/v2\/users\/2"}],"replies":[{"embeddable":true,"href":"https:\/\/www.europesays.com\/fr\/wp-json\/wp\/v2\/comments?post=133547"}],"version-history":[{"count":0,"href":"https:\/\/www.europesays.com\/fr\/wp-json\/wp\/v2\/posts\/133547\/revisions"}],"wp:featuredmedia":[{"embeddable":true,"href":"https:\/\/www.europesays.com\/fr\/wp-json\/wp\/v2\/media\/133548"}],"wp:attachment":[{"href":"https:\/\/www.europesays.com\/fr\/wp-json\/wp\/v2\/media?parent=133547"}],"wp:term":[{"taxonomy":"category","embeddable":true,"href":"https:\/\/www.europesays.com\/fr\/wp-json\/wp\/v2\/categories?post=133547"},{"taxonomy":"post_tag","embeddable":true,"href":"https:\/\/www.europesays.com\/fr\/wp-json\/wp\/v2\/tags?post=133547"}],"curies":[{"name":"wp","href":"https:\/\/api.w.org\/{rel}","templated":true}]}}