{"id":133549,"date":"2025-05-28T05:39:09","date_gmt":"2025-05-28T05:39:09","guid":{"rendered":"https:\/\/www.europesays.com\/fr\/133549\/"},"modified":"2025-05-28T05:39:09","modified_gmt":"2025-05-28T05:39:09","slug":"pres-de-grenoble-le-maire-reprend-sa-commune-aux-dealers-grace-a-une-operation-dampleur","status":"publish","type":"post","link":"https:\/\/www.europesays.com\/fr\/133549\/","title":{"rendered":"Pr\u00e8s de Grenoble. Le maire reprend sa commune aux dealers gr\u00e2ce \u00e0 une op\u00e9ration d&rsquo;ampleur"},"content":{"rendered":"<p>            Par<br \/>\n        <strong><br \/>\n            <a href=\"https:\/\/actu.fr\/auteur\/lisa-rodrigues\" title=\"Consulter tous les articles de Lisa Rodrigues\" target=\"_blank\" rel=\"noopener\">Lisa Rodrigues<\/a><br \/>\n        <\/strong><\/p>\n<p>        Publi\u00e9 le<\/p>\n<p>            28 mai 2025 \u00e0 6h52        <\/p>\n<p>La mairie de <a href=\"https:\/\/actu.fr\/auvergne-rhone-alpes\/fontaine_38169\" target=\"_blank\" rel=\"noopener\">Fontaine<\/a>, au nord de Grenoble, a lanc\u00e9 une initiative originale il y a quelques jours : une \u00ab op\u00e9ration de s\u00e9curit\u00e9 et d\u2019occupation citoyenne \u00bb consistant \u00e0 r\u00e9cup\u00e9rer gr\u00e2ce \u00e0 une pr\u00e9sence polici\u00e8re et des <strong>\u00e9v\u00e9nements festifs<\/strong> les espaces publics pris d\u2019assaut par les dealers.<\/p>\n<p class=\" wall-content\">Un dispositif innovant qui <strong>semble avoir port\u00e9 ses fruits<\/strong>, \u00e0 en croire le bilan communiqu\u00e9 mardi 27 mai par la municipalit\u00e9. Elle annonce ainsi \u00ab\u00a0la disparition des points de deal pendant toute la dur\u00e9e de l\u2019op\u00e9ration\u00a0\u00bb, du 14 au 24 mai.<\/p>\n<p>Cinq arrestations r\u00e9alis\u00e9es<\/p>\n<p class=\" wall-content\">\u00ab\u00a0Cette op\u00e9ration a eu pour objectif de r\u00e9affirmer l\u2019opposition ferme de la municipalit\u00e9 \u00e0 <br \/>l\u2019implantation du narcotrafic dans les quartiers de Fontaine\u00a0\u00bb, notamment le long de l\u2019avenue Aristide-Briand, rappellent les services de la mairie.<\/p>\n<p>    <a href=\"https:\/\/www.google.com\/maps\/embed?pb=!1m18!1m12!1m3!1d2811.8716539240086!2d5.689597676135603!3d45.18969427107072!2m3!1f0!2f0!3f0!3m2!1i1024!2i768!4f13.1!3m3!1m2!1s0x478af37387435565%3A0x183313faad8f0fe7!2sAv.%20Aristide%20Briand%2C%2038600%20Fontaine!5e0!3m2!1sfr!2sfr!4v1748359801611!5m2!1sfr!2sfr\" title=\"Ouvrie le lien\" target=\"_blank\" rel=\"noopener\">Cliquez ici pour visualiser le contenu<\/a><\/p>\n<p class=\" wall-content\">Le bilan, du c\u00f4t\u00e9 du pendant policier du dispositif, est relativement positif, puisque <strong>des arrestations<\/strong> ont \u00e9t\u00e9 comptabilis\u00e9es.<\/p>\n<p>Vid\u00e9os : en ce moment sur Actu<\/p>\n<blockquote class=\"ac-article-quote wall-content\">\n<p>Ainsi, c&rsquo;est 43 proc\u00e8s-verbaux dress\u00e9s et cinq arrestations effectu\u00e9es par les forces de l\u2019ordre aux abords des points de deal tout au long de cette op\u00e9ration, permettant de fortement<br \/>\nralentir le trafic de drogue.<\/p>\n<p>    <strong>Mairie de Fontaine<\/strong>\n            <\/p><\/blockquote>\n<p class=\" wall-content\">Des r\u00e9sultats qui encouragent la Ville \u00e0 lancer \u00ab\u00a0une\u00a0deuxi\u00e8me phase [\u2026] jusqu\u2019au 5 juillet 2025, soit <strong>40 jours d\u2019actions suppl\u00e9mentaires<\/strong>.\u00a0\u00bb<\/p>\n<p>Prolongement de l\u2019op\u00e9ration jusqu\u2019en juillet<\/p>\n<p class=\" wall-content\">Dans le d\u00e9tail, la municipalit\u00e9 souhaite continuer l\u2019organisation d\u2019\u00e9v\u00e8nements festifs dans les espaces publics pour \u00ab\u00a0occuper le terrain\u00a0\u00bb. La pr\u00e9sence des \u00e9lus, ainsi que des forces de police (municipale et nationale) dans les zones connues comme abritant des points de deal, est aussi maintenue \u00ab\u00a0de mani\u00e8re al\u00e9atoire et r\u00e9p\u00e9t\u00e9e jusqu\u2019au 5 juillet\u00a0\u00bb.\u00a0<\/p>\n<p>    <img   decoding=\"async\" loading=\"lazy\" src=\"https:\/\/www.europesays.com\/fr\/wp-content\/uploads\/2025\/05\/operation-securite-fontaine-police-nationale-960x640.jpg\" alt=\"L'op\u00e9ration \" width=\"960\" height=\"640\"\/><br \/>\n    La pr\u00e9sence polici\u00e8re dans les zones \u00e0 proximit\u00e9 des points de deal connus va \u00eatre maintenue jusqu\u2019au 5 juillet. (\u00a9Facebook Ville de Fontaine)<\/p>\n<p class=\" wall-content\">Pour impliquer les habitants, le dispositif \u00ab\u00a0Sentinelles de quartiers\u00a0\u00bb va \u00eatre exp\u00e9riment\u00e9 sur ces m\u00eames secteurs d\u00e8s le mois de juin, et ce, jusqu\u2019en d\u00e9cembre, annonce la mairie de Fontaine. \u00ab\u00a0Ouvert aux habitants, aux commer\u00e7ants volontaires, ce groupe sera en lien avec les services de la Ville pour <strong>alerter sur les regroupements<\/strong> <strong>aux abords des points de deal<\/strong>.\u00a0\u00bb<\/p>\n<p class=\" wall-content\">Enfin, la municipalit\u00e9 souhaite am\u00e9liorer l\u2019am\u00e9nagement de l\u2019espace public, en lien \u00ab\u00a0avec les bailleurs sociaux et la M\u00e9tropole\u00a0\u00bb de <a href=\"https:\/\/actu.fr\/auvergne-rhone-alpes\/grenoble_38185\" target=\"_blank\" rel=\"noopener\">Grenoble<\/a> pour \u00ab\u00a0faire obstacle au d\u00e9veloppement et \u00e0 la promotion des points de deal\u00a0\u00bb. Sont ainsi \u00e9voqu\u00e9s la \u00ab\u00a0fermeture des acc\u00e8s \u00e0 certains parkings sensibles, le remplacement du mobilier urbain d\u00e9grad\u00e9, ou l\u2019effacement des tags\u00a0\u00bb.<\/p>\n<p class=\" wall-content\">Suivez toute l\u2019actualit\u00e9 de vos villes et m\u00e9dias favoris en vous inscrivant \u00e0 <a href=\"https:\/\/moncompte.actu.fr\" title=\"D\u00e9couvez Mon Actu\" rel=\"nofollow noopener\" data-trk=\"{&quot;cta&quot;:{&quot;action&quot;:&quot;https:\\\/\\\/moncompte.actu.fr&quot;,&quot;category&quot;:&quot;mon compte&quot;,&quot;from&quot;:&quot;article footer&quot;,&quot;name&quot;:&quot;Mon actu&quot;,&quot;type&quot;:&quot;cta&quot;}}\" target=\"_blank\">Mon Actu<\/a>.<\/p>\n","protected":false},"excerpt":{"rendered":"Par Lisa Rodrigues Publi\u00e9 le 28 mai 2025 \u00e0 6h52 La mairie de Fontaine, au nord de Grenoble,&hellip;\n","protected":false},"author":2,"featured_media":133550,"comment_status":"","ping_status":"","sticky":false,"template":"","format":"standard","meta":{"footnotes":""},"categories":[9566],"tags":[1111,11,2430,1052,1777,674,118,1011,27,2731,2825,12,1072,25],"class_list":{"0":"post-133549","1":"post","2":"type-post","3":"status-publish","4":"format-standard","5":"has-post-thumbnail","7":"category-grenoble","8":"tag-actu","9":"tag-actualites","10":"tag-auvergne-rhone-alpes","11":"tag-drogue","12":"tag-eu","13":"tag-europe","14":"tag-faits-divers","15":"tag-fr","16":"tag-france","17":"tag-grenoble","18":"tag-insecurite","19":"tag-news","20":"tag-police","21":"tag-republique-francaise"},"share_on_mastodon":{"url":"https:\/\/pubeurope.com\/@fr\/114583854400193645","error":""},"_links":{"self":[{"href":"https:\/\/www.europesays.com\/fr\/wp-json\/wp\/v2\/posts\/133549","targetHints":{"allow":["GET"]}}],"collection":[{"href":"https:\/\/www.europesays.com\/fr\/wp-json\/wp\/v2\/posts"}],"about":[{"href":"https:\/\/www.europesays.com\/fr\/wp-json\/wp\/v2\/types\/post"}],"author":[{"embeddable":true,"href":"https:\/\/www.europesays.com\/fr\/wp-json\/wp\/v2\/users\/2"}],"replies":[{"embeddable":true,"href":"https:\/\/www.europesays.com\/fr\/wp-json\/wp\/v2\/comments?post=133549"}],"version-history":[{"count":0,"href":"https:\/\/www.europesays.com\/fr\/wp-json\/wp\/v2\/posts\/133549\/revisions"}],"wp:featuredmedia":[{"embeddable":true,"href":"https:\/\/www.europesays.com\/fr\/wp-json\/wp\/v2\/media\/133550"}],"wp:attachment":[{"href":"https:\/\/www.europesays.com\/fr\/wp-json\/wp\/v2\/media?parent=133549"}],"wp:term":[{"taxonomy":"category","embeddable":true,"href":"https:\/\/www.europesays.com\/fr\/wp-json\/wp\/v2\/categories?post=133549"},{"taxonomy":"post_tag","embeddable":true,"href":"https:\/\/www.europesays.com\/fr\/wp-json\/wp\/v2\/tags?post=133549"}],"curies":[{"name":"wp","href":"https:\/\/api.w.org\/{rel}","templated":true}]}}