{"id":133551,"date":"2025-05-28T05:40:11","date_gmt":"2025-05-28T05:40:11","guid":{"rendered":"https:\/\/www.europesays.com\/fr\/133551\/"},"modified":"2025-05-28T05:40:11","modified_gmt":"2025-05-28T05:40:11","slug":"grenoble-ce-supermarche-discount-va-ouvrir-son-premier-magasin-voici-ou-et-quand","status":"publish","type":"post","link":"https:\/\/www.europesays.com\/fr\/133551\/","title":{"rendered":"Grenoble. Ce supermarch\u00e9 discount va ouvrir son premier magasin : voici o\u00f9 et quand"},"content":{"rendered":"<p>            Par<br \/>\n        <strong><br \/>\n            <a href=\"https:\/\/actu.fr\/auteur\/lisa-rodrigues\" title=\"Consulter tous les articles de Lisa Rodrigues\" rel=\"nofollow noopener\" target=\"_blank\">Lisa Rodrigues<\/a><br \/>\n        <\/strong><\/p>\n<p>        Publi\u00e9 le<\/p>\n<p>            28 mai 2025 \u00e0 6h34        <\/p>\n<p>Il y a du mouvement du c\u00f4t\u00e9 de la rue Hoche, \u00e0 Grenoble. Dans les anciens locaux de l\u2019enseigne d\u2019ameublement Habitat, <a href=\"https:\/\/actu.fr\/auvergne-rhone-alpes\/grenoble_38185\/grenoble-ce-magasin-du-centre-ville-est-menace-de-fermeture-definitive_60475752.html\" rel=\"nofollow noopener\" target=\"_blank\">ferm\u00e9 depuis fin 2023<\/a>, est en train d\u2019\u00eatre am\u00e9nag\u00e9 un nouveau magasin.<br \/>C\u2019est une <strong>cha\u00eene de supermarch\u00e9 discount<\/strong>, d\u00e9j\u00e0 pr\u00e9sente \u00e0 <a href=\"https:\/\/actu.fr\/auvergne-rhone-alpes\/echirolles_38151\" rel=\"nofollow noopener\" target=\"_blank\">\u00c9chirolles<\/a> et Saint-\u00c9gr\u00e8ve, qui va ouvrir sa premi\u00e8re adresse au c\u0153ur de la capitale des Alpes.<\/p>\n<p>Ouverture pr\u00e9vue en juin<\/p>\n<p class=\" wall-content\">Il s\u2019agit de l\u2019Allemand <strong>Aldi<\/strong>, qui va b\u00e9n\u00e9ficier d\u2019une surface de vente de 954 m\u00b2.<\/p>\n<blockquote class=\"ac-article-quote wall-content\">\n<p>Nous sommes ravis d\u2019ouvrir ce nouveau magasin \u00e0 Grenoble et d\u2019offrir une exp\u00e9rience d\u2019achat moderne et conviviale \u00e0 nos clients. [&#8230;] Chez Aldi, notre priorit\u00e9 est de proposer chaque jour des produits de qualit\u00e9 au meilleur prix. Toute l&rsquo;\u00e9quipe est impatiente d\u2019accueillir les Grenobloises et Grenoblois dans ce nouvel espace.<\/p>\n<p>    <strong>Holger Fo\u00eblsing<\/strong><br \/>\n        Directeur de la Soci\u00e9t\u00e9 R\u00e9gionale Aldi Lyon    <\/p><\/blockquote>\n<p class=\" wall-content\">Le nouveau magasin grenoblois de la marque est en cours d\u2019am\u00e9nagement, mais l\u2019ouverture est pr\u00e9vue pour le <strong>mercredi 25 juin<\/strong>, indique Aldi \u00e0 <a href=\"https:\/\/actu.fr\/grenoble\/\" rel=\"nofollow noopener\" target=\"_blank\">actu Grenoble<\/a>.<\/p>\n<p>Accessible 7j\/7<\/p>\n<p class=\" wall-content\">Une \u00e9quipe de huit collaborateurs a sp\u00e9cialement \u00e9t\u00e9 recrut\u00e9e pour servir les clients en magasin.<\/p>\n<p>    <a href=\"https:\/\/www.google.com\/maps\/embed?pb=!1m18!1m12!1m3!1d836.0294310232879!2d5.72784747992121!3d45.185950359412146!2m3!1f0!2f0!3f0!3m2!1i1024!2i768!4f13.1!3m3!1m2!1s0x478af48daf9ff2c7%3A0x1c00df5b9e335f!2sHabitat%20Grenoble!5e0!3m2!1sfr!2sfr!4v1748272078054!5m2!1sfr!2sfr\" title=\"Ouvrie le lien\" rel=\"nofollow noopener\" target=\"_blank\">Cliquez ici pour visualiser le contenu<\/a><\/p>\n<p class=\" wall-content\">Aldi <a href=\"https:\/\/actu.fr\/auvergne-rhone-alpes\/grenoble_38185\" rel=\"nofollow noopener\" target=\"_blank\">Grenoble<\/a> sera <strong>ouvert tous les jours de la semaine<\/strong>, du lundi au samedi, de 8h30 \u00e0 20 heures, ainsi que le dimanche matin, de 8h30 \u00e0 12h30.<\/p>\n<p class=\" wall-content\">Suivez toute l\u2019actualit\u00e9 de vos villes et m\u00e9dias favoris en vous inscrivant \u00e0 <a href=\"https:\/\/moncompte.actu.fr\" title=\"D\u00e9couvez Mon Actu\" rel=\"nofollow noopener\" data-trk=\"{&quot;cta&quot;:{&quot;action&quot;:&quot;https:\\\/\\\/moncompte.actu.fr&quot;,&quot;category&quot;:&quot;mon compte&quot;,&quot;from&quot;:&quot;article footer&quot;,&quot;name&quot;:&quot;Mon actu&quot;,&quot;type&quot;:&quot;cta&quot;}}\" target=\"_blank\">Mon Actu<\/a>.<\/p>\n","protected":false},"excerpt":{"rendered":"Par Lisa Rodrigues Publi\u00e9 le 28 mai 2025 \u00e0 6h34 Il y a du mouvement du c\u00f4t\u00e9 de&hellip;\n","protected":false},"author":2,"featured_media":133552,"comment_status":"","ping_status":"","sticky":false,"template":"","format":"standard","meta":{"footnotes":""},"categories":[9566],"tags":[1111,11,258,2430,215,33,1777,674,1011,27,2731,12,25,216],"class_list":{"0":"post-133551","1":"post","2":"type-post","3":"status-publish","4":"format-standard","5":"has-post-thumbnail","7":"category-grenoble","8":"tag-actu","9":"tag-actualites","10":"tag-alimentation","11":"tag-auvergne-rhone-alpes","12":"tag-commerce","13":"tag-economie","14":"tag-eu","15":"tag-europe","16":"tag-fr","17":"tag-france","18":"tag-grenoble","19":"tag-news","20":"tag-republique-francaise","21":"tag-vie-des-entreprises"},"share_on_mastodon":{"url":"https:\/\/pubeurope.com\/@fr\/114583858247423168","error":""},"_links":{"self":[{"href":"https:\/\/www.europesays.com\/fr\/wp-json\/wp\/v2\/posts\/133551","targetHints":{"allow":["GET"]}}],"collection":[{"href":"https:\/\/www.europesays.com\/fr\/wp-json\/wp\/v2\/posts"}],"about":[{"href":"https:\/\/www.europesays.com\/fr\/wp-json\/wp\/v2\/types\/post"}],"author":[{"embeddable":true,"href":"https:\/\/www.europesays.com\/fr\/wp-json\/wp\/v2\/users\/2"}],"replies":[{"embeddable":true,"href":"https:\/\/www.europesays.com\/fr\/wp-json\/wp\/v2\/comments?post=133551"}],"version-history":[{"count":0,"href":"https:\/\/www.europesays.com\/fr\/wp-json\/wp\/v2\/posts\/133551\/revisions"}],"wp:featuredmedia":[{"embeddable":true,"href":"https:\/\/www.europesays.com\/fr\/wp-json\/wp\/v2\/media\/133552"}],"wp:attachment":[{"href":"https:\/\/www.europesays.com\/fr\/wp-json\/wp\/v2\/media?parent=133551"}],"wp:term":[{"taxonomy":"category","embeddable":true,"href":"https:\/\/www.europesays.com\/fr\/wp-json\/wp\/v2\/categories?post=133551"},{"taxonomy":"post_tag","embeddable":true,"href":"https:\/\/www.europesays.com\/fr\/wp-json\/wp\/v2\/tags?post=133551"}],"curies":[{"name":"wp","href":"https:\/\/api.w.org\/{rel}","templated":true}]}}