{"id":133555,"date":"2025-05-28T05:44:08","date_gmt":"2025-05-28T05:44:08","guid":{"rendered":"https:\/\/www.europesays.com\/fr\/133555\/"},"modified":"2025-05-28T05:44:08","modified_gmt":"2025-05-28T05:44:08","slug":"voici-pourquoi-un-tram-aux-couleurs-de-malte-va-circuler-a-partir-de-ce-mercredi-a-strasbourg","status":"publish","type":"post","link":"https:\/\/www.europesays.com\/fr\/133555\/","title":{"rendered":"Voici pourquoi un tram aux couleurs de Malte va circuler \u00e0 partir de ce mercredi \u00e0 Strasbourg"},"content":{"rendered":"<p>            Par<br \/>\n        <strong><br \/>\n            <a href=\"https:\/\/actu.fr\/auteur\/ivan-capecchi\" title=\"Consulter tous les articles de Ivan CAPECCHI\" target=\"_blank\" rel=\"noopener\">Ivan CAPECCHI<\/a><br \/>\n        <\/strong><\/p>\n<p>        Publi\u00e9 le<\/p>\n<p>            28 mai 2025 \u00e0 7h02        <\/p>\n<p>\u00c0 partir de mercredi 28 mai 2025, une <strong>rame de tram d\u00e9cor\u00e9e aux couleurs de Malte<\/strong> circulera dans les rues de <strong>Strasbourg<\/strong>, et ce,\u00a0pour une dur\u00e9e de <strong>six mois<\/strong>.<\/p>\n<p class=\" wall-content\">\u00c0 noter que <strong>seules les vitres du tram seront habill\u00e9es<\/strong>.<\/p>\n<p class=\" wall-content\">On vous explique pourquoi.<\/p>\n<p>Changement de pr\u00e9sidence au Comit\u00e9 des ministres du Conseil de l\u2019Europe<\/p>\n<p class=\" wall-content\">Cette initiative a lieu dans le cadre de <strong>la pr\u00e9sidence maltaise du Comit\u00e9 des ministres du Conseil de l\u2019Europe<\/strong>.<\/p>\n<p class=\" wall-content\">Elle marque le <strong>passage de relais entre le Luxembourg et Malte<\/strong> \u00e0 la t\u00eate de cette instance, pour la p\u00e9riode <strong>de mai \u00e0 novembre 2025<\/strong>.<\/p>\n<p>Vid\u00e9os : en ce moment sur Actu<\/p>\n<p class=\" wall-content\">L\u2019inauguration du tram aura lieu \u00e0 <strong>14h \u00e0 la station \u00ab Droits de l\u2019Homme \u00bb,<\/strong> en pr\u00e9sence notamment du secr\u00e9taire g\u00e9n\u00e9ral du Conseil de l\u2019Europe et de repr\u00e9sentants des deux pays.<\/p>\n<p>D\u2019autres animations pour d\u00e9couvrir la culture de Malte<\/p>\n<p class=\" wall-content\">\u00ab\u00a0Dans le cadre de l\u2019accord de partenariat qui lie la Ville de Strasbourg au Conseil de l\u2019Europe, la collectivit\u00e9 apporte son soutien \u00e0 la mise en valeur culturelle de chaque pr\u00e9sidence\u00a0\u00bb, \u00e9crit la Ville dans un communiqu\u00e9.<\/p>\n<p class=\" wall-content\">\u00ab\u00a0Ainsi, une programmation culturelle riche et vari\u00e9e permettra aux habitants du territoire de d\u00e9couvrir la culture de Malte \u00e0 l\u2019image de l\u2019hommage rendu \u00e0 Cecil Satariano, cin\u00e9aste maltais pionnier, du 2 au 6 juin 2025 au <a href=\"https:\/\/actu.fr\/grand-est\/strasbourg_67482\/ce-cinema-de-strasbourg-va-augmenter-ses-prix-voici-pourquoi_62082238.html\" target=\"_blank\" rel=\"noopener\">cin\u00e9ma Le Cosmos<\/a>\u00ab\u00a0, ajoute-t-elle.<\/p>\n<p class=\" wall-content\">Suivez toute l\u2019actualit\u00e9 de vos villes et m\u00e9dias favoris en vous inscrivant \u00e0 <a href=\"https:\/\/moncompte.actu.fr\" title=\"D\u00e9couvez Mon Actu\" rel=\"nofollow noopener\" data-trk=\"{&quot;cta&quot;:{&quot;action&quot;:&quot;https:\\\/\\\/moncompte.actu.fr&quot;,&quot;category&quot;:&quot;mon compte&quot;,&quot;from&quot;:&quot;article footer&quot;,&quot;name&quot;:&quot;Mon actu&quot;,&quot;type&quot;:&quot;cta&quot;}}\" target=\"_blank\">Mon Actu<\/a>.<\/p>\n<ul class=\"ac-article-tag wall-content\">\n<li><a href=\"https:\/\/actu.fr\/tag\/compagnie-des-transports-strasbourgeois-cts\" data-trk=\"{&quot;cta&quot;:{&quot;action&quot;:&quot;Compagnie des transports strasbourgeois (CTS)&quot;,&quot;category&quot;:&quot;tag&quot;,&quot;from&quot;:&quot;article footer&quot;,&quot;name&quot;:&quot;Compagnie des transports strasbourgeois (CTS)&quot;,&quot;type&quot;:&quot;cta&quot;}}\" target=\"_blank\" rel=\"noopener\">#Compagnie des transports strasbourgeois (CTS)<\/a><\/li>\n<\/ul>\n","protected":false},"excerpt":{"rendered":"Par Ivan CAPECCHI Publi\u00e9 le 28 mai 2025 \u00e0 7h02 \u00c0 partir de mercredi 28 mai 2025, une&hellip;\n","protected":false},"author":2,"featured_media":133556,"comment_status":"","ping_status":"","sticky":false,"template":"","format":"standard","meta":{"footnotes":""},"categories":[2820],"tags":[1111,11,7344,1777,674,1011,27,775,12,25,104,640],"class_list":{"0":"post-133555","1":"post","2":"type-post","3":"status-publish","4":"format-standard","5":"has-post-thumbnail","7":"category-strasbourg","8":"tag-actu","9":"tag-actualites","10":"tag-compagnie-des-transports-strasbourgeois-cts","11":"tag-eu","12":"tag-europe","13":"tag-fr","14":"tag-france","15":"tag-grand-est","16":"tag-news","17":"tag-republique-francaise","18":"tag-societe","19":"tag-strasbourg"},"share_on_mastodon":{"url":"https:\/\/pubeurope.com\/@fr\/114583874008237754","error":""},"_links":{"self":[{"href":"https:\/\/www.europesays.com\/fr\/wp-json\/wp\/v2\/posts\/133555","targetHints":{"allow":["GET"]}}],"collection":[{"href":"https:\/\/www.europesays.com\/fr\/wp-json\/wp\/v2\/posts"}],"about":[{"href":"https:\/\/www.europesays.com\/fr\/wp-json\/wp\/v2\/types\/post"}],"author":[{"embeddable":true,"href":"https:\/\/www.europesays.com\/fr\/wp-json\/wp\/v2\/users\/2"}],"replies":[{"embeddable":true,"href":"https:\/\/www.europesays.com\/fr\/wp-json\/wp\/v2\/comments?post=133555"}],"version-history":[{"count":0,"href":"https:\/\/www.europesays.com\/fr\/wp-json\/wp\/v2\/posts\/133555\/revisions"}],"wp:featuredmedia":[{"embeddable":true,"href":"https:\/\/www.europesays.com\/fr\/wp-json\/wp\/v2\/media\/133556"}],"wp:attachment":[{"href":"https:\/\/www.europesays.com\/fr\/wp-json\/wp\/v2\/media?parent=133555"}],"wp:term":[{"taxonomy":"category","embeddable":true,"href":"https:\/\/www.europesays.com\/fr\/wp-json\/wp\/v2\/categories?post=133555"},{"taxonomy":"post_tag","embeddable":true,"href":"https:\/\/www.europesays.com\/fr\/wp-json\/wp\/v2\/tags?post=133555"}],"curies":[{"name":"wp","href":"https:\/\/api.w.org\/{rel}","templated":true}]}}