{"id":133559,"date":"2025-05-28T05:46:09","date_gmt":"2025-05-28T05:46:09","guid":{"rendered":"https:\/\/www.europesays.com\/fr\/133559\/"},"modified":"2025-05-28T05:46:09","modified_gmt":"2025-05-28T05:46:09","slug":"trop-haut-de-70cm-le-nouveau-centre-des-congres-du-port-de-nice-le-comite-de-quartier-saisit-le-prefet","status":"publish","type":"post","link":"https:\/\/www.europesays.com\/fr\/133559\/","title":{"rendered":"Trop haut de 70cm, le nouveau centre des congr\u00e8s du port de Nice? Le comit\u00e9 de quartier saisit le pr\u00e9fet"},"content":{"rendered":"<p>Trop haut de 70cm, le nouveau centre des congr\u00e8s?<\/p>\n<p>C\u2019est la conclusion du comit\u00e9 de d\u00e9fense des quartiers du port de Nice et de l\u2019environnement. Son pr\u00e9sident, Jean-Michel Bidart, a adress\u00e9 un courrier recommand\u00e9 au pr\u00e9fet, lui demandant de mandater ses services pour contr\u00f4ler le respect du permis de construire autorisant l\u2019\u00e9dification de trois b\u00e2timents semi-provisoires. Autorisation d\u2019urbanisme d\u00e9livr\u00e9e \u00ab\u00a0sous avis de l\u2019architecte des b\u00e2timents de France\u00a0\u00bb et qui doit donc \u00ab\u00a0obtenir son accord\u00a0\u00bb pour \u00ab\u00a0toute modification\u00a0\u00bb.<\/p>\n<p>Jean-Michel Bidart en est convaincu: les plans initiaux n\u2019ont pas \u00e9t\u00e9 respect\u00e9s. Il pointe, photo \u00e0 l\u2019appui, la r\u00e9alisation d\u2019une \u00ab\u00a0assise en b\u00e9ton d\u2019environ 70cm (&#8230;) pas pr\u00e9vue au permis de construire\u00a0\u00bb. Il en veut pour preuve \u00ab\u00a0la cr\u00e9ation d\u2019une rampe d\u2019acc\u00e8s pour personnes handicap\u00e9es afin de compenser cette diff\u00e9rence d\u2019altitude\u00a0\u00bb qui, elle non plus, ne figurerait pas sur les plans initiaux. La cons\u00e9quence de ce soubassement serait une hauteur globale du b\u00e2timent sup\u00e9rieure aux 10,30m\u00e8tres (par rapport au niveau de la mer) autoris\u00e9s.<\/p>\n<p>Le nouveau centre des congr\u00e8s du port culminerait, d\u2019apr\u00e8s les calculs du comit\u00e9 de quartier, \u00e0 pr\u00e8s de 11m\u00e8tres. Faute de pouvoir \u00ab\u00a0acc\u00e9der sur le chantier\u00a0\u00bb pour v\u00e9rifier, son pr\u00e9sident demande au repr\u00e9sentant de v\u00e9rifier ses assertions et, le cas \u00e9ch\u00e9ant, de \u00ab\u00a0faire cesser ces infractions\u00a0\u00bb.<\/p>\n<p>Sollicit\u00e9e, la M\u00e9tropole Nice-C\u00f4te d\u2019Azur estime que \u00ab\u00a0M. Bidart cherche une nouvelle fois la pol\u00e9mique\u00a0\u00bb et assure que \u00ab\u00a0l\u2019ensemble des autorisations n\u00e9cessaires \u00e0 la construction des b\u00e2timents sera conforme aux r\u00e9glementations d\u2019urbanisme.\u00a0\u00bb E. G.<\/p>\n","protected":false},"excerpt":{"rendered":"Trop haut de 70cm, le nouveau centre des congr\u00e8s? C\u2019est la conclusion du comit\u00e9 de d\u00e9fense des quartiers&hellip;\n","protected":false},"author":2,"featured_media":133560,"comment_status":"","ping_status":"","sticky":false,"template":"","format":"standard","meta":{"footnotes":""},"categories":[2819],"tags":[1111,11,1777,674,1011,27,12,2401,882,25,1352],"class_list":{"0":"post-133559","1":"post","2":"type-post","3":"status-publish","4":"format-standard","5":"has-post-thumbnail","7":"category-nice","8":"tag-actu","9":"tag-actualites","10":"tag-eu","11":"tag-europe","12":"tag-fr","13":"tag-france","14":"tag-news","15":"tag-nice","16":"tag-provence-alpes-cote-dazur","17":"tag-republique-francaise","18":"tag-urbanisme"},"share_on_mastodon":{"url":"https:\/\/pubeurope.com\/@fr\/114583881909375344","error":""},"_links":{"self":[{"href":"https:\/\/www.europesays.com\/fr\/wp-json\/wp\/v2\/posts\/133559","targetHints":{"allow":["GET"]}}],"collection":[{"href":"https:\/\/www.europesays.com\/fr\/wp-json\/wp\/v2\/posts"}],"about":[{"href":"https:\/\/www.europesays.com\/fr\/wp-json\/wp\/v2\/types\/post"}],"author":[{"embeddable":true,"href":"https:\/\/www.europesays.com\/fr\/wp-json\/wp\/v2\/users\/2"}],"replies":[{"embeddable":true,"href":"https:\/\/www.europesays.com\/fr\/wp-json\/wp\/v2\/comments?post=133559"}],"version-history":[{"count":0,"href":"https:\/\/www.europesays.com\/fr\/wp-json\/wp\/v2\/posts\/133559\/revisions"}],"wp:featuredmedia":[{"embeddable":true,"href":"https:\/\/www.europesays.com\/fr\/wp-json\/wp\/v2\/media\/133560"}],"wp:attachment":[{"href":"https:\/\/www.europesays.com\/fr\/wp-json\/wp\/v2\/media?parent=133559"}],"wp:term":[{"taxonomy":"category","embeddable":true,"href":"https:\/\/www.europesays.com\/fr\/wp-json\/wp\/v2\/categories?post=133559"},{"taxonomy":"post_tag","embeddable":true,"href":"https:\/\/www.europesays.com\/fr\/wp-json\/wp\/v2\/tags?post=133559"}],"curies":[{"name":"wp","href":"https:\/\/api.w.org\/{rel}","templated":true}]}}