{"id":133568,"date":"2025-05-28T05:51:11","date_gmt":"2025-05-28T05:51:11","guid":{"rendered":"https:\/\/www.europesays.com\/fr\/133568\/"},"modified":"2025-05-28T05:51:11","modified_gmt":"2025-05-28T05:51:11","slug":"girondins-lavocat-de-gerard-lopez-critique-ouvertement-le-projet-oliver-kahn-pour-bordeaux","status":"publish","type":"post","link":"https:\/\/www.europesays.com\/fr\/133568\/","title":{"rendered":"Girondins : l&rsquo;avocat de G\u00e9rard Lopez critique ouvertement le projet Oliver Kahn pour Bordeaux"},"content":{"rendered":"<p><img decoding=\"async\" src=\"https:\/\/www.europesays.com\/fr\/wp-content\/uploads\/2025\/04\/671_fcbd9d8654b42d2119274240e8b44bd6.jpg\" alt=\"Girondins : l'avocat de G\u00e9rard Lopez critique ouvertement le projet Oliver Kahn pour Bordeaux\" class=\"img-responsive mt-3\"\/><\/p>\n<p class=\"text-center mb-3\" style=\"font-size: 14px\">\u00a9 Iconsport<\/p>\n<p>      <strong>\u00ab\u00a0Le timing aussi est \u00e9trange. Le contenu encore davantage\u00a0\u00bb<\/strong><\/p>\n<p style=\"text-align: justify;\">Laurent Cotret avec des propos relay\u00e9s par Sud-Ouest et RMC Sport au sujet du plan de cession d&rsquo;Oliver Kahn :<\/p>\n<p style=\"text-align: justify;\">\u00ab\u00a0Son texte a paru \u00e9trange \u00e0 beaucoup de monde, pas seulement \u00e0 nous. Le timing aussi est \u00e9trange. Le contenu encore davantage. On ne peut pas dire qu\u2019il y ait une comp\u00e9tition, en tout cas, ce n\u2019est pas comme \u00e7a que nous le voyons et je pense que le tribunal le voit.<\/p>\n<p style=\"text-align: justify;\">Quand on vient par la porte de derri\u00e8re, qu\u2019on appara\u00eet soudainement la veille de l\u2019audience pour cr\u00e9er un trouble qui n\u2019a pas \u00e9chapp\u00e9 \u00e0 la juridiction, tout \u00e7a est bizarre. Si je peux me permettre, ce projet est hors-jeu (&#8230;) les conditions de recevabilit\u00e9 n\u2019y sont pas (&#8230;) Nous sommes convaincus que notre proposition aux cr\u00e9anciers l\u2019emportera, car c\u2019est la meilleure.\u00a0\u00bb<\/p>\n<p style=\"text-align: justify;\">Ce mardi \u00e0 Bordeaux, c&rsquo;est l&rsquo;homme d&rsquo;affaires <a href=\"https:\/\/www.webgirondins.com\/actualite-girondins-girondins-gerard-lopez-arrive-par-la-porte-de-derriere-au-tribunal-de-commerce-de-bordeaux-129233\" target=\"_blank\" rel=\"noopener\">G\u00e9rard Lopez qui est entr\u00e9 par la porte de derri\u00e8re du tribunal de commerce<\/a>, et qui en est <a href=\"https:\/\/www.webgirondins.com\/actualite-girondins-girondins-gerard-lopez-sort-en-catimini-du-tribunal-de-commerce-de-bordeaux-et-fuit-les-supporters-129235\" target=\"_blank\" rel=\"noopener\">sorti par une issue d\u00e9rob\u00e9e pour \u00e9chapper \u00e0 la col\u00e8re des supporters<\/a> qui l&rsquo;attendaient.<\/p>\n<p style=\"text-align: justify;\">C&rsquo;est lors d&rsquo;une prochaine audience le 13 juin prochain que le dossier de Kahn sera examin\u00e9.<\/p>\n<p style=\"text-align: justify;\">&gt;&gt;\u00a0<strong><a href=\"https:\/\/www.webgirondins.com\/actualite-girondins-girondins-le-dossier-d-oliver-kahn-retenu-par-le-tribunal-de-commerce-de-bordeaux-129234\" target=\"_blank\" rel=\"noopener\">Le dossier d&rsquo;Oliver Kahn retenu par le tribunal de commerce de Bordeaux<\/a><br \/><\/strong><\/p>\n<p style=\"text-align: justify;\">Podcast court \u00e0 \u00e9couter :<\/p>\n<p>\u00a0<\/p>\n","protected":false},"excerpt":{"rendered":"\u00a9 Iconsport \u00ab\u00a0Le timing aussi est \u00e9trange. Le contenu encore davantage\u00a0\u00bb Laurent Cotret avec des propos relay\u00e9s par&hellip;\n","protected":false},"author":2,"featured_media":22867,"comment_status":"","ping_status":"","sticky":false,"template":"","format":"standard","meta":{"footnotes":""},"categories":[2817],"tags":[1111,11,8438,6186,20933,1997,10322,215,25929,7257,8852,4485,24673,1777,674,1011,27,8294,1987,4654,3955,8295,12,2219,4653,25928,471,1095,25,3686,933,3693],"class_list":{"0":"post-133568","1":"post","2":"type-post","3":"status-publish","4":"format-standard","5":"has-post-thumbnail","7":"category-bordeaux","8":"tag-actu","9":"tag-actualites","10":"tag-allemand","11":"tag-audience","12":"tag-avocat","13":"tag-bordeaux","14":"tag-cession","15":"tag-commerce","16":"tag-cotret","17":"tag-critique","18":"tag-deposee","19":"tag-dossier","20":"tag-envers","21":"tag-eu","22":"tag-europe","23":"tag-fr","24":"tag-france","25":"tag-gerard","26":"tag-girondins","27":"tag-kahn","28":"tag-laurent","29":"tag-lopez","30":"tag-news","31":"tag-nouvelle-aquitaine","32":"tag-oliver","33":"tag-ouvertement","34":"tag-pour","35":"tag-projet","36":"tag-republique-francaise","37":"tag-sortie","38":"tag-tres","39":"tag-tribunal"},"share_on_mastodon":{"url":"https:\/\/pubeurope.com\/@fr\/114583901685137884","error":""},"_links":{"self":[{"href":"https:\/\/www.europesays.com\/fr\/wp-json\/wp\/v2\/posts\/133568","targetHints":{"allow":["GET"]}}],"collection":[{"href":"https:\/\/www.europesays.com\/fr\/wp-json\/wp\/v2\/posts"}],"about":[{"href":"https:\/\/www.europesays.com\/fr\/wp-json\/wp\/v2\/types\/post"}],"author":[{"embeddable":true,"href":"https:\/\/www.europesays.com\/fr\/wp-json\/wp\/v2\/users\/2"}],"replies":[{"embeddable":true,"href":"https:\/\/www.europesays.com\/fr\/wp-json\/wp\/v2\/comments?post=133568"}],"version-history":[{"count":0,"href":"https:\/\/www.europesays.com\/fr\/wp-json\/wp\/v2\/posts\/133568\/revisions"}],"wp:featuredmedia":[{"embeddable":true,"href":"https:\/\/www.europesays.com\/fr\/wp-json\/wp\/v2\/media\/22867"}],"wp:attachment":[{"href":"https:\/\/www.europesays.com\/fr\/wp-json\/wp\/v2\/media?parent=133568"}],"wp:term":[{"taxonomy":"category","embeddable":true,"href":"https:\/\/www.europesays.com\/fr\/wp-json\/wp\/v2\/categories?post=133568"},{"taxonomy":"post_tag","embeddable":true,"href":"https:\/\/www.europesays.com\/fr\/wp-json\/wp\/v2\/tags?post=133568"}],"curies":[{"name":"wp","href":"https:\/\/api.w.org\/{rel}","templated":true}]}}