{"id":133575,"date":"2025-05-28T05:56:08","date_gmt":"2025-05-28T05:56:08","guid":{"rendered":"https:\/\/www.europesays.com\/fr\/133575\/"},"modified":"2025-05-28T05:56:08","modified_gmt":"2025-05-28T05:56:08","slug":"les-nouvelles-expos-du-mucem","status":"publish","type":"post","link":"https:\/\/www.europesays.com\/fr\/133575\/","title":{"rendered":"les nouvelles expos du Mucem"},"content":{"rendered":"<p>Le Mucem a pr\u00e9sent\u00e9 ce mardi 27\u00a0mai sa programmation des prochains mois en termes d\u2019expositions et d\u2019animations. Il a battu en avril dernier son record de fr\u00e9quentation d\u2019il y a 11\u00a0ans et a cumul\u00e9 un total de 130\u00a0000\u00a0visiteurs pour l\u2019expo En Piste\u00a0! qui vient de s\u2019achever. C\u2019est donc sous les meilleurs auspices que le pr\u00e9sident Pierre-Olivier Costa et ses \u00e9quipes ont annonc\u00e9 de nouveaux \u00e9v\u00e9nements qui naviguent dans la diversit\u00e9 des cultures et m\u00ealent arts, sciences, litt\u00e9rature et histoire.<\/p>\n<p>\u00ab\u00a0Lire le ciel, Sous les \u00e9toiles en M\u00e9diterran\u00e9e\u00a0\u00bb<\/p>\n<p>L\u2019exposition de cet \u00e9t\u00e9 s\u2019articule autour de l\u2019histoire de l\u2019astronomie, de l\u2019Antiquit\u00e9 \u00e0 nos jours. Ou comment les soci\u00e9t\u00e9s m\u00e9diterran\u00e9ennes ont appr\u00e9hend\u00e9 le ciel et ses myst\u00e8res. Le public pourra, entre autres, admirer 40\u00a0\u0153uvres pr\u00eat\u00e9es par le mus\u00e9e du Louvre, dont le chef-d\u2019\u0153uvre de Vermeer, L\u2019Astronome, toile qui n\u2019a jamais \u00e9t\u00e9 expos\u00e9e en France en dehors de Paris et qui sera pr\u00e9sente au Mucem pour trois mois. L\u2019expo mettra aussi en perspective des questions contemporaines sur la pollution de l\u2019espace, la pollution lumineuse et cr\u00e9era des r\u00e9sonances avec la passion actuelle pour l\u2019astronomie ou l\u2019astrologie.<\/p>\n","protected":false},"excerpt":{"rendered":"Le Mucem a pr\u00e9sent\u00e9 ce mardi 27\u00a0mai sa programmation des prochains mois en termes d\u2019expositions et d\u2019animations. Il&hellip;\n","protected":false},"author":2,"featured_media":133576,"comment_status":"","ping_status":"","sticky":false,"template":"","format":"standard","meta":{"footnotes":""},"categories":[2814],"tags":[17,1111,11,25932,251,154,1777,674,8202,1011,27,25931,151,884,25930,12,1113,882,25],"class_list":{"0":"post-133575","1":"post","2":"type-post","3":"status-publish","4":"format-standard","5":"has-post-thumbnail","7":"category-marseille","8":"tag-17","9":"tag-actu","10":"tag-actualites","11":"tag-astres","12":"tag-culture","13":"tag-des","14":"tag-eu","15":"tag-europe","16":"tag-expos","17":"tag-fr","18":"tag-france","19":"tag-langage","20":"tag-les","21":"tag-marseille","22":"tag-mythes","23":"tag-news","24":"tag-nouvelles","25":"tag-provence-alpes-cote-dazur","26":"tag-republique-francaise"},"share_on_mastodon":{"url":"https:\/\/pubeurope.com\/@fr\/114583921157903814","error":""},"_links":{"self":[{"href":"https:\/\/www.europesays.com\/fr\/wp-json\/wp\/v2\/posts\/133575","targetHints":{"allow":["GET"]}}],"collection":[{"href":"https:\/\/www.europesays.com\/fr\/wp-json\/wp\/v2\/posts"}],"about":[{"href":"https:\/\/www.europesays.com\/fr\/wp-json\/wp\/v2\/types\/post"}],"author":[{"embeddable":true,"href":"https:\/\/www.europesays.com\/fr\/wp-json\/wp\/v2\/users\/2"}],"replies":[{"embeddable":true,"href":"https:\/\/www.europesays.com\/fr\/wp-json\/wp\/v2\/comments?post=133575"}],"version-history":[{"count":0,"href":"https:\/\/www.europesays.com\/fr\/wp-json\/wp\/v2\/posts\/133575\/revisions"}],"wp:featuredmedia":[{"embeddable":true,"href":"https:\/\/www.europesays.com\/fr\/wp-json\/wp\/v2\/media\/133576"}],"wp:attachment":[{"href":"https:\/\/www.europesays.com\/fr\/wp-json\/wp\/v2\/media?parent=133575"}],"wp:term":[{"taxonomy":"category","embeddable":true,"href":"https:\/\/www.europesays.com\/fr\/wp-json\/wp\/v2\/categories?post=133575"},{"taxonomy":"post_tag","embeddable":true,"href":"https:\/\/www.europesays.com\/fr\/wp-json\/wp\/v2\/tags?post=133575"}],"curies":[{"name":"wp","href":"https:\/\/api.w.org\/{rel}","templated":true}]}}