{"id":133579,"date":"2025-05-28T05:58:08","date_gmt":"2025-05-28T05:58:08","guid":{"rendered":"https:\/\/www.europesays.com\/fr\/133579\/"},"modified":"2025-05-28T05:58:08","modified_gmt":"2025-05-28T05:58:08","slug":"cette-jeune-marque-de-bijoux-ouvre-un-pop-up-a-lyon","status":"publish","type":"post","link":"https:\/\/www.europesays.com\/fr\/133579\/","title":{"rendered":"Cette jeune marque de bijoux ouvre un pop-up \u00e0 Lyon"},"content":{"rendered":"<p itemprop=\"description\"><strong>Le rendez-vous est donn\u00e9 d\u00e8s ce mercredi.<\/strong><\/p>\n<p>Avis aux amatrices de bijoux. Pampa ouvre un pop-up le temps de quelques jours \u00e0 Lyon. Direction le 1er arrondissement, plus pr\u00e9cis\u00e9ment le 21 rue Sergent Blandan tout pr\u00e8s de la place Sathonay, pour trouver cette boutique \u00e9ph\u00e9m\u00e8re qui permettra au public de d\u00e9couvrir la marque qui vient de f\u00eater son premier anniversaire.<\/p>\n<p>C\u2019est un bar \u00e0 charms qui sera install\u00e9 sur place avec la possibilit\u00e9 de cr\u00e9er son propre bijou avec des petits pendentifs \u00e0 fixer \u00e0 un bracelet ou \u00e0 une cha\u00eene. La nouvelle collection \u00e9t\u00e9 sera notamment disponible. Le rendez-vous est donn\u00e9 jusqu\u2019\u00e0 dimanche.<\/p>\n<p><strong>Date et horaires d\u2019ouverture du pop-up :<\/strong><br \/>&#13;<br \/>\nMercredi 28 mai : 10h-19h<br \/>&#13;<br \/>\nJeudi 29 mai : 10h-19h<br \/>&#13;<br \/>\nVendredi 30 mai : 12h-20h (+click &amp; collect l\u2019apr\u00e8s-midi)<br \/>&#13;<br \/>\nSamedi 31 mai : 9h30-20h<br \/>&#13;<br \/>\nDimanche 1er juin : 10h-18h<\/p>\n<p style=\"text-align:center\"><img loading=\"lazy\" decoding=\"async\" alt=\"\" height=\"518\" src=\"https:\/\/www.europesays.com\/fr\/wp-content\/uploads\/2025\/05\/bar-charms.jpg\" width=\"414\"\/><\/p>\n","protected":false},"excerpt":{"rendered":"Le rendez-vous est donn\u00e9 d\u00e8s ce mercredi. Avis aux amatrices de bijoux. Pampa ouvre un pop-up le temps&hellip;\n","protected":false},"author":2,"featured_media":133580,"comment_status":"","ping_status":"","sticky":false,"template":"","format":"standard","meta":{"footnotes":""},"categories":[1889],"tags":[1111,11,2813,2190,2430,1109,251,1112,2811,1777,674,118,1294,4651,1011,27,1922,1110,1114,2428,4903,4902,12,241,316,25,2812,517,800],"class_list":{"0":"post-133579","1":"post","2":"type-post","3":"status-publish","4":"format-standard","5":"has-post-thumbnail","7":"category-lyon","8":"tag-actu","9":"tag-actualites","10":"tag-article","11":"tag-asvel","12":"tag-auvergne-rhone-alpes","13":"tag-breves","14":"tag-culture","15":"tag-depeches","16":"tag-economique","17":"tag-eu","18":"tag-europe","19":"tag-faits-divers","20":"tag-femme","21":"tag-femmes","22":"tag-fr","23":"tag-france","24":"tag-info","25":"tag-informations","26":"tag-infos","27":"tag-lyon","28":"tag-lyonfemme","29":"tag-lyonfemmes","30":"tag-news","31":"tag-ol","32":"tag-politique","33":"tag-republique-francaise","34":"tag-sociale","35":"tag-sport","36":"tag-transports"},"share_on_mastodon":{"url":"https:\/\/pubeurope.com\/@fr\/114583929194750018","error":""},"_links":{"self":[{"href":"https:\/\/www.europesays.com\/fr\/wp-json\/wp\/v2\/posts\/133579","targetHints":{"allow":["GET"]}}],"collection":[{"href":"https:\/\/www.europesays.com\/fr\/wp-json\/wp\/v2\/posts"}],"about":[{"href":"https:\/\/www.europesays.com\/fr\/wp-json\/wp\/v2\/types\/post"}],"author":[{"embeddable":true,"href":"https:\/\/www.europesays.com\/fr\/wp-json\/wp\/v2\/users\/2"}],"replies":[{"embeddable":true,"href":"https:\/\/www.europesays.com\/fr\/wp-json\/wp\/v2\/comments?post=133579"}],"version-history":[{"count":0,"href":"https:\/\/www.europesays.com\/fr\/wp-json\/wp\/v2\/posts\/133579\/revisions"}],"wp:featuredmedia":[{"embeddable":true,"href":"https:\/\/www.europesays.com\/fr\/wp-json\/wp\/v2\/media\/133580"}],"wp:attachment":[{"href":"https:\/\/www.europesays.com\/fr\/wp-json\/wp\/v2\/media?parent=133579"}],"wp:term":[{"taxonomy":"category","embeddable":true,"href":"https:\/\/www.europesays.com\/fr\/wp-json\/wp\/v2\/categories?post=133579"},{"taxonomy":"post_tag","embeddable":true,"href":"https:\/\/www.europesays.com\/fr\/wp-json\/wp\/v2\/tags?post=133579"}],"curies":[{"name":"wp","href":"https:\/\/api.w.org\/{rel}","templated":true}]}}