{"id":133581,"date":"2025-05-28T05:59:10","date_gmt":"2025-05-28T05:59:10","guid":{"rendered":"https:\/\/www.europesays.com\/fr\/133581\/"},"modified":"2025-05-28T05:59:10","modified_gmt":"2025-05-28T05:59:10","slug":"metropole-de-lyon-un-incendie-se-declare-dans-les-communs-de-cet-immeuble-les-habitants-confines-cette-nuit","status":"publish","type":"post","link":"https:\/\/www.europesays.com\/fr\/133581\/","title":{"rendered":"M\u00e9tropole de Lyon. Un incendie se d\u00e9clare dans les communs de cet immeuble, les habitants confin\u00e9s cette nuit"},"content":{"rendered":"<p>Plus de peur que de mal. Un incendie s&rsquo;est d\u00e9clar\u00e9 dans les communs d&rsquo;un immeuble au 55 rue Paul Teste, pr\u00e8s du plan\u00e9tarium de Vaulx-en-Velin. Le feu est parti des d\u00e9tritus pr\u00e9sents dans un local aux environs de 4h du matin.<\/p>\n<p>Sur place, 26 pompiers ont \u00e9t\u00e9 mobilis\u00e9s ainsi que 7 engins. Les habitants ont \u00e9t\u00e9 confin\u00e9s le temps de l&rsquo;intervention, pendant pr\u00e8s d&rsquo;1h30.<\/p>\n<p>Selon les pompiers, il n&rsquo;y a pas eu de bless\u00e9 et le feu a \u00e9t\u00e9 \u00e9teint \u00e0 la lance. Apr\u00e8s quelques heures donc et un d\u00e9senfumage de l&rsquo;immeuble, les riverains ont pu retourner dormir sur leurs deux oreilles.<\/p>\n","protected":false},"excerpt":{"rendered":"Plus de peur que de mal. Un incendie s&rsquo;est d\u00e9clar\u00e9 dans les communs d&rsquo;un immeuble au 55 rue&hellip;\n","protected":false},"author":2,"featured_media":133582,"comment_status":"","ping_status":"","sticky":false,"template":"","format":"standard","meta":{"footnotes":""},"categories":[1889],"tags":[1111,11,2430,3152,1777,674,1011,27,1310,2428,12,25,2429,5070],"class_list":{"0":"post-133581","1":"post","2":"type-post","3":"status-publish","4":"format-standard","5":"has-post-thumbnail","7":"category-lyon","8":"tag-actu","9":"tag-actualites","10":"tag-auvergne-rhone-alpes","11":"tag-edition-est-lyonnais","12":"tag-eu","13":"tag-europe","14":"tag-fr","15":"tag-france","16":"tag-incendie","17":"tag-lyon","18":"tag-news","19":"tag-republique-francaise","20":"tag-rhone","21":"tag-vaulx-en-velin"},"share_on_mastodon":{"url":"https:\/\/pubeurope.com\/@fr\/114583932987116216","error":""},"_links":{"self":[{"href":"https:\/\/www.europesays.com\/fr\/wp-json\/wp\/v2\/posts\/133581","targetHints":{"allow":["GET"]}}],"collection":[{"href":"https:\/\/www.europesays.com\/fr\/wp-json\/wp\/v2\/posts"}],"about":[{"href":"https:\/\/www.europesays.com\/fr\/wp-json\/wp\/v2\/types\/post"}],"author":[{"embeddable":true,"href":"https:\/\/www.europesays.com\/fr\/wp-json\/wp\/v2\/users\/2"}],"replies":[{"embeddable":true,"href":"https:\/\/www.europesays.com\/fr\/wp-json\/wp\/v2\/comments?post=133581"}],"version-history":[{"count":0,"href":"https:\/\/www.europesays.com\/fr\/wp-json\/wp\/v2\/posts\/133581\/revisions"}],"wp:featuredmedia":[{"embeddable":true,"href":"https:\/\/www.europesays.com\/fr\/wp-json\/wp\/v2\/media\/133582"}],"wp:attachment":[{"href":"https:\/\/www.europesays.com\/fr\/wp-json\/wp\/v2\/media?parent=133581"}],"wp:term":[{"taxonomy":"category","embeddable":true,"href":"https:\/\/www.europesays.com\/fr\/wp-json\/wp\/v2\/categories?post=133581"},{"taxonomy":"post_tag","embeddable":true,"href":"https:\/\/www.europesays.com\/fr\/wp-json\/wp\/v2\/tags?post=133581"}],"curies":[{"name":"wp","href":"https:\/\/api.w.org\/{rel}","templated":true}]}}