{"id":133587,"date":"2025-05-28T06:02:08","date_gmt":"2025-05-28T06:02:08","guid":{"rendered":"https:\/\/www.europesays.com\/fr\/133587\/"},"modified":"2025-05-28T06:02:08","modified_gmt":"2025-05-28T06:02:08","slug":"la-resistance-centre-hippique-balade-au-bord-de-la-marne-nos-idees-de-sorties-dans-le-val-de-marne","status":"publish","type":"post","link":"https:\/\/www.europesays.com\/fr\/133587\/","title":{"rendered":"La R\u00e9sistance, centre hippique, balade au bord de la Marne&#8230; Nos id\u00e9es de sorties dans le Val-de-Marne"},"content":{"rendered":"<p>            Par<br \/>\n        <strong><br \/>\n            <a href=\"https:\/\/actu.fr\/auteur\/redaction-paris\" title=\"Consulter tous les articles de R\u00e9daction Paris\" target=\"_blank\" rel=\"noopener\">R\u00e9daction Paris<\/a><br \/>\n        <\/strong><\/p>\n<p>        Publi\u00e9 le<\/p>\n<p>            28 mai 2025 \u00e0 6h52        <\/p>\n<p>Une semaine rabot\u00e9e, du fait de l\u2019Ascension, et de multiples possibilit\u00e9s de sorties dans le <a href=\"https:\/\/actu.fr\/ile-de-france\/val-de-marne_94\" target=\"_blank\" rel=\"noopener\">Val-de-Marne<\/a>. D\u2019une exposition sur <strong>la R\u00e9sistance<\/strong> \u00e0 une <strong>balade<\/strong> sur les berges de la Marne, en passant par la visite du <strong>domaine de Grosbois<\/strong>, actu Paris a dress\u00e9 une liste d\u2019activit\u00e9s \u00e0 r\u00e9aliser du mercredi 28 mai au dimanche 1er juin 2025.\u00a0<\/p>\n<p class=\" wall-content\"><strong>Visite guid\u00e9e de l\u2019exposition\u00a0Libert\u00e9, j\u2019\u00e9cris ton nom ! 1944-1945<\/strong><\/p>\n<p class=\" wall-content\">Cette <a href=\"https:\/\/exploreparis.com\/fr\/8000-exposition-liberte-jecris-ton-nom.html\" target=\"_blank\" rel=\"noopener\">exposition<\/a> interroge les deux derni\u00e8res ann\u00e9es de la Seconde Guerre mondiale \u00e0 l\u2019\u00e9chelle locale. Tout en montrant la r\u00e9alit\u00e9 de l\u2019occupation allemande et du r\u00e9gime de Vichy, elle explique les progr\u00e8s de la R\u00e9sistance et le d\u00e9roulement de la Lib\u00e9ration.\u00a0<\/p>\n<p><strong>Infos pratiques<\/strong> : Champigny-sur-Marne, mercredi 28 mai \u00e0 15h. Gratuit<\/p>\n<p class=\" wall-content\"><strong>Dans les coulisses du centre d\u2019entra\u00eenement hippique de Grosbois<\/strong><\/p>\n<p class=\" wall-content\">Cette <a href=\"https:\/\/exploreparis.com\/fr\/1142-centre-hippique-grosbois.html\" target=\"_blank\" rel=\"noopener\">visite comment\u00e9e<\/a>\u00a0au c\u0153ur de l\u2019activit\u00e9 hippique vous permettra de d\u00e9couvrir les principales infrastructures d\u2019entra\u00eenement telles que le man\u00e8ge ou la piste couverte, mais aussi d\u2019apercevoir quelques espaces privatifs comme les \u00e9curies.<\/p>\n<p><strong>Infos pratiques<\/strong> : Boissy-Saint-L\u00e9ger, samedi 31 mai \u00e0 10h. Tarif 15\u20ac, 12\u20ac pour les 7-18 ans\u00a0<\/p>\n<p>Vid\u00e9os : en ce moment sur Actu<\/p>\n<p class=\" wall-content\"><strong>Le Parc du Tremblay, sur les traces d\u2019un hippodrome disparu<\/strong><\/p>\n<p class=\" wall-content\">Venez d\u00e9couvrir <a href=\"https:\/\/exploreparis.com\/fr\/5921-le-parc-du-tremblay-a-champigny.html\" target=\"_blank\" rel=\"noopener\">l\u2019histoire du quartier du Tremblay \u00e0 Champigny<\/a> : \u00e9volutions architecturales, cr\u00e9ation d\u2019un parc, le plus grand d\u2019\u00cele-de-France, \u00e0 la d\u00e9couverte d\u2019un hippodrome disparu.<\/p>\n<p><strong>Infos pratiques<\/strong> : Champigny-sur-Marne, samedi 31 mai \u00e0 14h. Tarif 13\u20ac, 10\u20ac moins de 16 ans<\/p>\n<p class=\" wall-content\"><strong>Des folies aux tanneries, sur les traces de la Bi\u00e8vre \u00e0 Gentilly<\/strong><\/p>\n<p class=\" wall-content\">Marchez sur <a href=\"https:\/\/exploreparis.com\/fr\/5249-sur-les-traces-de-la-bievre-gentilleenne.html\" target=\"_blank\" rel=\"noopener\">les traces d\u2019une rivi\u00e8re enfouie<\/a> sous terre depuis plus de 60 ans, aujourd\u2019hui remise en eau, et d\u00e9couvrez l\u2019histoire de son pass\u00e9 industriel.<\/p>\n<p><strong>Infos pratiques<\/strong> : Gentilly, samedi 31 mai \u00e0 14h30. Tarif 14\u20ac<\/p>\n<p class=\" wall-content\"><strong>Balade nature \u00e0 pied au fil de la Marne<\/strong><\/p>\n<p class=\" wall-content\">Cette <a href=\"https:\/\/exploreparis.com\/fr\/2880-balade-nature-au-fil-de-la-marne.html\" target=\"_blank\" rel=\"noopener\">balade au fil de l\u2019eau<\/a> parcourt les berges de la Marne jusqu\u2019\u00e0 ses \u00eeles sauvages. Elle vous conduit \u00e0 la d\u00e9couverte d\u2019une v\u00e9g\u00e9tation sp\u00e9cifique adapt\u00e9e aux milieux humides.<\/p>\n<p><strong>Infos pratiques<\/strong> : Joinville-le-Pont, samedi 31 mai \u00e0 14h30. Tarif 16\u20ac, 10\u20ac moins de 16 ans<\/p>\n<p class=\" wall-content\"><strong>Habiter la ville autrement : l\u2019extraordinaire projet de Gailhoustet et Renaudie \u00e0 Ivry-sur-Seine<\/strong><\/p>\n<p class=\" wall-content\">Cette <a href=\"https:\/\/exploreparis.com\/fr\/7719-habiter-la-ville-autrement-a-ivry-sur-seine.html\" target=\"_blank\" rel=\"noopener\">visite vous invite \u00e0 cheminer \u00e0 travers le centre-ville d\u2019Ivry<\/a> et \u00e0 d\u00e9couvrir son architecture atypique de l\u2019ext\u00e9rieur et de l\u2019int\u00e9rieur avec la visite de deux appartements. Le plus : la vue panoramique de la ville du haut d\u2019une terrasse de toit.<\/p>\n<p>Infos pratiques Ivry-sur-Seine, samedi 31 mai \u00e0 11h. Tarif 10\u20ac, TR 5\u20ac, gratuit moins de 18 ans<\/p>\n<p class=\" wall-content\"><strong>Croisi\u00e8re comment\u00e9e de la Boucle de la Marne<\/strong><\/p>\n<p class=\" wall-content\">A bord d\u2019un catamaran \u00e0 fond plat, <a href=\"https:\/\/exploreparis.com\/fr\/6139-croisiere-commentee-de-la-boucle-de-la-marne.html\" target=\"_blank\" rel=\"noopener\">naviguez au milieu de la R\u00e9serve naturelle<\/a> d\u00e9partementale des \u00eeles de la Marne et admirez la faune et la flore.\u00a0<\/p>\n<p><strong>Infos pratiques<\/strong> : Saint-Maur-des-Foss\u00e9s, samedi 31 mai et dimanche 1er juin, plusieurs horaires de d\u00e9part. Tarif 8\u20ac, 5\u20ac moins de 12 ans<\/p>\n<p class=\" wall-content\"><strong>Marche et m\u00e9ditation au Bois \u2013 Vincennes<\/strong><\/p>\n<p class=\" wall-content\">Tout en <a href=\"https:\/\/exploreparis.com\/fr\/4221-la-marche-et-meditation-au-bois-de-vincennes.html\" target=\"_blank\" rel=\"noopener\">d\u00e9ambulant au milieu des arbres et de la v\u00e9g\u00e9tation<\/a>, Hiroko va vous inviter, \u00e0 faire attention \u00e0 votre souffle, \u00e0 ce que vous voyez, \u00e0 ce que vous entendez, sentez\u2026 \u00a0Autant de moyens pour vous aider \u00e0 \u00eatre pleinement conscient et sensible \u00e0 l\u2019instant pr\u00e9sent.<\/p>\n<p><strong>Infos pratiques<\/strong> : Bois de Vincennes, dimanche 1er juin \u00e0 10h. Tarif 17\u20ac<\/p>\n<p class=\" wall-content\"><strong>Les \u0153uvres du c\u00e9l\u00e8bre street artiste C215 \u00e0 Arcueil<\/strong><\/p>\n<p class=\" wall-content\">Suivez votre guide sur les traces de C215, artiste incontournable du street-art, et <a href=\"https:\/\/exploreparis.com\/fr\/8472-les-oeuvres-du-celebre-street-artiste-c215-a-arcueil.html\" target=\"_blank\" rel=\"noopener\">d\u00e9couvrez ses portrait<\/a>s en pochoirs rendant hommage aux grandes figures artistiques d\u2019Arcueil.<\/p>\n<p><strong>Infos pratiques<\/strong> : Arcueil, dimanche 1er juin \u00e0 14h. Tarif 15\u20ac<\/p>\n<p class=\" wall-content\">Cette s\u00e9lection de sorties vous est propos\u00e9e en partenariat avec\u00a0<a href=\"https:\/\/www.tourisme-valdemarne.com\/\" target=\"_blank\" rel=\"noopener\">Val-de-Marne Tourisme et Loisirs<\/a>.<\/p>\n<p class=\" wall-content\">Suivez toute l\u2019actualit\u00e9 de vos villes et m\u00e9dias favoris en vous inscrivant \u00e0 <a href=\"https:\/\/moncompte.actu.fr\" title=\"D\u00e9couvez Mon Actu\" rel=\"nofollow noopener\" data-trk=\"{&quot;cta&quot;:{&quot;action&quot;:&quot;https:\\\/\\\/moncompte.actu.fr&quot;,&quot;category&quot;:&quot;mon compte&quot;,&quot;from&quot;:&quot;article footer&quot;,&quot;name&quot;:&quot;Mon actu&quot;,&quot;type&quot;:&quot;cta&quot;}}\" target=\"_blank\">Mon Actu<\/a>.<\/p>\n","protected":false},"excerpt":{"rendered":"Par R\u00e9daction Paris Publi\u00e9 le 28 mai 2025 \u00e0 6h52 Une semaine rabot\u00e9e, du fait de l\u2019Ascension, et&hellip;\n","protected":false},"author":2,"featured_media":133588,"comment_status":"","ping_status":"","sticky":false,"template":"","format":"standard","meta":{"footnotes":""},"categories":[1888],"tags":[1111,1928,11,1927,1867,1777,674,1011,27,1652,12650,12,1926,626,1925,25,935],"class_list":{"0":"post-133587","1":"post","2":"type-post","3":"status-publish","4":"format-standard","5":"has-post-thumbnail","7":"category-paris","8":"tag-actu","9":"tag-actu-paris","10":"tag-actualites","11":"tag-actualites-paris","12":"tag-animaux","13":"tag-eu","14":"tag-europe","15":"tag-fr","16":"tag-france","17":"tag-loisirs-culture","18":"tag-marne","19":"tag-news","20":"tag-news-paris","21":"tag-paris","22":"tag-paris-news","23":"tag-republique-francaise","24":"tag-seconde-guerre-mondiale"},"share_on_mastodon":{"url":"https:\/\/pubeurope.com\/@fr\/114583944747520093","error":""},"_links":{"self":[{"href":"https:\/\/www.europesays.com\/fr\/wp-json\/wp\/v2\/posts\/133587","targetHints":{"allow":["GET"]}}],"collection":[{"href":"https:\/\/www.europesays.com\/fr\/wp-json\/wp\/v2\/posts"}],"about":[{"href":"https:\/\/www.europesays.com\/fr\/wp-json\/wp\/v2\/types\/post"}],"author":[{"embeddable":true,"href":"https:\/\/www.europesays.com\/fr\/wp-json\/wp\/v2\/users\/2"}],"replies":[{"embeddable":true,"href":"https:\/\/www.europesays.com\/fr\/wp-json\/wp\/v2\/comments?post=133587"}],"version-history":[{"count":0,"href":"https:\/\/www.europesays.com\/fr\/wp-json\/wp\/v2\/posts\/133587\/revisions"}],"wp:featuredmedia":[{"embeddable":true,"href":"https:\/\/www.europesays.com\/fr\/wp-json\/wp\/v2\/media\/133588"}],"wp:attachment":[{"href":"https:\/\/www.europesays.com\/fr\/wp-json\/wp\/v2\/media?parent=133587"}],"wp:term":[{"taxonomy":"category","embeddable":true,"href":"https:\/\/www.europesays.com\/fr\/wp-json\/wp\/v2\/categories?post=133587"},{"taxonomy":"post_tag","embeddable":true,"href":"https:\/\/www.europesays.com\/fr\/wp-json\/wp\/v2\/tags?post=133587"}],"curies":[{"name":"wp","href":"https:\/\/api.w.org\/{rel}","templated":true}]}}