{"id":133598,"date":"2025-05-28T06:07:09","date_gmt":"2025-05-28T06:07:09","guid":{"rendered":"https:\/\/www.europesays.com\/fr\/133598\/"},"modified":"2025-05-28T06:07:09","modified_gmt":"2025-05-28T06:07:09","slug":"les-drones-cest-devenu-larme-populaire-a-limage-du-cocktail-molotov","status":"publish","type":"post","link":"https:\/\/www.europesays.com\/fr\/133598\/","title":{"rendered":"\u201cLes drones, c\u2019est devenu l\u2019arme populaire, \u00e0 l\u2019image du cocktail Molotov\u201d"},"content":{"rendered":"<p>    Lire\u00a0plus\u00a0tard  <\/p>\n<p><a aria-label=\"Nous suivre sur Google News\" href=\"https:\/\/news.google.com\/publications\/CAAqBwgKMJe4nQkw3dFs?hl=fr&amp;gl=FR&amp;ceid=FR%3Afr\" target=\"_blank\" data-piano=\"Page_Article,Sous_date_publi,Nous_suivre_sur_google_news,1er_clic,action\" class=\"btn btn--small btn--secondary\" rel=\"noopener\"><\/p>\n<p>      Google Actualit\u00e9s<br \/>\n  <\/a><\/p>\n<p>  Partager<\/p>\n<p>        Facebook<\/p>\n<p>        Bluesky<\/p>\n<p>        E-mail<\/p>\n<p>        Copier le lien<\/p>\n<p>      Envoyer<\/p>\n<p>    Offrir\u00a0cet\u00a0article<\/p>\n<p>S\u2019abonner permet d\u2019offrir les articles \u00e0 vos proches. Et pas que\u00a0: vous pouvez les consulter et les commenter.<\/p>\n<p>    Temps de lecture\u00a0:\u00a07\u00a0min.<\/p>\n<p class=\"badge badge--content-premium latino-100b\">Abonn\u00e9<\/p>\n<p class=\"article__description latino-600m mb-24 mb-lg-30\" data-oncrawl-chapo-length=\"257\">\n  \t  D\u00e9cryptage\u00a0<br \/>\n    L\u2019usage des drones a explos\u00e9 depuis l\u2019automne en Ukraine. Une strat\u00e9gie de saturation \u00ab\u00a0low cost\u00a0\u00bb qui, dans une course effr\u00e9n\u00e9e \u00e0 l\u2019innovation, red\u00e9finit les pratiques militaires et permet \u00e0 Vladimir Poutine de prolonger ind\u00e9finiment le conflit.<\/p>\n<p class=\"node__paragraphe antonia-750r text-grey-800 pb-24 pb-md-30\">\nEn Ukraine, c\u2019est presque devenu une \u00e9quation math\u00e9matique\u00a0: plus Vladimir Poutine parle de paix, plus la nuit sera dure. Le harc\u00e8lement a\u00e9rien des grandes villes du pays avait d\u00e9j\u00e0 pour signature sonore le bourdonnement grave des drones <a href=\"https:\/\/www.nouvelobs.com\/guerre-en-ukraine\/20221021.OBS64930\/ils-ont-un-adversaire-commun-l-occident-l-iran-et-la-russie-renforcent-leur-alliance-de-circonstance-en-ukraine.html\" target=\"_blank\" rel=\"noopener\">Shahed-136, achet\u00e9s par milliers \u00e0 l\u2019Iran<\/a> par la Russie. Mais depuis septembre 2024, comme frustr\u00e9 de l\u2019immobilit\u00e9 de la ligne de front, le Kremlin a enclench\u00e9 une v\u00e9ritable saturation du ciel ukrainien.<\/p>\n<p class=\"node__paragraphe antonia-750r text-grey-800 pb-8\">\nEn six mois, la Russie est pass\u00e9e de 130\u00a0frappes de drones par semaine \u00e0 1\u00a0100, selon le think tank am\u00e9ricain Center for Strategic and International Studies (CSIS). Et depuis l\u2019investiture de <a href=\"https:\/\/www.nouvelobs.com\/monde\/20250417.OBS102868\/donald-trump-l-apprenti-poutine-sa-deference-envers-le-dictateur-russe-s-est-transformee-en-une-veritable-imitation.html\" target=\"_blank\" rel=\"noopener\">Donald Trump<\/a> aux Etats-Unis, la multiplication des pourparlers de paix et des offres de tr\u00eave s\u2019est sold\u00e9e par des raids toujours plus intenses \u2013 histoire de maintenir la pression. Le nouveau pr\u00e9sident am\u00e9ricain et son homologue russe ont eu, le 19\u00a0mai, une\u2026<\/p>\n<p class=\"latino-100m text-blue-400\">Article r\u00e9serv\u00e9 aux abonn\u00e9s.<\/p>\n<p>          Se connecter<\/p>\n<p class=\"text-center antonia-1850c\" style=\"margin-bottom:4px;\">Envie de lire la suite ?<\/p>\n<p class=\"text-center antonia-800c pb-15\">Tous nos articles en int\u00e9gralit\u00e9 d\u00e8s\u00a01\u20ac<\/p>\n<p>        S&rsquo;abonner<\/p>\n<p class=\"text-grey-700 or\">ou<\/p>\n<p>            <img width=\"164\" height=\"20\" src=\"data:image\/svg+xml,%3Csvg%20xmlns%3D%27http%3A%2F%2Fwww.w3.org%2F2000%2Fsvg%27%20fill%3D%22%23e4e4e4%22%20viewBox%3D%270%200%20282%2054%27%20width%3D%22282%22%20height%3D%2254%22%3E%3Cpath%20d%3D%27M0%200h282v54H0z%27%2F%3E%3C%2Fsvg%3E\"  class=\"js-swg-placeholder\" alt=\"Subscribe with Google\" loading=\"lazy\" decoding=\"async\"\/><\/p>\n<p>          D\u00e9couvrir toutes nos offres<\/p>\n","protected":false},"excerpt":{"rendered":"Lire\u00a0plus\u00a0tard Google Actualit\u00e9s Partager Facebook Bluesky E-mail Copier le lien Envoyer Offrir\u00a0cet\u00a0article S\u2019abonner permet d\u2019offrir les articles \u00e0&hellip;\n","protected":false},"author":2,"featured_media":133599,"comment_status":"","ping_status":"","sticky":false,"template":"","format":"standard","meta":{"footnotes":""},"categories":[1590],"tags":[17,11,10268,19434,2024,1777,674,1146,131,13478,74,12,11666,220],"class_list":{"0":"post-133598","1":"post","2":"type-post","3":"status-publish","4":"format-standard","5":"has-post-thumbnail","7":"category-ukraine","8":"tag-17","9":"tag-actualites","10":"tag-arme","11":"tag-devenu","12":"tag-drones","13":"tag-eu","14":"tag-europe","15":"tag-guerre","16":"tag-guerre-en-ukraine","17":"tag-image","18":"tag-monde","19":"tag-news","20":"tag-populaire","21":"tag-ukraine"},"share_on_mastodon":{"url":"https:\/\/pubeurope.com\/@fr\/114583964552638676","error":""},"_links":{"self":[{"href":"https:\/\/www.europesays.com\/fr\/wp-json\/wp\/v2\/posts\/133598","targetHints":{"allow":["GET"]}}],"collection":[{"href":"https:\/\/www.europesays.com\/fr\/wp-json\/wp\/v2\/posts"}],"about":[{"href":"https:\/\/www.europesays.com\/fr\/wp-json\/wp\/v2\/types\/post"}],"author":[{"embeddable":true,"href":"https:\/\/www.europesays.com\/fr\/wp-json\/wp\/v2\/users\/2"}],"replies":[{"embeddable":true,"href":"https:\/\/www.europesays.com\/fr\/wp-json\/wp\/v2\/comments?post=133598"}],"version-history":[{"count":0,"href":"https:\/\/www.europesays.com\/fr\/wp-json\/wp\/v2\/posts\/133598\/revisions"}],"wp:featuredmedia":[{"embeddable":true,"href":"https:\/\/www.europesays.com\/fr\/wp-json\/wp\/v2\/media\/133599"}],"wp:attachment":[{"href":"https:\/\/www.europesays.com\/fr\/wp-json\/wp\/v2\/media?parent=133598"}],"wp:term":[{"taxonomy":"category","embeddable":true,"href":"https:\/\/www.europesays.com\/fr\/wp-json\/wp\/v2\/categories?post=133598"},{"taxonomy":"post_tag","embeddable":true,"href":"https:\/\/www.europesays.com\/fr\/wp-json\/wp\/v2\/tags?post=133598"}],"curies":[{"name":"wp","href":"https:\/\/api.w.org\/{rel}","templated":true}]}}