{"id":133610,"date":"2025-05-28T06:13:10","date_gmt":"2025-05-28T06:13:10","guid":{"rendered":"https:\/\/www.europesays.com\/fr\/133610\/"},"modified":"2025-05-28T06:13:10","modified_gmt":"2025-05-28T06:13:10","slug":"bison-fute-voit-noir-pour-le-pont-de-lascension-sur-les-routes-et-cest-la-premiere-fois-cette-annee-2","status":"publish","type":"post","link":"https:\/\/www.europesays.com\/fr\/133610\/","title":{"rendered":"Bison Fut\u00e9 voit noir pour le pont de l\u2019Ascension sur les routes, et c\u2019est la premi\u00e8re fois cette ann\u00e9e"},"content":{"rendered":"<p>        <img decoding=\"async\" loading=\"lazy\" src=\"https:\/\/www.europesays.com\/fr\/wp-content\/uploads\/2025\/05\/c6d2fbe_1722523611397-000-par2700581.jpg\"  width=\"728\" height=\"410\" alt=\"Bison Fut\u00e9 pr\u00e9voit une circulation noire dans le quart nord-ouest du pays ce dimanche 1er juin (Photo d\u2019illustration)\"\/>  <\/p>\n<p>PIERRE ANDRIEU \/ AFP<\/p>\n<p>Bison Fut\u00e9 pr\u00e9voit une circulation noire dans le quart nord-ouest du pays ce dimanche 1er juin (Photo d\u2019illustration)<\/p>\n<p class=\"asset asset-text\">FRANCE &#8211; C\u2019est chaque ann\u00e9e un week-end particuli\u00e8rement tendu sur <a href=\"https:\/\/www.huffingtonpost.fr\/life\/article\/en-voiture-dans-les-bouchons-ces-jeux-sans-telephone-vous-aideront-a-vous-detendre-et-passer-le-temps-clx1_236459.html\" rel=\"nofollow noopener\" target=\"_blank\">les routes<\/a>, et 2025\u00a0n\u2019y manquera pas. Alors que les \u00e9coles seront ferm\u00e9es durant quatre\u00a0jours, Bison Fut\u00e9 pr\u00e9voit pour le <a href=\"https:\/\/www.huffingtonpost.fr\/france\/article\/meteo-france-prevoit-un-premier-pic-de-forte-chaleur-pour-le-pont-de-l-ascension_250543.html\" rel=\"nofollow noopener\" target=\"_blank\">pont de l\u2019Ascension<\/a> \u00ab\u00a0d\u2019importantes difficult\u00e9s de circulation\u00a0\u00bb sur \u00ab\u00a0l\u2019ensemble des grands axes du pays\u00a0\u00bb, de ce mercredi 28\u00a0mai au dimanche 1er\u00a0juin.<\/p>\n<p class=\"asset asset-text\">Mais c\u2019est surtout le dimanche qui s\u2019annonce \u00eatre une journ\u00e9e \u00ab\u00a0extr\u00eamement difficile\u00a0\u00bb dans le sens des retours, avec tout l\u2019Hexagone class\u00e9 au moins en circulation rouge. Les tensions sur la route vont cependant particuli\u00e8rement se cristalliser dans le quart nord-ouest du pays\u00a0: cette partie de l\u2019Hexagone a \u00e9t\u00e9 class\u00e9e en circulation\u00a0noire\u00a0dans le sens des retours, une premi\u00e8re en cette ann\u00e9e 2025.<\/p>\n<p class=\"asset asset-text\">\u00ab\u00a0Des encombrements tr\u00e8s importants sont pr\u00e9vus du milieu de la matin\u00e9e et jusque tard dans la soir\u00e9e\u00a0\u00bb, indique Bison Fut\u00e9 pour la journ\u00e9e du dimanche, que ce soit au niveau des \u00ab\u00a0axes du quart nord-ouest\u00a0\u00bb, dans \u00ab\u00a0le Sud-Ouest\u00a0\u00bb, au \u00ab\u00a0d\u00e9part de l\u2019arc m\u00e9diterran\u00e9en\u00a0\u00bb ou en \u00ab\u00a0\u00cele-de-France\u00a0\u00bb\u00a0: en somme, un peu partout dans le pays. Bison Fut\u00e9 recommande \u00ab\u00a0dans la mesure du possible, de d\u00e9caler vos d\u00e9placements pour \u00e9viter de prendre la route\u00a0\u00bb.<\/p>\n<p>    Mercredi et jeudi rouge dans le sens des d\u00e9parts    <\/p>\n<p class=\"asset asset-text\">Le reste du week-end ne s\u2019annonce cependant pas beaucoup plus simple sur la route. Dans le sens des d\u00e9parts, les journ\u00e9es du mercredi 28\u00a0mai et du jeudi 29\u00a0mai ont \u00e9galement \u00e9t\u00e9 class\u00e9es en\u00a0rouge par <a href=\"https:\/\/www.bison-fute.gouv.fr\/IMG\/pdf\/Previsions_du_28_mai_au_1er_juin_2025_c.pdf\" target=\"_blank\" rel=\"noopener nofollow\" title=\"Nouvelle fen\u00eatre\">Bison Fut\u00e9<\/a>.<\/p>\n<p class=\"asset asset-text\">Pour le mercredi, l\u2019institut public sp\u00e9cialiste du trafic pr\u00e9voit des \u00ab\u00a0d\u00e9placements particuli\u00e8rement difficiles d\u00e8s le d\u00e9but de la matin\u00e9e et jusque tard dans la soir\u00e9e\u00a0\u00bb, notamment sur \u00ab\u00a0les axes en direction de la c\u00f4te normande, la c\u00f4te atlantique et la c\u00f4te m\u00e9diterran\u00e9enne\u00a0\u00bb. Mais aussi en \u00cele-de-France \u00ab\u00a0en direction des barri\u00e8res de p\u00e9age des autoroutes A10 et A6\u00a0\u00bb.<\/p>\n<p class=\"asset asset-text\">\u00c0 noter que cette journ\u00e9e a \u00e9galement \u00e9t\u00e9 class\u00e9e en orange dans le sens des d\u00e9parts\u00a0: Bison Fut\u00e9 note que \u00ab\u00a0les axes septentrionaux devraient \u00eatre tr\u00e8s sollicit\u00e9s \u00e0 l\u2019instar de l\u2019A1, ainsi que ceux au d\u00e9part de la c\u00f4te m\u00e9diterran\u00e9enne\u00a0\u00bb.<\/p>\n<p class=\"asset asset-text\">Rebelote le jeudi dans le sens des d\u00e9parts, avec des \u00ab\u00a0difficult\u00e9s importantes\u00a0\u00bb qui \u00ab\u00a0devraient s\u2019\u00e9tendre du d\u00e9but de la matin\u00e9e jusqu\u2019en fin d\u2019apr\u00e8s-midi\u00a0\u00bb, l\u00e0 aussi en direction de la \u00ab\u00a0c\u00f4te Normande\u00a0\u00bb, le \u00ab\u00a0quart Sud-Est\u00a0\u00bb et \u00ab\u00a0en \u00cele-de-France\u00a0\u00bb. Les automobilistes sont pr\u00e9venus\u00a0: pr\u00e9voir suffisamment d\u2019activit\u00e9s pour s\u2019occuper dans les kilom\u00e8tres de bouchons qui s\u2019annoncent, ou bien s\u2019organiser en cons\u00e9quence.<\/p>\n","protected":false},"excerpt":{"rendered":"PIERRE ANDRIEU \/ AFP Bison Fut\u00e9 pr\u00e9voit une circulation noire dans le quart nord-ouest du pays ce dimanche&hellip;\n","protected":false},"author":2,"featured_media":132186,"comment_status":"","ping_status":"","sticky":false,"template":"","format":"standard","meta":{"footnotes":""},"categories":[2],"tags":[11,6427,7050,1011,27,12,25,1097],"class_list":{"0":"post-133610","1":"post","2":"type-post","3":"status-publish","4":"format-standard","5":"has-post-thumbnail","7":"category-actualites","8":"tag-actualites","9":"tag-bison-fute","10":"tag-bouchons","11":"tag-fr","12":"tag-france","13":"tag-news","14":"tag-republique-francaise","15":"tag-trafic"},"share_on_mastodon":{"url":"https:\/\/pubeurope.com\/@fr\/114583988226851925","error":""},"_links":{"self":[{"href":"https:\/\/www.europesays.com\/fr\/wp-json\/wp\/v2\/posts\/133610","targetHints":{"allow":["GET"]}}],"collection":[{"href":"https:\/\/www.europesays.com\/fr\/wp-json\/wp\/v2\/posts"}],"about":[{"href":"https:\/\/www.europesays.com\/fr\/wp-json\/wp\/v2\/types\/post"}],"author":[{"embeddable":true,"href":"https:\/\/www.europesays.com\/fr\/wp-json\/wp\/v2\/users\/2"}],"replies":[{"embeddable":true,"href":"https:\/\/www.europesays.com\/fr\/wp-json\/wp\/v2\/comments?post=133610"}],"version-history":[{"count":0,"href":"https:\/\/www.europesays.com\/fr\/wp-json\/wp\/v2\/posts\/133610\/revisions"}],"wp:featuredmedia":[{"embeddable":true,"href":"https:\/\/www.europesays.com\/fr\/wp-json\/wp\/v2\/media\/132186"}],"wp:attachment":[{"href":"https:\/\/www.europesays.com\/fr\/wp-json\/wp\/v2\/media?parent=133610"}],"wp:term":[{"taxonomy":"category","embeddable":true,"href":"https:\/\/www.europesays.com\/fr\/wp-json\/wp\/v2\/categories?post=133610"},{"taxonomy":"post_tag","embeddable":true,"href":"https:\/\/www.europesays.com\/fr\/wp-json\/wp\/v2\/tags?post=133610"}],"curies":[{"name":"wp","href":"https:\/\/api.w.org\/{rel}","templated":true}]}}