{"id":133611,"date":"2025-05-28T06:14:09","date_gmt":"2025-05-28T06:14:09","guid":{"rendered":"https:\/\/www.europesays.com\/fr\/133611\/"},"modified":"2025-05-28T06:14:09","modified_gmt":"2025-05-28T06:14:09","slug":"le-vaisseau-de-starship-delon-musk-explose-en-vol","status":"publish","type":"post","link":"https:\/\/www.europesays.com\/fr\/133611\/","title":{"rendered":"Le vaisseau de Starship d\u2019Elon Musk explose en vol"},"content":{"rendered":"<p>C\u2019est un nouveau vol d\u2019essai mouvement\u00e9 pour <a href=\"https:\/\/www.20minutes.fr\/sciences\/starship\/\" target=\"_blank\" class=\"color-ultramarine c-link\" rel=\"nofollow noopener\">Starship<\/a>. La m\u00e9ga fus\u00e9e, que l\u2019entreprise SpaceX d\u2019<a href=\"https:\/\/www.20minutes.fr\/dossier\/elon_musk\" target=\"_blank\" class=\"color-ultramarine c-link\" rel=\"nofollow noopener\">Elon Musk<\/a> d\u00e9veloppe pour aller sur Mars, est parvenue mardi \u00e0 aller dans l\u2019espace mais son vaisseau a explos\u00e9 avant sa redescente pr\u00e9vue sur Terre.<\/p>\n<p>Cette fus\u00e9e, qui fait la taille d\u2019un immeuble d\u2019environ 40 \u00e9tages et est la plus puissante jamais con\u00e7ue, s\u2019\u00e9tait envol\u00e9e du Texas dans un colossal nuage de fum\u00e9e peu apr\u00e8s 23h35 GMT. Mais l\u2019enthousiasme des spectateurs et des ing\u00e9nieurs s\u2019est temp\u00e9r\u00e9 quelques minutes apr\u00e8s le d\u00e9collage en raison de d\u00e9convenues techniques.<\/p>\n<p>D\u00e9j\u00e0 des explosions en janvier et mars<\/p>\n<p>Lors de deux pr\u00e9c\u00e9dents essais en janvier et mars, l\u2019\u00e9tage sup\u00e9rieur avait explos\u00e9 au d\u00e9but du vol, provoquant des pluies de d\u00e9bris incandescents au-dessus des Cara\u00efbes et des d\u00e9g\u00e2ts minimes.<\/p>\n<\/p>\n<p>Cette fois, le vaisseau a r\u00e9ussi \u00e0 atteindre l\u2019espace mais pas \u00e0 d\u00e9ployer les simulateurs de satellites qu\u2019il transportait. Et il a surtout subi une fuite de carburant qui lui a fait perdre le contr\u00f4le et l\u2019a conduit \u00e0 exploser au-dessus de l\u2019oc\u00e9an Indien, o\u00f9 il devait finir sa course de mani\u00e8re contr\u00f4l\u00e9e. Il a subi un \u00ab\u00a0d\u00e9sassemblage rapide non programm\u00e9\u00a0\u00bb, a indiqu\u00e9 <a href=\"https:\/\/www.20minutes.fr\/dossier\/spacex\" target=\"_blank\" class=\"color-ultramarine c-link\" rel=\"nofollow noopener\">SpaceX<\/a> sur X, r\u00e9employant l\u2019euph\u00e9misme favori d\u2019Elon Musk pour parler d\u2019une explosion.<\/p>\n<p>La devise de Musk\u00a0: \u00ab\u00a0Coloniser Mars\u00a0\u00bb<\/p>\n<p>Le premier \u00e9tage de la fus\u00e9e, qui a propuls\u00e9 l\u2019ensemble, a connu le m\u00eame sort, explosant probablement juste avant son plongeon programm\u00e9 dans le golfe du Mexique. Lors de cet essai, le neuvi\u00e8me, SpaceX avait d\u00e9cid\u00e9 de ne pas tenter de le faire revenir sur son pas de tir pour le rattraper avec des bras m\u00e9caniques \u2013 une man\u0153uvre spectaculaire qu\u2019elle seule ma\u00eetrise. A la place, ce propulseur, le premier \u00e0 \u00eatre r\u00e9utilis\u00e9 apr\u00e8s un vol, devait r\u00e9aliser des exp\u00e9riences visant \u00e0 am\u00e9liorer les performances de ces appareils. Elon Musk ambitionne de les r\u00e9employer \u00e0 plusieurs reprises, dans l\u2019objectif de rendre sa fus\u00e9e totalement r\u00e9utilisable afin de r\u00e9duire consid\u00e9rablement les co\u00fbts et les ressources.<\/p>\n<p><a href=\"https:\/\/www.20minutes.fr\/sciences\/\" target=\"_blank\" class=\"c-link c-btn c-btn--primary\" rel=\"nofollow noopener\">Notre dossier Sciences<\/a><\/p>\n<p>Le fondateur de SpaceX a suivi le vol directement depuis le site texan de l\u2019entreprise, Starbase, v\u00eatu d\u2019un tee-shirt affichant sa devise\u00a0: \u00ab\u00a0coloniser Mars\u00a0\u00bb. Le richissime entrepreneur compte en effet sur cette m\u00e9ga fus\u00e9e pour mener \u00e0 bien son projet de conqu\u00eate de la plan\u00e8te rouge, n\u00e9cessaire selon lui pour faire des humains une esp\u00e8ce \u00ab\u00a0multiplan\u00e9taire\u00a0\u00bb et offrir un plan de secours dans le cas o\u00f9 la Terre deviendrait inhabitable. Une ambition qu\u2019il devait d\u00e9tailler mardi lors d\u2019une prise de parole qui a toutefois \u00e9t\u00e9 d\u00e9programm\u00e9e sans raison.<\/p>\n","protected":false},"excerpt":{"rendered":"C\u2019est un nouveau vol d\u2019essai mouvement\u00e9 pour Starship. La m\u00e9ga fus\u00e9e, que l\u2019entreprise SpaceX d\u2019Elon Musk d\u00e9veloppe pour&hellip;\n","protected":false},"author":2,"featured_media":133612,"comment_status":"","ping_status":"","sticky":false,"template":"","format":"standard","meta":{"footnotes":""},"categories":[2],"tags":[47,11,46,386,73,1011,27,142,918,74,333,12,25,41,45,2758,133],"class_list":{"0":"post-133611","1":"post","2":"type-post","3":"status-publish","4":"format-standard","5":"has-post-thumbnail","7":"category-actualites","8":"tag-actualite","9":"tag-actualites","10":"tag-elon-musk","11":"tag-espace","12":"tag-etats-unis","13":"tag-fr","14":"tag-france","15":"tag-high-tech","16":"tag-mars","17":"tag-monde","18":"tag-nasa","19":"tag-news","20":"tag-republique-francaise","21":"tag-sciences","22":"tag-spacex","23":"tag-starship","24":"tag-video"},"share_on_mastodon":{"url":"https:\/\/pubeurope.com\/@fr\/114583991974953852","error":""},"_links":{"self":[{"href":"https:\/\/www.europesays.com\/fr\/wp-json\/wp\/v2\/posts\/133611","targetHints":{"allow":["GET"]}}],"collection":[{"href":"https:\/\/www.europesays.com\/fr\/wp-json\/wp\/v2\/posts"}],"about":[{"href":"https:\/\/www.europesays.com\/fr\/wp-json\/wp\/v2\/types\/post"}],"author":[{"embeddable":true,"href":"https:\/\/www.europesays.com\/fr\/wp-json\/wp\/v2\/users\/2"}],"replies":[{"embeddable":true,"href":"https:\/\/www.europesays.com\/fr\/wp-json\/wp\/v2\/comments?post=133611"}],"version-history":[{"count":0,"href":"https:\/\/www.europesays.com\/fr\/wp-json\/wp\/v2\/posts\/133611\/revisions"}],"wp:featuredmedia":[{"embeddable":true,"href":"https:\/\/www.europesays.com\/fr\/wp-json\/wp\/v2\/media\/133612"}],"wp:attachment":[{"href":"https:\/\/www.europesays.com\/fr\/wp-json\/wp\/v2\/media?parent=133611"}],"wp:term":[{"taxonomy":"category","embeddable":true,"href":"https:\/\/www.europesays.com\/fr\/wp-json\/wp\/v2\/categories?post=133611"},{"taxonomy":"post_tag","embeddable":true,"href":"https:\/\/www.europesays.com\/fr\/wp-json\/wp\/v2\/tags?post=133611"}],"curies":[{"name":"wp","href":"https:\/\/api.w.org\/{rel}","templated":true}]}}