{"id":133613,"date":"2025-05-28T06:15:09","date_gmt":"2025-05-28T06:15:09","guid":{"rendered":"https:\/\/www.europesays.com\/fr\/133613\/"},"modified":"2025-05-28T06:15:09","modified_gmt":"2025-05-28T06:15:09","slug":"une-juge-parisienne-saisie-dune-plainte-contre-air-france","status":"publish","type":"post","link":"https:\/\/www.europesays.com\/fr\/133613\/","title":{"rendered":"une juge parisienne saisie d&rsquo;une plainte contre Air France"},"content":{"rendered":"<p>L&rsquo;air des avions peut-il affecter la sant\u00e9 ? Une juge d&rsquo;instruction du p\u00f4le parisien environnement et sant\u00e9 publique a r\u00e9cemment entendu <a href=\"https:\/\/www.laprovence.com\/article\/societe\/3847148460619214\/retards-et-annulations-ryanair-air-france-easyjet-quelle-est-la-compagnie-aerienne-la-moins-fiable\" target=\"_blank\" rel=\"nofollow noopener\">un steward qui a port\u00e9 plainte contre Air France<\/a>, notamment pour des blessures involontaires qui r\u00e9sulteraient du \u00ab\u00a0syndrome a\u00e9rotoxique\u00a0\u00bb, a appris l&rsquo;AFP ce mercredi 28 mai de source proche du dossier.<\/p>\n<p>Sollicit\u00e9 par l&rsquo;AFP, Air France a simplement r\u00e9pondu n&rsquo;avoir \u00ab\u00a0pas connaissance d&rsquo;une telle proc\u00e9dure\u00a0\u00bb, la deuxi\u00e8me enqu\u00eate \u00e0 Paris concernant cet ensemble de sympt\u00f4mes d\u00e9nonc\u00e9 par des personnels navigants a\u00e9riens qui proviendraient de la contamination par des substances toxiques de l&rsquo;air pressuris\u00e9 des avions venant des r\u00e9acteurs.<\/p>\n<p>Marc (pr\u00e9nom modifi\u00e9), \u00e2g\u00e9 d&rsquo;une cinquantaine d&rsquo;ann\u00e9es, est steward pour le transporteur tricolore depuis une vingtaine d&rsquo;ann\u00e9es. Il a d\u00e9pos\u00e9 en avril 2024 une plainte avec constitution de partie civile.<\/p>\n<p>Entendu le 22 mai par la juge d&rsquo;instruction, il a racont\u00e9 \u00e0 l&rsquo;AFP trois malaises qu&rsquo;il impute \u00e0 un syndrome a\u00e9rotoxique.\u00a0<\/p>\n<p>Le parquet de Paris avait class\u00e9 sa premi\u00e8re plainte en septembre 2023 car \u00ab\u00a0la d\u00e9monstration scientifique\u00a0\u00bb de ce syndrome \u00ab\u00a0n\u2019\u00e9tait pas \u00e9tablie\u00a0\u00bb.<\/p>\n<p>Mais pour Marc, il y a au sein d&rsquo;Air France mais plus largement des pilotes, \u00ab\u00a0une omerta\u00a0\u00bb.\u00a0<\/p>\n<p>L&rsquo;Association des victimes du syndrome a\u00e9rotoxique (Avsa) d\u00e9nonce en effet de longue date le fait que \u00ab\u00a0sur la quasi-totalit\u00e9 des avions de ligne, l&rsquo;air respir\u00e9 \u00e0 bord (&#8230;) est contamin\u00e9, entre autres, par l&rsquo;huile utilis\u00e9e pour la lubrification\u00a0\u00bb des moteurs qui contient des \u00ab\u00a0additifs toxiques\u00a0\u00bb.<\/p>\n<p>Entre autres sympt\u00f4mes: maux de t\u00eate, vertiges, probl\u00e8mes digestifs et respiratoires&#8230;<\/p>\n<p>Scientifiquement et judiciairement, le d\u00e9bat fait rage.<\/p>\n<p>L&rsquo;Agence de s\u00e9curit\u00e9 sanitaire a temporis\u00e9 fin 2023, estimant que des recherches plus approfondies \u00e9taient n\u00e9cessaires pour \u00e9tablir un \u00e9ventuel lien avec des sympt\u00f4mes rapport\u00e9s par des personnels navigants.<\/p>\n<p>De son c\u00f4t\u00e9, l&rsquo;Association du transport a\u00e9rien international (IATA), organisation des transporteurs, expliquait en 2018 que \u00ab\u00a0la recherche \u00e0 ce jour n&rsquo;a \u00e9tabli aucun lien de causalit\u00e9\u00a0\u00bb.<\/p>\n<p>Dans le cadre d&rsquo;une autre information judiciaire \u00e0 Paris, la m\u00eame juge d&rsquo;instruction est saisie d&rsquo;une autre plainte d\u00e9pos\u00e9e en 2016, cette fois par un pilote d&rsquo;Easyjet se disant lui aussi victime du syndrome.<\/p>\n<p>A ce jour, Easyjet n&rsquo;est que t\u00e9moin assist\u00e9 depuis septembre 2023 et a \u00e9t\u00e9 confront\u00e9 en septembre dernier au pilote plaignant.<\/p>\n<p>Pour Me B\u00e9ryl Brown, avocate de l&rsquo;Avsa, \u00ab\u00a0il y a des m\u00e9thodes de pr\u00e9vention et des solutions techniques qui ne sont pas mises en \u0153uvre\u00a0\u00bb.<\/p>\n","protected":false},"excerpt":{"rendered":"L&rsquo;air des avions peut-il affecter la sant\u00e9 ? Une juge d&rsquo;instruction du p\u00f4le parisien environnement et sant\u00e9 publique&hellip;\n","protected":false},"author":2,"featured_media":133614,"comment_status":"","ping_status":"","sticky":false,"template":"","format":"standard","meta":{"footnotes":""},"categories":[4],"tags":[17,11,25935,13796,154,274,1011,27,16456,12,25934,25,71,96],"class_list":{"0":"post-133613","1":"post","2":"type-post","3":"status-publish","4":"format-standard","5":"has-post-thumbnail","7":"category-france","8":"tag-17","9":"tag-actualites","10":"tag-affecter","11":"tag-avions","12":"tag-des","13":"tag-faits-divers-justice","14":"tag-fr","15":"tag-france","16":"tag-lair","17":"tag-news","18":"tag-peut-il","19":"tag-republique-francaise","20":"tag-sante","21":"tag-une"},"share_on_mastodon":{"url":"https:\/\/pubeurope.com\/@fr\/114583996036537568","error":""},"_links":{"self":[{"href":"https:\/\/www.europesays.com\/fr\/wp-json\/wp\/v2\/posts\/133613","targetHints":{"allow":["GET"]}}],"collection":[{"href":"https:\/\/www.europesays.com\/fr\/wp-json\/wp\/v2\/posts"}],"about":[{"href":"https:\/\/www.europesays.com\/fr\/wp-json\/wp\/v2\/types\/post"}],"author":[{"embeddable":true,"href":"https:\/\/www.europesays.com\/fr\/wp-json\/wp\/v2\/users\/2"}],"replies":[{"embeddable":true,"href":"https:\/\/www.europesays.com\/fr\/wp-json\/wp\/v2\/comments?post=133613"}],"version-history":[{"count":0,"href":"https:\/\/www.europesays.com\/fr\/wp-json\/wp\/v2\/posts\/133613\/revisions"}],"wp:featuredmedia":[{"embeddable":true,"href":"https:\/\/www.europesays.com\/fr\/wp-json\/wp\/v2\/media\/133614"}],"wp:attachment":[{"href":"https:\/\/www.europesays.com\/fr\/wp-json\/wp\/v2\/media?parent=133613"}],"wp:term":[{"taxonomy":"category","embeddable":true,"href":"https:\/\/www.europesays.com\/fr\/wp-json\/wp\/v2\/categories?post=133613"},{"taxonomy":"post_tag","embeddable":true,"href":"https:\/\/www.europesays.com\/fr\/wp-json\/wp\/v2\/tags?post=133613"}],"curies":[{"name":"wp","href":"https:\/\/api.w.org\/{rel}","templated":true}]}}