{"id":133620,"date":"2025-05-28T06:21:15","date_gmt":"2025-05-28T06:21:15","guid":{"rendered":"https:\/\/www.europesays.com\/fr\/133620\/"},"modified":"2025-05-28T06:21:15","modified_gmt":"2025-05-28T06:21:15","slug":"la-grille-de-depart-du-gp-de-grande-bretagne-motogp","status":"publish","type":"post","link":"https:\/\/www.europesays.com\/fr\/133620\/","title":{"rendered":"La grille de d\u00e9part du GP de Grande-Bretagne MotoGP"},"content":{"rendered":"<p>Et de trois ! <a href=\"https:\/\/www.autohebdo.fr\/actualites\/tag\/fabio-quartararo\" data-internallinksmanager029f6b8e52c=\"15\" title=\"Fabio Quartararo\" target=\"_blank\" rel=\"noopener\">Fabio Quartararo<\/a> a sign\u00e9 sa troisi\u00e8me pole position cons\u00e9cutive en <a href=\"https:\/\/www.autohebdo.fr\/actualites\/motogp\" data-internallinksmanager029f6b8e52c=\"4\" title=\"MotoGP\" target=\"_blank\" rel=\"noopener\">MotoGP<\/a>, cette fois \u00e0 Silverstone, dans le cadre du Grand Prix de Grande-Bretagne. Comme souvent, il aura derri\u00e8re lui une horde de Ducati, avec \u00c1lex M\u00e1rquez, Francesco Bagnaia, Marc M\u00e1rquez et Ferm\u00edn Aldeguer. Jack Miller place la deuxi\u00e8me meilleure Yamaha sur la grille, en sixi\u00e8me position.<\/p>\n<p>Fabio Di Giannantonio, Luca Marini et le dernier vainqueur en date, Johann Zarco, seront en troisi\u00e8me ligne, devant Marco Bezzecchi, \u00c1lex Rins et Joan Mir. Franco Morbidelli a \u00e9t\u00e9 le premier \u00e9limin\u00e9 en Q1 et sera 13e sur la grille devant Pedro Acosta et Miguel Oliveira, en meilleure forme qu\u2019au Mans, o\u00f9 il revenait de blessure. Ra\u00fal Fern\u00e1ndez est seizi\u00e8me, juste devant Enea Bastianini et Maverick Vi\u00f1ales, les \u00e9quipiers de l\u2019\u00e9curie Tech3. Brad Binder a sign\u00e9 le moins bon temps des quatre KTM, devant l\u2019Aprilia de Lorenzo Savadori, toujours rempla\u00e7ant de Jorge Mart\u00edn.<\/p>\n<p>Pour sa deuxi\u00e8me wild-card de la saison, Aleix Espargar\u00f3 partira depuis la 21e place, devant Somkiat Chantra. Ai Ogura, bless\u00e9 suite \u00e0 une chute en Essais Libres 1, ne prendra pas part aux courses du week-end.<\/p>\n<p>MotoGP \u2013 Grand Prix de Grande-Bretagne<br \/>La grille de d\u00e9part<\/p>\n<p><strong>1) Fabio Quartararo (Yamaha)<\/strong><br \/>2) \u00c1lex M\u00e1rquez (Ducati)<br \/>3) Francesco Bagnaia (Ducati)<br \/>4) Marc M\u00e1rquez (Ducati)<br \/>5) Ferm\u00edn Aldeguer (Ducati)<br \/>6) Jack Miller (Yamaha)<br \/>7) Fabio Di Giannantonio (Ducati)<br \/>8) Luca Marini (Honda)<br \/><strong>9) Johann Zarco (Honda)<\/strong><br \/>10) Marco Bezzecchi (Aprilia)<br \/>11) \u00c1lex Rins (Yamaha)<br \/>12) Joan Mir (Honda)<br \/>13) Franco Morbidelli (Ducati)<br \/>14) Pedro Acosta (KTM)<br \/>15) Miguel Oliveira (Yamaha)<br \/>16) Ra\u00fal Fern\u00e1ndez (Aprilia)<br \/>17) Enea Bastianini (KTM)<br \/>18) Maverick Vi\u00f1ales (KTM)<br \/>19) Brad Binder (KTM)<br \/>20) Lorenzo Savadori (Aprilia)<br \/>21) Aleix Espargar\u00f3 (Honda)<br \/>22) Somkiat Chantra (Honda)<\/p>\n<p><strong>\u00c1 LIRE AUSSI &gt; <a href=\"https:\/\/www.autohebdo.fr\/actualites\/motogp\/motogp-gp-de-grande-bretagne-qualifications.html\" target=\"_blank\" rel=\"noopener\">GP de Grande-Bretagne \u2013 Qualifications : Et de trois pour Fabio Quartararo, en pole \u00e0 Silverstone !<\/a><\/strong><\/p>\n","protected":false},"excerpt":{"rendered":"Et de trois ! Fabio Quartararo a sign\u00e9 sa troisi\u00e8me pole position cons\u00e9cutive en MotoGP, cette fois \u00e0&hellip;\n","protected":false},"author":2,"featured_media":133621,"comment_status":"","ping_status":"","sticky":false,"template":"","format":"standard","meta":{"footnotes":""},"categories":[1413],"tags":[1011,27,25936,2128,1457,1456,1458,23125,60],"class_list":{"0":"post-133620","1":"post","2":"type-post","3":"status-publish","4":"format-standard","5":"has-post-thumbnail","7":"category-moto","8":"tag-fr","9":"tag-france","10":"tag-grand-prix-de-grande-bretagne","11":"tag-grille-de-depart","12":"tag-moto","13":"tag-motocycle","14":"tag-motogp","15":"tag-silverstone","16":"tag-sports"},"share_on_mastodon":{"url":"https:\/\/pubeurope.com\/@fr\/114584019649667684","error":""},"_links":{"self":[{"href":"https:\/\/www.europesays.com\/fr\/wp-json\/wp\/v2\/posts\/133620","targetHints":{"allow":["GET"]}}],"collection":[{"href":"https:\/\/www.europesays.com\/fr\/wp-json\/wp\/v2\/posts"}],"about":[{"href":"https:\/\/www.europesays.com\/fr\/wp-json\/wp\/v2\/types\/post"}],"author":[{"embeddable":true,"href":"https:\/\/www.europesays.com\/fr\/wp-json\/wp\/v2\/users\/2"}],"replies":[{"embeddable":true,"href":"https:\/\/www.europesays.com\/fr\/wp-json\/wp\/v2\/comments?post=133620"}],"version-history":[{"count":0,"href":"https:\/\/www.europesays.com\/fr\/wp-json\/wp\/v2\/posts\/133620\/revisions"}],"wp:featuredmedia":[{"embeddable":true,"href":"https:\/\/www.europesays.com\/fr\/wp-json\/wp\/v2\/media\/133621"}],"wp:attachment":[{"href":"https:\/\/www.europesays.com\/fr\/wp-json\/wp\/v2\/media?parent=133620"}],"wp:term":[{"taxonomy":"category","embeddable":true,"href":"https:\/\/www.europesays.com\/fr\/wp-json\/wp\/v2\/categories?post=133620"},{"taxonomy":"post_tag","embeddable":true,"href":"https:\/\/www.europesays.com\/fr\/wp-json\/wp\/v2\/tags?post=133620"}],"curies":[{"name":"wp","href":"https:\/\/api.w.org\/{rel}","templated":true}]}}