{"id":133624,"date":"2025-05-28T06:23:11","date_gmt":"2025-05-28T06:23:11","guid":{"rendered":"https:\/\/www.europesays.com\/fr\/133624\/"},"modified":"2025-05-28T06:23:11","modified_gmt":"2025-05-28T06:23:11","slug":"vent-de-folie-sur-le-giro","status":"publish","type":"post","link":"https:\/\/www.europesays.com\/fr\/133624\/","title":{"rendered":"vent de folie sur le Giro"},"content":{"rendered":"<p>Abandon de Primoz Roglic, d\u00e9faillance de Juan Ayuso et premiers signes de faiblesse d&rsquo;Isaac del Toro: un vent de folie a souffl\u00e9 mardi sur le Tour d&rsquo;Italie lors d&rsquo;une 16e \u00e9tape compl\u00e8tement d\u00e9brid\u00e9e remport\u00e9e par l&rsquo;Italien Christian Scaroni \u00e0 San Valentino.<\/p>\n<p>A l&rsquo;issue de cette premi\u00e8re grande \u00e9tape de montagne, les cartes sont rebattues dans l&rsquo;optique de la victoire finale dimanche \u00e0 Rome.<\/p>\n<p>Le maillot rose est toujours sur les fr\u00eales \u00e9paules d&rsquo;Isaac del Toro. Mais le Mexicain de 21 ans, qui n&rsquo;a pas pu suivre l&rsquo;acc\u00e9l\u00e9ration de Simon Yates ni l&rsquo;attaque de Richard Carapaz dans la derni\u00e8re ascension, ne compte plus que 26 secondes d&rsquo;avance sur le Britannique et 31 sur l&rsquo;Equatorien qui sont d\u00e9sormais ses deux principaux rivaux.<\/p>\n<p>Car Roglic et Ayuso, les deux grands favoris au d\u00e9part du Giro, sont pass\u00e9s par la fen\u00eatre lors d&rsquo;une \u00e9tape totalement dingue, courue d&rsquo;abord sous une pluie rendant les routes tr\u00e8s glissantes, puis un grand soleil.<\/p>\n<p>Comme l&rsquo;an dernier sur le Tour de France, Primoz Roglic a d\u00fb abandonner \u00e0 cause d&rsquo;une \u00e9ni\u00e8me chute, \u00e0 95 km de l&rsquo;arriv\u00e9e, la quatri\u00e8me d\u00e9j\u00e0 dans ce Giro.<\/p>\n<p>\u00ab\u00a0L&rsquo;accumulation des chutes a eu trop d&rsquo;impact sur moi, je dois penser \u00e0 l&rsquo;avenir\u00a0\u00bb, a dit le Slov\u00e8ne de 35 ans dans un message sur les r\u00e9seaux sociaux.<\/p>\n<p>Arriv\u00e9 tardivement au cyclisme apr\u00e8s une premi\u00e8re carri\u00e8re dans le saut \u00e0 ski, le vainqueur du Giro 2023 est r\u00e9put\u00e9 pour chuter souvent. C&rsquo;est la cinqui\u00e8me fois sur ses neuf derni\u00e8res participations \u00e0 un grand Tour qu&rsquo;il ne termine pas la course.<\/p>\n<p>&#8211; Del Toro a souffert &#8211;<\/p>\n<p>L&rsquo;autre grand perdant du jour est Juan Ayuso, le leader d\u00e9sign\u00e9 de l&rsquo;\u00e9quipe UAE, qui a explos\u00e9\u00a0d\u00e8s les premiers lacets du difficile col de Santa Barbara, l&rsquo;avant-derni\u00e8re ascension du jour, \u00e0 plus de 42 km de l&rsquo;arriv\u00e9e.<\/p>\n<p>En perdition, l&rsquo;Espagnol a conc\u00e9d\u00e9 pr\u00e8s de quinze minutes sur la ligne pour perdre toutes chances d&rsquo;acc\u00e9der au podium.<\/p>\n<p>\u00ab\u00a0Il avait de mauvaises sensations d\u00e8s le d\u00e9part, il souffrait du froid\u00a0\u00bb, a rapport\u00e9 son manager Mauro Giannetti.<\/p>\n<p>C&rsquo;est un terrible d\u00e9saveu pour l&rsquo;ambitieux coureur de 22 ans qui ne fait pas forc\u00e9ment l&rsquo;unanimit\u00e9 au sein de son \u00e9quipe.<\/p>\n<p>Sa d\u00e9faillance clarifie en tous cas la situation pour UAE o\u00f9 Del Toro est d\u00e9sormais le leader unique.<\/p>\n<p>Mais mardi, \u00ab\u00a0El Torito\u00a0\u00bb a donn\u00e9 des premiers signes de faiblesse alors qu&rsquo;il reste encore trois \u00e9normes \u00e9tapes de montagne, \u00e0 commencer par celle de mercredi passant par le redout\u00e9 Mortirolo.<\/p>\n<p>\u00ab\u00a0J&rsquo;ai beaucoup souffert. J&rsquo;esp\u00e8re avoir de meilleurs jambes lors des prochains jours, mais aujourd&rsquo;hui je n&rsquo;ai pas de regrets\u00a0\u00bb, a expliqu\u00e9 le Mexicain qui n&rsquo;avait pas perdu le sourire \u00e0 l&rsquo;arriv\u00e9e.<\/p>\n<p>\u00ab\u00a0Je continue \u00e0 y croire et je vais me battre jusqu&rsquo;au bout\u00a0\u00bb, a-t-il insist\u00e9.<\/p>\n<p>&#8211; L&rsquo;Italie lib\u00e9r\u00e9e &#8211;<\/p>\n<p>Del Toro n&rsquo;a pas pu suivre lorsque Carapaz, d\u00e9cha\u00een\u00e9 alors qu&rsquo;il \u00e9tait lui aussi tomb\u00e9 en d\u00e9but d&rsquo;\u00e9tape, a attaqu\u00e9 \u00e0 sept kilom\u00e8tres de l&rsquo;arriv\u00e9e.<\/p>\n<p>\u00ab\u00a0J&rsquo;ai travaill\u00e9 si dur pour \u00e7a, j&rsquo;ai tout donn\u00e9 aujourd&rsquo;hui\u00a0\u00bb, a expliqu\u00e9 \u00ab\u00a0le Jaguar\u00a0\u00bb \u00e9quatorien, vainqueur du Giro en 2019 et qui en veut plus. \u00ab\u00a0J&rsquo;ai connu des soucis de sant\u00e9 et des chutes ces derni\u00e8res ann\u00e9es, \u00e7a me donne encore plus de force. Bien s\u00fbr que je vise la victoire\u00a0\u00bb.<\/p>\n<p>L&rsquo;\u00e9tape est revenue \u00e0 Scaroni, issu de l&rsquo;\u00e9chapp\u00e9e matinale, qui s&rsquo;est impos\u00e9 en franchissant la ligne main dans la main avec son compatriote et co\u00e9quipier \u00e0 Astana, Lorenzo Fortunato.<\/p>\n<p>C&rsquo;est la premi\u00e8re victoire italienne dans ce Giro, \u00e0 la 16e \u00e9tape, la plus longue attente de l&rsquo;histoire de l&rsquo;\u00e9preuve, \u00e0 \u00e9galit\u00e9 avec 2017 lorsque Vicenzo Nibali avait lib\u00e9r\u00e9 la nation.<\/p>\n<p>\u00ab\u00a0Je n&rsquo;\u00e9tais pas s\u00fbr qu&rsquo;on allait y arriver car la fin \u00e9tait bien raide et mes jambes \u00e9taient mortes, a-t-il dit. On a convenu avec Lorenzo que les points pour le maillot de meilleur grimpeur \u00e9taient pour lui et la victoire pour moi.\u00a0\u00bb<\/p>\n<p>L&rsquo;\u00e9tape, longtemps courue sur des routes d\u00e9tremp\u00e9es, a aussi \u00e9t\u00e9 marqu\u00e9e par la chute effrayante de l&rsquo;Italien Alessio Martinelli, parti en glissade dans une descente avant de basculer dans un ravin.<\/p>\n<p>Le coureur de Bardiani, qui avait le menton en sang, a \u00e9t\u00e9 \u00e9vacu\u00e9 en ambulance mais son \u00e9quipe a donn\u00e9 des nouvelles rassurantes en fin d&rsquo;apr\u00e8s-midi.<\/p>\n<p>jk\/cpb\/<\/p>\n","protected":false},"excerpt":{"rendered":"Abandon de Primoz Roglic, d\u00e9faillance de Juan Ayuso et premiers signes de faiblesse d&rsquo;Isaac del Toro: un vent&hellip;\n","protected":false},"author":2,"featured_media":133625,"comment_status":"","ping_status":"","sticky":false,"template":"","format":"standard","meta":{"footnotes":""},"categories":[1411],"tags":[25939,1154,207,25937,1011,27,25938,18629,60,25940],"class_list":{"0":"post-133624","1":"post","2":"type-post","3":"status-publish","4":"format-standard","5":"has-post-thumbnail","7":"category-cyclisme","8":"tag-christian-scaroni","9":"tag-cycling","10":"tag-cyclisme","11":"tag-del-toro","12":"tag-fr","13":"tag-france","14":"tag-juan-ayuso","15":"tag-primoz-roglic","16":"tag-sports","17":"tag-vent-de-folie"},"share_on_mastodon":{"url":"https:\/\/pubeurope.com\/@fr\/114584027398662252","error":""},"_links":{"self":[{"href":"https:\/\/www.europesays.com\/fr\/wp-json\/wp\/v2\/posts\/133624","targetHints":{"allow":["GET"]}}],"collection":[{"href":"https:\/\/www.europesays.com\/fr\/wp-json\/wp\/v2\/posts"}],"about":[{"href":"https:\/\/www.europesays.com\/fr\/wp-json\/wp\/v2\/types\/post"}],"author":[{"embeddable":true,"href":"https:\/\/www.europesays.com\/fr\/wp-json\/wp\/v2\/users\/2"}],"replies":[{"embeddable":true,"href":"https:\/\/www.europesays.com\/fr\/wp-json\/wp\/v2\/comments?post=133624"}],"version-history":[{"count":0,"href":"https:\/\/www.europesays.com\/fr\/wp-json\/wp\/v2\/posts\/133624\/revisions"}],"wp:featuredmedia":[{"embeddable":true,"href":"https:\/\/www.europesays.com\/fr\/wp-json\/wp\/v2\/media\/133625"}],"wp:attachment":[{"href":"https:\/\/www.europesays.com\/fr\/wp-json\/wp\/v2\/media?parent=133624"}],"wp:term":[{"taxonomy":"category","embeddable":true,"href":"https:\/\/www.europesays.com\/fr\/wp-json\/wp\/v2\/categories?post=133624"},{"taxonomy":"post_tag","embeddable":true,"href":"https:\/\/www.europesays.com\/fr\/wp-json\/wp\/v2\/tags?post=133624"}],"curies":[{"name":"wp","href":"https:\/\/api.w.org\/{rel}","templated":true}]}}