{"id":133630,"date":"2025-05-28T06:26:09","date_gmt":"2025-05-28T06:26:09","guid":{"rendered":"https:\/\/www.europesays.com\/fr\/133630\/"},"modified":"2025-05-28T06:26:09","modified_gmt":"2025-05-28T06:26:09","slug":"moins-de-deux-ans-suffiraient-cet-architecte-reve-de-faire-renaitre-un-lieu-mythique-de-cannes-et-ce-serait-dingue","status":"publish","type":"post","link":"https:\/\/www.europesays.com\/fr\/133630\/","title":{"rendered":"\u00ab\u00a0Moins de deux ans suffiraient\u00a0\u00bb: cet architecte r\u00eave de faire rena\u00eetre un lieu mythique de Cannes (et ce serait dingue)"},"content":{"rendered":"<p>Des serres tropicales sur un h\u00f4tel de luxe, des villas troglodytes sous des talus v\u00e9g\u00e9talis\u00e9s, un restaurant avec vue \u00e0 360\u00b0 et m\u00eame un vestiport (h\u00e9liport pour drones), ou encore la r\u00e9habilitation du funiculaire: l\u2019architecte cannois Fran\u00e7ois-Marie Girardot veut faire rena\u00eetre l\u2019Observatoire, perch\u00e9 sur les collines de la Californie et laiss\u00e9 \u00e0 l\u2019abandon depuis pr\u00e8s de 40 ans.<\/p>\n<p>Avec, donc, un projet audacieux pour ce site au potentiel exceptionnel! \u00ab\u00a0Mon travail consiste \u00e0 prospecter des territoires bloqu\u00e9s ou en attente, et faire des propositions architecturales que j\u2019envoie aux mairies concern\u00e9es, afin qu\u2019elles me donnent un avis sur ces esquisses approximatives non fig\u00e9es. J\u2019avance tous mes plans \u00e0 titre gracieux, pour tenter de faire \u00e9clore les projets\u00a0\u00bb, r\u00e9sume ce fils et petit-fils d\u2019architectes. Son p\u00e8re, Jean-\u00c9douard Girardot, a notamment con\u00e7u la Palestre au Cannet et le Relais de la Reine, sur la Croisette.<\/p>\n<p>Un premier projet retoqu\u00e9<\/p>\n<p>\u00ab\u00a0J\u2019avais envoy\u00e9 un premier projet \u00e0 la Ville de Cannes, o\u00f9 j\u2019imaginais la cr\u00e9ation d\u2019une tour, compos\u00e9e d\u2019un restaurant panoramique gastronomique, d\u2019une grande discoth\u00e8que au-dessus d\u2019un casino de jeux sur deux niveaux, le tout reposant sur un vaste atrium baign\u00e9 de lumi\u00e8re, gr\u00e2ce \u00e0 des planchers en verre structurel&#8230; Mais le r\u00e8glement du PLU [plan local d\u2019urbanisme] actuel ne le permet pas.\u00a0\u00bb<\/p>\n<p>Face aux r\u00e9serves initiales, Fran\u00e7ois-Marie Girardot a revu sa copie. Exit la tour et le casino de son premier jet, jug\u00e9 trop dense: il revient avec une version plus sobre, mieux int\u00e9gr\u00e9e au paysage. Cette nouvelle mouture, all\u00e9g\u00e9e mais toujours ambitieuse, aurait re\u00e7u un accueil attentif de la part de la mairie (1). \u00ab\u00a0La Ville ne serait pas oppos\u00e9e au principe, mais elle ne ma\u00eetrise pas le foncier\u00a0\u00bb, pr\u00e9cise l\u2019architecte.<\/p>\n<p>\u00ab\u00a0Moins de deux ans suffiraient\u00a0\u00bb<\/p>\n<p>Propri\u00e9t\u00e9 d\u2019une soci\u00e9t\u00e9 \u00e9miratie, le terrain reste verrouill\u00e9 tant que les h\u00e9ritiers du d\u00e9funt propri\u00e9taire ne se positionnent pas. \u00ab\u00a0J\u2019ai adress\u00e9 un courrier pour leur pr\u00e9senter le projet, relanc\u00e9 plusieurs fois\u2026 Mais je n\u2019ai re\u00e7u aucun retour \u00e0 ce jour\u00a0\u00bb, regrette-t-il. Autre passage oblig\u00e9: le feu vert de l\u2019Architecte des B\u00e2timents de France (ABF), incontournable pour tout am\u00e9nagement sur ce site. Fran\u00e7ois-Marie Girardot n\u2019a pas encore soumis officiellement son dossier, mais se dit pr\u00eat \u00e0 engager les d\u00e9marches d\u00e8s qu\u2019un signal positif sera donn\u00e9.<\/p>\n<p>Convaincu de la faisabilit\u00e9 technique et financi\u00e8re du chantier, l\u2019architecte affirme qu\u2019une fois les autorisations obtenues, les travaux pourraient d\u00e9buter rapidement. \u00ab\u00a0Moins de deux ans suffiraient\u00a0\u00bb, assure-t-il. En attendant, la colline continue de s\u2019ab\u00eemer, discr\u00e8tement, \u00e0 l\u2019ombre des villas millionnaires voisines.<\/p>\n<p>Le site oubli\u00e9 de l\u2019Observatoire<\/p>\n<p>Si ce projet se concr\u00e9tise, il viendrait rouvrir une page ferm\u00e9e depuis 1986. Cette ann\u00e9e-l\u00e0, l\u2019Observatoire cesse toute activit\u00e9. Trois ans plus tard, la mairie vend les 24.353m\u00b2 \u00e0 un \u00e9mir d\u2019Abu Dhabi, qui envisage d\u2019y construire une villa de 1.200m\u00b2 et une route priv\u00e9e. Les riverains s\u2019y opposent, les recours s\u2019encha\u00eenent, et en 1994, le permis de construire est annul\u00e9 par le tribunal administratif. L\u2019\u00e9mir, vex\u00e9, abandonne alors les lieux.<\/p>\n<p>1. Contact\u00e9e, la Ville indique ne pas souhaiter commenter les projets d\u2019am\u00e9nagements qu\u2019elle re\u00e7oit.<\/p>\n<p>              <img ci-src=\"https:\/\/www.nicematin.com\/vie-locale\/DATA_ART_15607603-AUybYRd5-P3eAvAJs.webp?ci_seal=838481aa7b&amp;r=270\" alt=\"\"\/><br \/>\n        Le projet de Fran\u00e7ois-Marie Girardot recevra-t-il un accueil favorable? <strong>Photo DR.<\/strong> <\/p>\n","protected":false},"excerpt":{"rendered":"Des serres tropicales sur un h\u00f4tel de luxe, des villas troglodytes sous des talus v\u00e9g\u00e9talis\u00e9s, un restaurant avec&hellip;\n","protected":false},"author":2,"featured_media":133631,"comment_status":"","ping_status":"","sticky":false,"template":"","format":"standard","meta":{"footnotes":""},"categories":[1358],"tags":[1348,1384,1385,1386,58,59,1011,27,3366],"class_list":{"0":"post-133630","1":"post","2":"type-post","3":"status-publish","4":"format-standard","5":"has-post-thumbnail","7":"category-arts-et-design","8":"tag-arts","9":"tag-arts-and-design","10":"tag-arts-et-design","11":"tag-design","12":"tag-divertissement","13":"tag-entertainment","14":"tag-fr","15":"tag-france","16":"tag-vie-locale"},"share_on_mastodon":{"url":"https:\/\/pubeurope.com\/@fr\/114584039202675878","error":""},"_links":{"self":[{"href":"https:\/\/www.europesays.com\/fr\/wp-json\/wp\/v2\/posts\/133630","targetHints":{"allow":["GET"]}}],"collection":[{"href":"https:\/\/www.europesays.com\/fr\/wp-json\/wp\/v2\/posts"}],"about":[{"href":"https:\/\/www.europesays.com\/fr\/wp-json\/wp\/v2\/types\/post"}],"author":[{"embeddable":true,"href":"https:\/\/www.europesays.com\/fr\/wp-json\/wp\/v2\/users\/2"}],"replies":[{"embeddable":true,"href":"https:\/\/www.europesays.com\/fr\/wp-json\/wp\/v2\/comments?post=133630"}],"version-history":[{"count":0,"href":"https:\/\/www.europesays.com\/fr\/wp-json\/wp\/v2\/posts\/133630\/revisions"}],"wp:featuredmedia":[{"embeddable":true,"href":"https:\/\/www.europesays.com\/fr\/wp-json\/wp\/v2\/media\/133631"}],"wp:attachment":[{"href":"https:\/\/www.europesays.com\/fr\/wp-json\/wp\/v2\/media?parent=133630"}],"wp:term":[{"taxonomy":"category","embeddable":true,"href":"https:\/\/www.europesays.com\/fr\/wp-json\/wp\/v2\/categories?post=133630"},{"taxonomy":"post_tag","embeddable":true,"href":"https:\/\/www.europesays.com\/fr\/wp-json\/wp\/v2\/tags?post=133630"}],"curies":[{"name":"wp","href":"https:\/\/api.w.org\/{rel}","templated":true}]}}