{"id":133632,"date":"2025-05-28T06:27:12","date_gmt":"2025-05-28T06:27:12","guid":{"rendered":"https:\/\/www.europesays.com\/fr\/133632\/"},"modified":"2025-05-28T06:27:12","modified_gmt":"2025-05-28T06:27:12","slug":"rando-bivouac-dans-les-alpes-livre","status":"publish","type":"post","link":"https:\/\/www.europesays.com\/fr\/133632\/","title":{"rendered":"Rando Bivouac dans les Alpes (Livre)"},"content":{"rendered":"<p>Les \u00e9ditions Gl\u00e9nat viennent r\u00e9cemment de publier un nouvel ouvrage de randonn\u00e9e : Rando Bivouac dans les Alpes de Clara Ferrand. Voici mon avis.<\/p>\n<p>Un guide pratique et 30 spots de bivouac dans les Alpes<\/p>\n<p>Le livre \u00ab Rando Bivouac dans les Alpes \u00bb de Clara Ferrand, publi\u00e9 aux \u00c9ditions Gl\u00e9nat, est un guide essentiel pour ceux qui souhaitent s&rsquo;initier au bivouac en montagne ou enrichir leur exp\u00e9rience. Combinant les qualit\u00e9s d&rsquo;un beau livre et d&rsquo;un manuel pratique, cet ouvrage s&rsquo;adresse aussi bien aux d\u00e9butants qu&rsquo;aux randonneurs exp\u00e9riment\u00e9s d\u00e9sireux de d\u00e9couvrir ou approfondir la pratique du bivouac en milieu alpin.<\/p>\n<p>Divis\u00e9 en deux grandes parties, le livre commence par une section d\u00e9di\u00e9e \u00e0 la pr\u00e9paration : comment rep\u00e9rer <a href=\"https:\/\/www.i-trekkings.net\/articles-outdoor\/10-conseils-pour-trouver-un-bivouac-de-reve\/\" target=\"_blank\" rel=\"noopener\">le bivouac id\u00e9al<\/a> sur une carte, quel mat\u00e9riel emporter avec soi ? (<a href=\"https:\/\/www.i-trekkings.net\/articles-outdoor\/test-comparatif-tentes-2-places-ultralight\/\" target=\"_blank\" rel=\"noopener\">quelle tente choisir ?<\/a> Idem pour le sac de couchage, matelas, sac \u00e0 dos\u2026), comment g\u00e9rer l&rsquo;eau en randonn\u00e9e bivouac ?, comment se laver en pleine nature ? Comment randonner en s\u00e9curit\u00e9 en montagne ?, etc. Ces conseils pratiques sont accompagn\u00e9s d&rsquo;illustrations et d&rsquo;astuces pour faciliter la mise en \u0153uvre sur le terrain.<\/p>\n<p>La seconde partie propose 30 itin\u00e9raires de randonn\u00e9e avec bivouac dans les Alpes, adapt\u00e9s \u00e0 tous les niveaux (facile \u00e0 difficile). Chaque itin\u00e9raire est d\u00e9taill\u00e9 avec des informations sur la dur\u00e9e, le d\u00e9nivel\u00e9, la difficult\u00e9, les points d&rsquo;int\u00e9r\u00eat et des conseils pour le bivouac, permettant ainsi aux lecteurs de planifier des aventures adapt\u00e9es \u00e0 leurs envies et capacit\u00e9s. Au d\u00e9but de chaque itin\u00e9raire, un QR Code permet de t\u00e9l\u00e9charger la trace GPS du parcours. Voici une s\u00e9lection de cinq itin\u00e9raires propos\u00e9s par l&rsquo;ouvrage :<\/p>\n<p>Retrouvez l&rsquo;ensemble des itin\u00e9raires ci-dessous dans le sommaire de l&rsquo;ouvrage.<\/p>\n<p>\u00ab\u00a0,\u00a0\u00bblink_href\u00a0\u00bb:\u00a0\u00bbhttps:\\\/\\\/www.i-trekkings.net\\\/wp-content\\\/uploads\\\/2025\\\/05\\\/randobivouacdanslesalpes-extrait-01.jpg\u00a0\u00bb,\u00a0\u00bblink_target\u00a0\u00bb:\u00a0\u00bb_self\u00a0\u00bb,\u00a0\u00bblink_rel\u00a0\u00bb:null,\u00a0\u00bbattributes\u00a0\u00bb:[]},{\u00ab\u00a0caption\u00a0\u00bb:\u00a0\u00bb\u00a0\u00bb,\u00a0\u00bbmeta\u00a0\u00bb:{\u00ab\u00a0width\u00a0\u00bb:2048,\u00a0\u00bbheight\u00a0\u00bb:1441,\u00a0\u00bbfile\u00a0\u00bb:\u00a0\u00bb2025\\\/05\\\/randobivouacdanslesalpes-extrait-02.jpg\u00a0\u00bb,\u00a0\u00bbfilesize\u00a0\u00bb:1541800,\u00a0\u00bbsizes\u00a0\u00bb:{\u00ab\u00a0medium\u00a0\u00bb:{\u00ab\u00a0file\u00a0\u00bb:\u00a0\u00bbrandobivouacdanslesalpes-extrait-02-750&#215;528.jpg\u00a0\u00bb,\u00a0\u00bbwidth\u00a0\u00bb:750,\u00a0\u00bbheight\u00a0\u00bb:528,\u00a0\u00bbmime-type\u00a0\u00bb:\u00a0\u00bbimage\\\/jpeg\u00a0\u00bb,\u00a0\u00bbfilesize\u00a0\u00bb:92808},\u00a0\u00bblarge\u00a0\u00bb:{\u00ab\u00a0file\u00a0\u00bb:\u00a0\u00bbrandobivouacdanslesalpes-extrait-02-1024&#215;721.jpg\u00a0\u00bb,\u00a0\u00bbwidth\u00a0\u00bb:1024,\u00a0\u00bbheight\u00a0\u00bb:721,\u00a0\u00bbmime-type\u00a0\u00bb:\u00a0\u00bbimage\\\/jpeg\u00a0\u00bb,\u00a0\u00bbfilesize\u00a0\u00bb:157940},\u00a0\u00bbthumbnail\u00a0\u00bb:{\u00ab\u00a0file\u00a0\u00bb:\u00a0\u00bbrandobivouacdanslesalpes-extrait-02-400&#215;281.jpg\u00a0\u00bb,\u00a0\u00bbwidth\u00a0\u00bb:400,\u00a0\u00bbheight\u00a0\u00bb:281,\u00a0\u00bbmime-type\u00a0\u00bb:\u00a0\u00bbimage\\\/jpeg\u00a0\u00bb,\u00a0\u00bbfilesize\u00a0\u00bb:30204},\u00a0\u00bbmedium_large\u00a0\u00bb:{\u00ab\u00a0file\u00a0\u00bb:\u00a0\u00bbrandobivouacdanslesalpes-extrait-02-768&#215;540.jpg\u00a0\u00bb,\u00a0\u00bbwidth\u00a0\u00bb:768,\u00a0\u00bbheight\u00a0\u00bb:540,\u00a0\u00bbmime-type\u00a0\u00bb:\u00a0\u00bbimage\\\/jpeg\u00a0\u00bb,\u00a0\u00bbfilesize\u00a0\u00bb:95098},\u00a0\u00bb1536&#215;1536&Prime;:{\u00ab\u00a0file\u00a0\u00bb:\u00a0\u00bbrandobivouacdanslesalpes-extrait-02-1536&#215;1081.jpg\u00a0\u00bb,\u00a0\u00bbwidth\u00a0\u00bb:1536,\u00a0\u00bbheight\u00a0\u00bb:1081,\u00a0\u00bbmime-type\u00a0\u00bb:\u00a0\u00bbimage\\\/jpeg\u00a0\u00bb,\u00a0\u00bbfilesize\u00a0\u00bb:305710},\u00a0\u00bbbeaver-header\u00a0\u00bb:{\u00ab\u00a0file\u00a0\u00bb:\u00a0\u00bbrandobivouacdanslesalpes-extrait-02-1920&#215;960.jpg\u00a0\u00bb,\u00a0\u00bbwidth\u00a0\u00bb:1920,\u00a0\u00bbheight\u00a0\u00bb:960,\u00a0\u00bbmime-type\u00a0\u00bb:\u00a0\u00bbimage\\\/jpeg\u00a0\u00bb,\u00a0\u00bbfilesize\u00a0\u00bb:333442},\u00a0\u00bbgamipress-points\u00a0\u00bb:{\u00ab\u00a0file\u00a0\u00bb:\u00a0\u00bbrandobivouacdanslesalpes-extrait-02-50&#215;35.jpg\u00a0\u00bb,\u00a0\u00bbwidth\u00a0\u00bb:50,\u00a0\u00bbheight\u00a0\u00bb:35,\u00a0\u00bbmime-type\u00a0\u00bb:\u00a0\u00bbimage\\\/jpeg\u00a0\u00bb,\u00a0\u00bbfilesize\u00a0\u00bb:2048},\u00a0\u00bbgamipress-achievement\u00a0\u00bb:{\u00ab\u00a0file\u00a0\u00bb:\u00a0\u00bbrandobivouacdanslesalpes-extrait-02-100&#215;70.jpg\u00a0\u00bb,\u00a0\u00bbwidth\u00a0\u00bb:100,\u00a0\u00bbheight\u00a0\u00bb:70,\u00a0\u00bbmime-type\u00a0\u00bb:\u00a0\u00bbimage\\\/jpeg\u00a0\u00bb,\u00a0\u00bbfilesize\u00a0\u00bb:3773},\u00a0\u00bbgamipress-rank\u00a0\u00bb:{\u00ab\u00a0file\u00a0\u00bb:\u00a0\u00bbrandobivouacdanslesalpes-extrait-02-100&#215;70.jpg\u00a0\u00bb,\u00a0\u00bbwidth\u00a0\u00bb:100,\u00a0\u00bbheight\u00a0\u00bb:70,\u00a0\u00bbmime-type\u00a0\u00bb:\u00a0\u00bbimage\\\/jpeg\u00a0\u00bb,\u00a0\u00bbfilesize\u00a0\u00bb:3773}},\u00a0\u00bbimage_meta\u00a0\u00bb:{\u00ab\u00a0aperture\u00a0\u00bb:\u00a0\u00bb0&Prime;,\u00a0\u00bbcredit\u00a0\u00bb:\u00a0\u00bb\u00a0\u00bb,\u00a0\u00bbcamera\u00a0\u00bb:\u00a0\u00bb\u00a0\u00bb,\u00a0\u00bbcaption\u00a0\u00bb:\u00a0\u00bb\u00a0\u00bb,\u00a0\u00bbcreated_timestamp\u00a0\u00bb:\u00a0\u00bb0&Prime;,\u00a0\u00bbcopyright\u00a0\u00bb:\u00a0\u00bb\u00a0\u00bb,\u00a0\u00bbfocal_length\u00a0\u00bb:\u00a0\u00bb0&Prime;,\u00a0\u00bbiso\u00a0\u00bb:\u00a0\u00bb0&Prime;,\u00a0\u00bbshutter_speed\u00a0\u00bb:\u00a0\u00bb0&Prime;,\u00a0\u00bbtitle\u00a0\u00bb:\u00a0\u00bb\u00a0\u00bb,\u00a0\u00bborientation\u00a0\u00bb:\u00a0\u00bb0&Prime;,\u00a0\u00bbkeywords\u00a0\u00bb:[],\u00a0\u00bblens\u00a0\u00bb:\u00a0\u00bb\u00a0\u00bb},\u00a0\u00bbmime_type\u00a0\u00bb:\u00a0\u00bb\u00a0\u00bb},\u00a0\u00bbid\u00a0\u00bb:\u00a0\u00bb479345&Prime;,\u00a0\u00bbimg_html\u00a0\u00bb:\u00a0\u00bb<img decoding=\"async\" width=\"\\&quot;750\\&quot;\" height=\"\\&quot;528\\&quot;\" src=\"\\&quot;https:\\\/\\\/www.i-trekkings.net\\\/wp-content\\\/uploads\\\/2025\\\/05\\\/randobivouacdanslesalpes-extrait-02-750x528.jpg\\&quot;\" class=\"\\&quot;wp-image-479345\" wp-image-479345=\"\" alt=\"\\&quot;Extrait\" de=\"\" rando=\"\" bivouac=\"\" dans=\"\" les=\"\" alpes=\"\" draggable=\"\\&quot;\\&quot;\"  https:=\"\" \/>\u00ab\u00a0,\u00a0\u00bblink_href\u00a0\u00bb:\u00a0\u00bbhttps:\\\/\\\/www.i-trekkings.net\\\/wp-content\\\/uploads\\\/2025\\\/05\\\/randobivouacdanslesalpes-extrait-02.jpg\u00a0\u00bb,\u00a0\u00bblink_target\u00a0\u00bb:\u00a0\u00bb_self\u00a0\u00bb,\u00a0\u00bblink_rel\u00a0\u00bb:null,\u00a0\u00bbattributes\u00a0\u00bb:[]},{\u00ab\u00a0caption\u00a0\u00bb:\u00a0\u00bb\u00a0\u00bb,\u00a0\u00bbmeta\u00a0\u00bb:{\u00ab\u00a0width\u00a0\u00bb:2048,\u00a0\u00bbheight\u00a0\u00bb:1441,\u00a0\u00bbfile\u00a0\u00bb:\u00a0\u00bb2025\\\/05\\\/randobivouacdanslesalpes-extrait-03.jpg\u00a0\u00bb,\u00a0\u00bbfilesize\u00a0\u00bb:1650316,\u00a0\u00bbsizes\u00a0\u00bb:{\u00ab\u00a0medium\u00a0\u00bb:{\u00ab\u00a0file\u00a0\u00bb:\u00a0\u00bbrandobivouacdanslesalpes-extrait-03-750&#215;528.jpg\u00a0\u00bb,\u00a0\u00bbwidth\u00a0\u00bb:750,\u00a0\u00bbheight\u00a0\u00bb:528,\u00a0\u00bbmime-type\u00a0\u00bb:\u00a0\u00bbimage\\\/jpeg\u00a0\u00bb,\u00a0\u00bbfilesize\u00a0\u00bb:94902},\u00a0\u00bblarge\u00a0\u00bb:{\u00ab\u00a0file\u00a0\u00bb:\u00a0\u00bbrandobivouacdanslesalpes-extrait-03-1024&#215;721.jpg\u00a0\u00bb,\u00a0\u00bbwidth\u00a0\u00bb:1024,\u00a0\u00bbheight\u00a0\u00bb:721,\u00a0\u00bbmime-type\u00a0\u00bb:\u00a0\u00bbimage\\\/jpeg\u00a0\u00bb,\u00a0\u00bbfilesize\u00a0\u00bb:162770},\u00a0\u00bbthumbnail\u00a0\u00bb:{\u00ab\u00a0file\u00a0\u00bb:\u00a0\u00bbrandobivouacdanslesalpes-extrait-03-400&#215;281.jpg\u00a0\u00bb,\u00a0\u00bbwidth\u00a0\u00bb:400,\u00a0\u00bbheight\u00a0\u00bb:281,\u00a0\u00bbmime-type\u00a0\u00bb:\u00a0\u00bbimage\\\/jpeg\u00a0\u00bb,\u00a0\u00bbfilesize\u00a0\u00bb:30915},\u00a0\u00bbmedium_large\u00a0\u00bb:{\u00ab\u00a0file\u00a0\u00bb:\u00a0\u00bbrandobivouacdanslesalpes-extrait-03-768&#215;540.jpg\u00a0\u00bb,\u00a0\u00bbwidth\u00a0\u00bb:768,\u00a0\u00bbheight\u00a0\u00bb:540,\u00a0\u00bbmime-type\u00a0\u00bb:\u00a0\u00bbimage\\\/jpeg\u00a0\u00bb,\u00a0\u00bbfilesize\u00a0\u00bb:98563},\u00a0\u00bb1536&#215;1536&Prime;:{\u00ab\u00a0file\u00a0\u00bb:\u00a0\u00bbrandobivouacdanslesalpes-extrait-03-1536&#215;1081.jpg\u00a0\u00bb,\u00a0\u00bbwidth\u00a0\u00bb:1536,\u00a0\u00bbheight\u00a0\u00bb:1081,\u00a0\u00bbmime-type\u00a0\u00bb:\u00a0\u00bbimage\\\/jpeg\u00a0\u00bb,\u00a0\u00bbfilesize\u00a0\u00bb:317267},\u00a0\u00bbbeaver-header\u00a0\u00bb:{\u00ab\u00a0file\u00a0\u00bb:\u00a0\u00bbrandobivouacdanslesalpes-extrait-03-1920&#215;960.jpg\u00a0\u00bb,\u00a0\u00bbwidth\u00a0\u00bb:1920,\u00a0\u00bbheight\u00a0\u00bb:960,\u00a0\u00bbmime-type\u00a0\u00bb:\u00a0\u00bbimage\\\/jpeg\u00a0\u00bb,\u00a0\u00bbfilesize\u00a0\u00bb:327553},\u00a0\u00bbgamipress-points\u00a0\u00bb:{\u00ab\u00a0file\u00a0\u00bb:\u00a0\u00bbrandobivouacdanslesalpes-extrait-03-50&#215;35.jpg\u00a0\u00bb,\u00a0\u00bbwidth\u00a0\u00bb:50,\u00a0\u00bbheight\u00a0\u00bb:35,\u00a0\u00bbmime-type\u00a0\u00bb:\u00a0\u00bbimage\\\/jpeg\u00a0\u00bb,\u00a0\u00bbfilesize\u00a0\u00bb:2065},\u00a0\u00bbgamipress-achievement\u00a0\u00bb:{\u00ab\u00a0file\u00a0\u00bb:\u00a0\u00bbrandobivouacdanslesalpes-extrait-03-100&#215;70.jpg\u00a0\u00bb,\u00a0\u00bbwidth\u00a0\u00bb:100,\u00a0\u00bbheight\u00a0\u00bb:70,\u00a0\u00bbmime-type\u00a0\u00bb:\u00a0\u00bbimage\\\/jpeg\u00a0\u00bb,\u00a0\u00bbfilesize\u00a0\u00bb:3819},\u00a0\u00bbgamipress-rank\u00a0\u00bb:{\u00ab\u00a0file\u00a0\u00bb:\u00a0\u00bbrandobivouacdanslesalpes-extrait-03-100&#215;70.jpg\u00a0\u00bb,\u00a0\u00bbwidth\u00a0\u00bb:100,\u00a0\u00bbheight\u00a0\u00bb:70,\u00a0\u00bbmime-type\u00a0\u00bb:\u00a0\u00bbimage\\\/jpeg\u00a0\u00bb,\u00a0\u00bbfilesize\u00a0\u00bb:3819}},\u00a0\u00bbimage_meta\u00a0\u00bb:{\u00ab\u00a0aperture\u00a0\u00bb:\u00a0\u00bb0&Prime;,\u00a0\u00bbcredit\u00a0\u00bb:\u00a0\u00bb\u00a0\u00bb,\u00a0\u00bbcamera\u00a0\u00bb:\u00a0\u00bb\u00a0\u00bb,\u00a0\u00bbcaption\u00a0\u00bb:\u00a0\u00bb\u00a0\u00bb,\u00a0\u00bbcreated_timestamp\u00a0\u00bb:\u00a0\u00bb0&Prime;,\u00a0\u00bbcopyright\u00a0\u00bb:\u00a0\u00bb\u00a0\u00bb,\u00a0\u00bbfocal_length\u00a0\u00bb:\u00a0\u00bb0&Prime;,\u00a0\u00bbiso\u00a0\u00bb:\u00a0\u00bb0&Prime;,\u00a0\u00bbshutter_speed\u00a0\u00bb:\u00a0\u00bb0&Prime;,\u00a0\u00bbtitle\u00a0\u00bb:\u00a0\u00bb\u00a0\u00bb,\u00a0\u00bborientation\u00a0\u00bb:\u00a0\u00bb0&Prime;,\u00a0\u00bbkeywords\u00a0\u00bb:[],\u00a0\u00bblens\u00a0\u00bb:\u00a0\u00bb\u00a0\u00bb},\u00a0\u00bbmime_type\u00a0\u00bb:\u00a0\u00bb\u00a0\u00bb},\u00a0\u00bbid\u00a0\u00bb:\u00a0\u00bb479346&Prime;,\u00a0\u00bbimg_html\u00a0\u00bb:\u00a0\u00bb<img decoding=\"async\" width=\"\\&quot;750\\&quot;\" height=\"\\&quot;528\\&quot;\" src=\"\\&quot;https:\\\/\\\/www.i-trekkings.net\\\/wp-content\\\/uploads\\\/2025\\\/05\\\/randobivouacdanslesalpes-extrait-03-750x528.jpg\\&quot;\" class=\"\\&quot;wp-image-479346\" wp-image-479346=\"\" alt=\"\\&quot;Extrait\" de=\"\" rando=\"\" bivouac=\"\" dans=\"\" les=\"\" alpes=\"\" draggable=\"\\&quot;\\&quot;\"  https:=\"\" \/>\u00ab\u00a0,\u00a0\u00bblink_href\u00a0\u00bb:\u00a0\u00bbhttps:\\\/\\\/www.i-trekkings.net\\\/wp-content\\\/uploads\\\/2025\\\/05\\\/randobivouacdanslesalpes-extrait-03.jpg\u00a0\u00bb,\u00a0\u00bblink_target\u00a0\u00bb:\u00a0\u00bb_self\u00a0\u00bb,\u00a0\u00bblink_rel\u00a0\u00bb:null,\u00a0\u00bbattributes\u00a0\u00bb:[]}]\u00a0\u00bb data-atts=\u00a0\u00bb{\u00ab\u00a0link\u00a0\u00bb:\u00a0\u00bbfile\u00a0\u00bb,\u00a0\u00bbcolumns\u00a0\u00bb:\u00a0\u00bb2&Prime;,\u00a0\u00bbsize\u00a0\u00bb:\u00a0\u00bbmedium\u00a0\u00bb,\u00a0\u00bbids\u00a0\u00bb:\u00a0\u00bb479344,479345,479346&Prime;,\u00a0\u00bblayout\u00a0\u00bb:\u00a0\u00bbjustified\u00a0\u00bb}\u00a0\u00bb&gt;<\/p>\n<p style=\"text-align: center;\">Extraits de l&rsquo;ouvrage \u2013 Reproduction interdite.<\/p>\n<p>Clara Ferrand est une photographe professionnelle et influenceuse sp\u00e9cialis\u00e9e dans l&rsquo;outdoor. Elle est la fondatrice du blog <a href=\"https:\/\/wildroad.fr\/\" target=\"_blank\" rel=\"nofollow noopener\">Wildroad.fr<\/a>, o\u00f9 elle partage ses aventures en pleine nature, ses itin\u00e9raires de randonn\u00e9e et ses conseils pour les passionn\u00e9s de plein air. Elle est aussi tr\u00e8s pr\u00e9sente sur <a href=\"https:\/\/www.instagram.com\/clarafotomania\/\" target=\"_blank\" rel=\"nofollow noopener\">Instagram<\/a>. Depuis son enfance, Clara est passionn\u00e9e par la randonn\u00e9e et le bivouac, des activit\u00e9s qu&rsquo;elle pratique r\u00e9guli\u00e8rement.<\/p>\n<p>\u00ab Rando Bivouac dans les Alpes \u00bb est son premier livre.<\/p>\n<p>Les illustrations de l&rsquo;ouvrage sont de Cl\u00e9mence Polge.<\/p>\n<p>\u00ab Rando Bivouac dans les Alpes \u00bb est disponible dans toutes les bonnes librairies et en particulier chez nos partenaires.<\/p>\n<p><script async src=\"\/\/www.instagram.com\/embed.js\"><\/script><\/p>\n","protected":false},"excerpt":{"rendered":"Les \u00e9ditions Gl\u00e9nat viennent r\u00e9cemment de publier un nouvel ouvrage de randonn\u00e9e : Rando Bivouac dans les Alpes&hellip;\n","protected":false},"author":2,"featured_media":133633,"comment_status":"","ping_status":"","sticky":false,"template":"","format":"standard","meta":{"footnotes":""},"categories":[1357],"tags":[7733,1379,58,59,1011,27,1380,3781],"class_list":{"0":"post-133632","1":"post","2":"type-post","3":"status-publish","4":"format-standard","5":"has-post-thumbnail","7":"category-livres","8":"tag-alpes","9":"tag-books","10":"tag-divertissement","11":"tag-entertainment","12":"tag-fr","13":"tag-france","14":"tag-livres","15":"tag-thabor"},"share_on_mastodon":{"url":"https:\/\/pubeurope.com\/@fr\/114584043145532091","error":""},"_links":{"self":[{"href":"https:\/\/www.europesays.com\/fr\/wp-json\/wp\/v2\/posts\/133632","targetHints":{"allow":["GET"]}}],"collection":[{"href":"https:\/\/www.europesays.com\/fr\/wp-json\/wp\/v2\/posts"}],"about":[{"href":"https:\/\/www.europesays.com\/fr\/wp-json\/wp\/v2\/types\/post"}],"author":[{"embeddable":true,"href":"https:\/\/www.europesays.com\/fr\/wp-json\/wp\/v2\/users\/2"}],"replies":[{"embeddable":true,"href":"https:\/\/www.europesays.com\/fr\/wp-json\/wp\/v2\/comments?post=133632"}],"version-history":[{"count":0,"href":"https:\/\/www.europesays.com\/fr\/wp-json\/wp\/v2\/posts\/133632\/revisions"}],"wp:featuredmedia":[{"embeddable":true,"href":"https:\/\/www.europesays.com\/fr\/wp-json\/wp\/v2\/media\/133633"}],"wp:attachment":[{"href":"https:\/\/www.europesays.com\/fr\/wp-json\/wp\/v2\/media?parent=133632"}],"wp:term":[{"taxonomy":"category","embeddable":true,"href":"https:\/\/www.europesays.com\/fr\/wp-json\/wp\/v2\/categories?post=133632"},{"taxonomy":"post_tag","embeddable":true,"href":"https:\/\/www.europesays.com\/fr\/wp-json\/wp\/v2\/tags?post=133632"}],"curies":[{"name":"wp","href":"https:\/\/api.w.org\/{rel}","templated":true}]}}