{"id":133634,"date":"2025-05-28T06:28:09","date_gmt":"2025-05-28T06:28:09","guid":{"rendered":"https:\/\/www.europesays.com\/fr\/133634\/"},"modified":"2025-05-28T06:28:09","modified_gmt":"2025-05-28T06:28:09","slug":"karine-le-marchand-ca-grogne-fort-apres-son-interview-verite-de-jordan-bardella","status":"publish","type":"post","link":"https:\/\/www.europesays.com\/fr\/133634\/","title":{"rendered":"Karine Le Marchand : \u00e7a grogne fort apr\u00e8s son interview v\u00e9rit\u00e9 de Jordan Bardella"},"content":{"rendered":"<p data-start=\"67\" data-end=\"394\">Ce dimanche 1er juin, pas<br \/>\nd\u2019\u00e9pisodes de Capital ou<br \/>\nde Zone Interdite.<br \/>\n<strong>Karine Le Marchand<\/strong> s\u2019empare de la cha\u00eene pour<br \/>\nproposer son \u00e9mission <strong>Une Ambition Intime,<\/strong> o\u00f9 elle recevra des<br \/>\npersonnalit\u00e9s politiques. Nicolas Sarkozy, <a href=\"https:\/\/www.closermag.fr\/politique\/coup-dur-pour-marine-le-pen-condamnee-lex-patronne-du-rn-est-officiellement-dechue-de-tous-ses-mandats-3538248\" target=\"_blank\" rel=\"noopener\"><br \/>\nMarine Le Pen<\/a>, Fran\u00e7ois Bayrou, ou encore Jean-Luc M\u00e9lenchon se<br \/>\nsont d\u00e9j\u00e0 assis sur son canap\u00e9.<\/p>\n<p data-start=\"396\" data-end=\"740\">Cette ann\u00e9e, pour ce nouvel opus<br \/>\nintitul\u00e9 La Rel\u00e8ve, la<br \/>\npr\u00e9sentatrice de <a href=\"https:\/\/www.closermag.fr\/people\/lamour-est-dans-le-pre-flavie-vide-son-sac-au-sujet-de-sa-rupture-avec-valentin-avant-un-silence-radio-3528925\" target=\"_blank\" rel=\"noopener\"><br \/>\nL\u2019amour est dans le<br \/>\npr\u00e9<\/a> recevra quatre invit\u00e9s : Jordan Bardella, le pr\u00e9sident<br \/>\ndu Rassemblement national, le secr\u00e9taire national du Parti<br \/>\ncommuniste Fabien Roussel, la d\u00e9put\u00e9e Les \u00c9cologistes Sandrine<br \/>\nRousseau, et enfin G\u00e9rald Darmanin, le ministre de la Justice.<\/p>\n<p>Karine Le Marchand affirme \u00eatre<br \/>\n\u00ab\u00a0neutre politiquement\u00a0\u00bb<\/p>\n<p data-start=\"802\" data-end=\"1155\">Pour choisir les personnes qui<br \/>\nviendront r\u00e9pondre \u00e0 ses questions, <a href=\"https:\/\/www.closermag.fr\/politique\/pas-a-laise-avec-lintime-karine-le-marchand-baisse-les-bras-avec-emmanuel-macron-3549147\" target=\"_blank\" rel=\"noopener\"><br \/>\nKarine Le Marchand<\/a> s\u2019est appuy\u00e9e sur \u00ab\u00a0l\u2019impact qu\u2019ils<br \/>\npeuvent avoir politiquement depuis quelques ann\u00e9es\u00a0\u00bb. \u00ab\u00a0Mais, en<br \/>\nfait, on a choisi avec la direction de M6. On a fait la liste. On<br \/>\nvoulait <strong>un \u00e9quilibre parfait<\/strong> entre quelqu\u2019un du<br \/>\ngouvernement, de gauche, de droite\u00a0\u00bb, a-t-elle expliqu\u00e9.<\/p>\n<p data-start=\"1157\" data-end=\"1643\">Mais dans une telle \u00e9mission,<br \/>\nil faut savoir rester neutre. C\u2019est en tout cas ce qu\u2019elle explique<br \/>\n: \u00ab\u00a0Ils savent d\u00e9j\u00e0 que je suis neutre politiquement, ce qui est<br \/>\nassez rare aujourd\u2019hui dans les \u00e9missions qu\u2019ils ont l\u2019habitude de<br \/>\nfaire. <strong>M6 est neutre aussi politiquement<\/strong>. C\u2019est<br \/>\nimportant je pense. Ils ont du mal au d\u00e9but, ils se m\u00e9fient mais,<br \/>\nfinalement, ils se rendent compte que je suis bienveillante\u00a0\u00bb,<br \/>\na-t-elle assur\u00e9 dans une interview pour M6, publi\u00e9e sur son compte<br \/>\nInstagram.<\/p>\n<blockquote class=\"instagram-media\" style=\"background: #ffffff;border: 0;margin: 1px;width: 100%;padding: 0;max-width: 500px;\" data-instgrm-permalink=\"https:\/\/www.instagram.com\/reel\/DKHo14SKGPZ\/?utm_source=ig_embed\" data-instgrm-version=\"14\"\/><p>\n\u00ab\u00a0M6<br \/>\nse fiche de nous\u00a0\u00bb<\/p>\n<p data-start=\"1672\" data-end=\"2062\">Malheureusement, les<br \/>\ninternautes ne semblent pas \u00eatre du m\u00eame avis, comme on peut le<br \/>\nvoir sous la publication. \u00ab\u00a0Neutre ? J\u2019ai un doute\u00a0\u00bb,<br \/>\n\u00ab\u00a0<strong>Neutre politiquement, la blague<\/strong>\u00ab\u00a0, \u00ab\u00a0Se dire neutre<br \/>\npolitiquement, mais inviter l\u2019extr\u00eame droite\u00a0\u00bb, \u00ab\u00a0Neutre<br \/>\npolitiquement, belle hypocrisie ! \u00c0 moins d\u2019\u00eatre incapable de<br \/>\npenser, personne n\u2019est neutre politiquement\u00a0\u00bb, peut-on lire<br \/>\ndans les commentaires.<\/p>\n<p data-start=\"2064\" data-end=\"2347\">Ou encore : \u00ab\u00a0Non, neutre<br \/>\nne veut rien dire\u2026 Tout ce qu\u2019on fait est politique et inviter le<br \/>\nFN comme \u00e7a est une grave erreur\u00a0\u00bb, \u00ab\u00a0Se proclamer neutre avec tous<br \/>\nles candidats n\u2019est pr\u00e9cis\u00e9ment pas neutre\u00a0\u00bb, et \u00ab\u00a0M6 neutre<br \/>\npolitiquement, elle se fiche de nous\u00a0\u00bb, s\u2019exclament les<br \/>\ninternautes.<\/p>\n<p><script async src=\"\/\/www.instagram.com\/embed.js\"><\/script><\/p>\n","protected":false},"excerpt":{"rendered":"Ce dimanche 1er juin, pas d\u2019\u00e9pisodes de Capital ou de Zone Interdite. Karine Le Marchand s\u2019empare de la&hellip;\n","protected":false},"author":2,"featured_media":133635,"comment_status":"","ping_status":"","sticky":false,"template":"","format":"standard","meta":{"footnotes":""},"categories":[1356],"tags":[548,58,59,1011,27,5413,252,1364],"class_list":{"0":"post-133634","1":"post","2":"type-post","3":"status-publish","4":"format-standard","5":"has-post-thumbnail","7":"category-television","8":"tag-article-simple","9":"tag-divertissement","10":"tag-entertainment","11":"tag-fr","12":"tag-france","13":"tag-karine-le-marchand","14":"tag-television","15":"tag-tv"},"share_on_mastodon":{"url":"https:\/\/pubeurope.com\/@fr\/114584047032326473","error":""},"_links":{"self":[{"href":"https:\/\/www.europesays.com\/fr\/wp-json\/wp\/v2\/posts\/133634","targetHints":{"allow":["GET"]}}],"collection":[{"href":"https:\/\/www.europesays.com\/fr\/wp-json\/wp\/v2\/posts"}],"about":[{"href":"https:\/\/www.europesays.com\/fr\/wp-json\/wp\/v2\/types\/post"}],"author":[{"embeddable":true,"href":"https:\/\/www.europesays.com\/fr\/wp-json\/wp\/v2\/users\/2"}],"replies":[{"embeddable":true,"href":"https:\/\/www.europesays.com\/fr\/wp-json\/wp\/v2\/comments?post=133634"}],"version-history":[{"count":0,"href":"https:\/\/www.europesays.com\/fr\/wp-json\/wp\/v2\/posts\/133634\/revisions"}],"wp:featuredmedia":[{"embeddable":true,"href":"https:\/\/www.europesays.com\/fr\/wp-json\/wp\/v2\/media\/133635"}],"wp:attachment":[{"href":"https:\/\/www.europesays.com\/fr\/wp-json\/wp\/v2\/media?parent=133634"}],"wp:term":[{"taxonomy":"category","embeddable":true,"href":"https:\/\/www.europesays.com\/fr\/wp-json\/wp\/v2\/categories?post=133634"},{"taxonomy":"post_tag","embeddable":true,"href":"https:\/\/www.europesays.com\/fr\/wp-json\/wp\/v2\/tags?post=133634"}],"curies":[{"name":"wp","href":"https:\/\/api.w.org\/{rel}","templated":true}]}}