{"id":133636,"date":"2025-05-28T06:29:09","date_gmt":"2025-05-28T06:29:09","guid":{"rendered":"https:\/\/www.europesays.com\/fr\/133636\/"},"modified":"2025-05-28T06:29:09","modified_gmt":"2025-05-28T06:29:09","slug":"ophelie-winter-en-larmes-dans-c-a-vous-en-revoyant-prince-grosse-revelation-sur-ce-quils-faisaient-a-deux-en-studio","status":"publish","type":"post","link":"https:\/\/www.europesays.com\/fr\/133636\/","title":{"rendered":"Oph\u00e9lie Winter en larmes dans \u00ab\u00a0C \u00e0 Vous\u00a0\u00bb en revoyant Prince : grosse r\u00e9v\u00e9lation sur ce qu\u2019ils faisaient \u00ab\u00a0\u00e0 deux\u00a0\u00bb en studio"},"content":{"rendered":"<p>En couple pendant plusieurs ann\u00e9es avec Prince, <a href=\"https:\/\/www.public.fr\/tag\/ophelie-winter\" rel=\"nofollow noopener\" target=\"_blank\">Oph\u00e9lie Winter<\/a> ne l\u2019a jamais oubli\u00e9. Outre son amour pour l\u2019artiste d\u00e9c\u00e9d\u00e9 le 21 avril 2016 \u00e0 l\u2019\u00e2ge de 57 ans, c\u2019est aussi son travail qu\u2019elle admirait. Malgr\u00e9 les ann\u00e9es qui passent, elle ne l\u2019a pas oubli\u00e9 et il occupe toujours une place importante dans son coeur.\u00a0<\/p>\n<p>C\u2019est pourquoi, en revoyant des images du chanteur<a href=\"https:\/\/www.public.fr\/il-me-regardait-les-fesses-le-decollete-cest-honteux-ophelie-winter-outree-par-son-passage-dans-cette-celebre-emission-francaise\" rel=\"nofollow noopener\" target=\"_blank\"> lors de sa venue dans <strong>\u00ab\u00a0C \u00e0 Vous\u00a0\u00bb<\/strong><\/a><strong>,<\/strong> <a href=\"https:\/\/vsd.fr\/60184-ophelie-winter-poignardee-par-dominique-tapie-confidences-choc-de-la-veuve-de-bernard-tapie\/\" rel=\"nofollow noopener\" target=\"_blank\">l\u2019artiste de 51 ans<\/a> a eu <strong>beaucoup de mal \u00e0 retenir ses larmes.<\/strong> Malgr\u00e9 l\u2019\u00e9motion, elle a tout de m\u00eame trouv\u00e9 la force de se rem\u00e9morer un beau souvenir avec lui, lorsque Pierre Lescure l\u2019a interrog\u00e9e sur la relation qu\u2019elle entretenait avec Prince.\u00a0<\/p>\n<p>Un morceau avec Prince qu&rsquo;elle souhaiterait r\u00e9cup\u00e9rer<\/p>\n<p>\u00ab\u00a0Un artiste, plus tard, qui a diablement compt\u00e9 dans votre vie, c&rsquo;est Prince. Vous le rencontrez alors que vous avez tout juste dix-sept ans. En 2016, quand il a disparu si jeune, au moment de sa mort, vous avez d\u00e9voil\u00e9 un clich\u00e9. Cette photo, je crois, illustre un enregistrement que vous avez fait intituler : Le Plus Bel Homme de l&rsquo;Univers. C&rsquo;\u00e9tait une adaptation en fran\u00e7ais de sa, de son titre The Most Beautiful Girl in the World\u00a0\u00bb, a d\u2019abord rappel\u00e9 le chroniqueur d\u2019Anne-\u00c9lisabeth Lemoine \u00e0 Oph\u00e9lie Winter.<\/p>\n<p>Avant de lui demander : \u00ab\u00a0Mais le titre n&rsquo;est jamais sorti. Pourquoi ?\u00a0\u00bb. Une perche tendue pour la chanteuse de 51 ans. \u00ab\u00a0Alors l\u00e0, vous me tendez une perche \u00e9norme. Merci. Parce que je cherche ce DAT (Digital Audio Tape,ndlr) depuis des ann\u00e9es qui a \u00e9t\u00e9 remis \u00e0 Warner\u00a0\u00bb, a l\u00e2ch\u00e9 Oph\u00e9lie Winter, ravie de pouvoir \u00e9voquer le sujet.<\/p>\n<p>Dans l\u2019incapacit\u00e9 de le r\u00e9cup\u00e9rer, elle ne\u00a0 comprend pas pourquoi Warner aurait le droit de le garder et pas elle : \u00ab\u00a0le sortir ou pas le sortir, je m&rsquo;en fiche, mais c&rsquo;est un truc qu&rsquo;on a fait ensemble et je ne vois pas pourquoi \u00e7a serait eux qui, qui le garderaient\u00a0\u00bb.<\/p>\n<p>Oph\u00e9lie Winter au bord des larmes en \u00e9voquant le chanteur<\/p>\n<p>Apr\u00e8s cette demande particuli\u00e8re, Oph\u00e9lie Winter a fait l\u2019\u00e9loge de l\u2019artiste qui lui a \u00ab\u00a0tout appris\u00a0\u00bb. \u00ab\u00a0Il a jou\u00e9 un r\u00f4le vraiment important. Il m&rsquo;a tout appris. Je veux dire, par la musique, \u00e0 l&rsquo;\u00e9poque, on travaillait sur des \u00e9normes tables, que peu de gens, enfin surtout des femmes, arrivaient \u00e0\u2026\u00a0\u00bb, a-t-elle indiqu\u00e9 avant de se couper en d\u00e9couvrant une photo de Prince sur l\u2019\u00e9cran de l\u2019\u00e9mission.\u00a0<\/p>\n<p>\u00ab\u00a0Voil\u00e0, <strong>\u00e7a me fait bizarre de le voir<\/strong> (elle est envahie par l\u2019\u00e9motion en d\u00e9couvrant une photo de Prince \u00e0 l\u2019\u00e9cran). Euh, \u00e0 chaque fois que je le vois, je chiale\u00a0\u00bb, a-t-elle poursuivi, les larmes aux yeux et remplie d\u2019\u00e9motion.<\/p>\n<p>Apr\u00e8s s\u2019\u00eatre ressaisie, Oph\u00e9lie Winter a indiqu\u00e9 aux \u00e9quipes de <strong>\u00ab\u00a0C \u00e0 Vous\u00a0\u00bb<\/strong> que Prince lui avait appris comment r\u00e9aliser la \u00ab\u00a0blue note\u00a0\u00bb. <strong>\u00ab\u00a0Il m&rsquo;a appris tout quoi. <\/strong>Comme la blue note. Il faisait sortir tout le monde du studio et moi, il m&rsquo;ordonnait de garder les deux oreilles. Et donc, il chantait deux lignes fausses et en les mettant ensemble, \u00e7a faisait la blue note. Donc \u00e7a, il me l&rsquo;a appris. \u00c7a, c&rsquo;est un truc de, de jazzman c&rsquo;est un cadeau immense quoi\u00a0\u00bb, a-t-elle conclu, fi\u00e8re de cette comp\u00e9tence.\u00a0<\/p>\n<p>      Mentionn\u00e9s dans cet article<\/p>\n<p>\u00c0 lire aussi<\/p>\n","protected":false},"excerpt":{"rendered":"En couple pendant plusieurs ann\u00e9es avec Prince, Oph\u00e9lie Winter ne l\u2019a jamais oubli\u00e9. Outre son amour pour l\u2019artiste&hellip;\n","protected":false},"author":2,"featured_media":133637,"comment_status":"","ping_status":"","sticky":false,"template":"","format":"standard","meta":{"footnotes":""},"categories":[1355],"tags":[5631,5632,58,59,1011,27,1361,873,25836,3935],"class_list":{"0":"post-133636","1":"post","2":"type-post","3":"status-publish","4":"format-standard","5":"has-post-thumbnail","7":"category-musique","8":"tag-anne-elisabeth-lemoine","9":"tag-c-a-vous","10":"tag-divertissement","11":"tag-entertainment","12":"tag-fr","13":"tag-france","14":"tag-music","15":"tag-musique","16":"tag-ophelie-winter","17":"tag-prince"},"share_on_mastodon":{"url":"https:\/\/pubeurope.com\/@fr\/114584051005177234","error":""},"_links":{"self":[{"href":"https:\/\/www.europesays.com\/fr\/wp-json\/wp\/v2\/posts\/133636","targetHints":{"allow":["GET"]}}],"collection":[{"href":"https:\/\/www.europesays.com\/fr\/wp-json\/wp\/v2\/posts"}],"about":[{"href":"https:\/\/www.europesays.com\/fr\/wp-json\/wp\/v2\/types\/post"}],"author":[{"embeddable":true,"href":"https:\/\/www.europesays.com\/fr\/wp-json\/wp\/v2\/users\/2"}],"replies":[{"embeddable":true,"href":"https:\/\/www.europesays.com\/fr\/wp-json\/wp\/v2\/comments?post=133636"}],"version-history":[{"count":0,"href":"https:\/\/www.europesays.com\/fr\/wp-json\/wp\/v2\/posts\/133636\/revisions"}],"wp:featuredmedia":[{"embeddable":true,"href":"https:\/\/www.europesays.com\/fr\/wp-json\/wp\/v2\/media\/133637"}],"wp:attachment":[{"href":"https:\/\/www.europesays.com\/fr\/wp-json\/wp\/v2\/media?parent=133636"}],"wp:term":[{"taxonomy":"category","embeddable":true,"href":"https:\/\/www.europesays.com\/fr\/wp-json\/wp\/v2\/categories?post=133636"},{"taxonomy":"post_tag","embeddable":true,"href":"https:\/\/www.europesays.com\/fr\/wp-json\/wp\/v2\/tags?post=133636"}],"curies":[{"name":"wp","href":"https:\/\/api.w.org\/{rel}","templated":true}]}}