{"id":13364,"date":"2025-04-09T19:16:13","date_gmt":"2025-04-09T19:16:13","guid":{"rendered":"https:\/\/www.europesays.com\/fr\/13364\/"},"modified":"2025-04-09T19:16:13","modified_gmt":"2025-04-09T19:16:13","slug":"leurope-saccorde-pour-durcir-sa-loi-afin-de-lutter-contre-la-pollution-aux-microplastiques","status":"publish","type":"post","link":"https:\/\/www.europesays.com\/fr\/13364\/","title":{"rendered":"L\u2019Europe s\u2019accorde pour durcir sa loi afin de lutter contre la pollution aux microplastiques"},"content":{"rendered":"<p>Commission europ\u00e9enne, eurod\u00e9put\u00e9s et \u00c9tats membres sont parvenus \u00e0 un compromis dans la nuit de mardi 8 avril \u00e0 mercredi 9 avril pour durcir la l\u00e9gislation contre la pollution aux microplastiques qui envahissent fleuves, plages et oc\u00e9ans. Cet accord devrait permettre d&rsquo;adopter d\u00e9finitivement ce nouveau r\u00e8glement d&rsquo;ici \u00e0 quelques mois.<\/p>\n<p>L&rsquo;<strong><a href=\"https:\/\/www.rfi.fr\/fr\/tag\/union-europ\u00e9enne\/\" class=\"link \" rel=\"nofollow noopener\" target=\"_blank\" data-ylk=\"slk:Union europ\u00e9enne;elm:context_link;itc:0;sec:content-canvas\">Union europ\u00e9enne<\/a><\/strong> entend endiguer en particulier<strong><a href=\"https:\/\/www.rfi.fr\/fr\/podcasts\/c-est-pas-du-vent\/20241128-trait\u00e9-sur-le-plastique-il-y-en-a-partout-c-est-la-panique\" rel=\"nofollow noopener\" target=\"_blank\" data-ylk=\"slk:la pollution li\u00e9e aux fuites de granul\u00e9s de plastique;elm:context_link;itc:0;sec:content-canvas\" class=\"link \"> la pollution li\u00e9e aux fuites de granul\u00e9s de plastique<\/a><\/strong>, des \u00ab pellets \u00bb aussi surnomm\u00e9s \u00ab larmes de sir\u00e8nes \u00bb. Ces granul\u00e9s mesurent jusqu&rsquo;\u00e0 5 mm et ils constituent, une fois fondus, un mat\u00e9riau cl\u00e9 pour produire des composants et des objets plastiques.<\/p>\n<p>En pratique, les industriels qui produisent, transportent ou transforment ces granul\u00e9s devront \u00e9tablir des plans d&rsquo;\u00e9valuation des risques afin de contenir les fuites \u00e9ventuelles et engager rapidement des op\u00e9rations de nettoyage le cas \u00e9ch\u00e9ant. Les grandes entreprises qui produisent ou transportent plus de 1 500 tonnes de microplastiques par an devront r\u00e9guli\u00e8rement obtenir une certification aupr\u00e8s d&rsquo;un organisme ind\u00e9pendant, et risquent des sanctions en cas d&rsquo;insuffisances.<\/p>\n<p>Pour les petites entreprises, ces obligations sont all\u00e9g\u00e9es. Celles qui produisent plus de 1.500 tonnes devront obtenir une certification unique dans les cinq ans suivant l&rsquo;entr\u00e9e en vigueur de la loi. Celles qui produisent moins n&rsquo;auront qu&rsquo;une simple auto-d\u00e9claration \u00e0 remplir.<\/p>\n<p>Points de tension<\/p>\n<p><a href=\"https:\/\/www.rfi.fr\/fr\/environnement\/20250409-l-europe-s-accorde-pour-durcir-sa-loi-afin-de-lutter-contre-la-pollution-aux-microplastiques\" rel=\"nofollow noopener\" target=\"_blank\" data-ylk=\"slk:Lire la suite sur RFI;elm:context_link;itc:0;sec:content-canvas\" class=\"link \">Lire la suite sur RFI<\/a><\/p>\n","protected":false},"excerpt":{"rendered":"Commission europ\u00e9enne, eurod\u00e9put\u00e9s et \u00c9tats membres sont parvenus \u00e0 un compromis dans la nuit de mardi 8 avril&hellip;\n","protected":false},"author":2,"featured_media":13365,"comment_status":"","ping_status":"","sticky":false,"template":"","format":"standard","meta":{"footnotes":""},"categories":[1586],"tags":[11,2196,5999,1777,674,1011,27,6000,12,25],"class_list":{"0":"post-13364","1":"post","2":"type-post","3":"status-publish","4":"format-standard","5":"has-post-thumbnail","7":"category-europe","8":"tag-actualites","9":"tag-commission-europeenne","10":"tag-etats-membres","11":"tag-eu","12":"tag-europe","13":"tag-fr","14":"tag-france","15":"tag-la-pollution","16":"tag-news","17":"tag-republique-francaise"},"share_on_mastodon":{"url":"https:\/\/pubeurope.com\/@fr\/114309613704868155","error":""},"_links":{"self":[{"href":"https:\/\/www.europesays.com\/fr\/wp-json\/wp\/v2\/posts\/13364","targetHints":{"allow":["GET"]}}],"collection":[{"href":"https:\/\/www.europesays.com\/fr\/wp-json\/wp\/v2\/posts"}],"about":[{"href":"https:\/\/www.europesays.com\/fr\/wp-json\/wp\/v2\/types\/post"}],"author":[{"embeddable":true,"href":"https:\/\/www.europesays.com\/fr\/wp-json\/wp\/v2\/users\/2"}],"replies":[{"embeddable":true,"href":"https:\/\/www.europesays.com\/fr\/wp-json\/wp\/v2\/comments?post=13364"}],"version-history":[{"count":0,"href":"https:\/\/www.europesays.com\/fr\/wp-json\/wp\/v2\/posts\/13364\/revisions"}],"wp:featuredmedia":[{"embeddable":true,"href":"https:\/\/www.europesays.com\/fr\/wp-json\/wp\/v2\/media\/13365"}],"wp:attachment":[{"href":"https:\/\/www.europesays.com\/fr\/wp-json\/wp\/v2\/media?parent=13364"}],"wp:term":[{"taxonomy":"category","embeddable":true,"href":"https:\/\/www.europesays.com\/fr\/wp-json\/wp\/v2\/categories?post=13364"},{"taxonomy":"post_tag","embeddable":true,"href":"https:\/\/www.europesays.com\/fr\/wp-json\/wp\/v2\/tags?post=13364"}],"curies":[{"name":"wp","href":"https:\/\/api.w.org\/{rel}","templated":true}]}}