{"id":133642,"date":"2025-05-28T06:32:09","date_gmt":"2025-05-28T06:32:09","guid":{"rendered":"https:\/\/www.europesays.com\/fr\/133642\/"},"modified":"2025-05-28T06:32:09","modified_gmt":"2025-05-28T06:32:09","slug":"girondins-les-6-clauses-suspensives-de-loffre-doliver-kahn-pour-bordeaux","status":"publish","type":"post","link":"https:\/\/www.europesays.com\/fr\/133642\/","title":{"rendered":"Girondins : les 6 clauses suspensives de l&rsquo;offre d&rsquo;Oliver Kahn pour Bordeaux"},"content":{"rendered":"<p><img decoding=\"async\" src=\"https:\/\/www.europesays.com\/fr\/wp-content\/uploads\/2025\/05\/671_cc91e02b0e17eafc52aa7182acb917b1.jpg\" alt=\"Girondins : les 6 clauses suspensives de l'offre d'Oliver Kahn pour Bordeaux\" class=\"img-responsive mt-3\"\/><\/p>\n<p class=\"text-center mb-3\" style=\"font-size: 14px\">\u00a9 Iconsport<\/p>\n<p>      <strong>Kakn a besoin d&rsquo;\u00e9l\u00e9ments financiers du club<\/strong><\/p>\n<p style=\"text-align: justify;\"><a href=\"https:\/\/www.lequipe.fr\/Football\/Article\/Le-dossier-oliver-kahn-recevable-les-cartes-rebattues-pour-l-avenir-des-girondins-de-bordeaux\/1565414\" target=\"_blank\" rel=\"noopener\">L&rsquo;\u00c9quipe<\/a> d\u00e9voile les 6 clauses suspensives qui figurent au plan de cession remis par Oliver Kahn au tribunal de commerce de Bordeaux ce lundi.<\/p>\n<p style=\"text-align: justify;\">Les clauses suspensives sont au nombre de six : l&rsquo;assurance de la FFF de rester en National 2, l&rsquo;assurance de pouvoir utiliser Matmut Atlantique, l&rsquo;acc\u00e8s \u00e0 la data room, pouvoir r\u00e9aliser un audit financier et un audit juridique du club, et que les actionnaires accompagnant Oliver Kahn apportent les fonds \u00ab pour la remise d&rsquo;une offre confirmatoire et d\u00e9finitive \u00bb.<\/p>\n<p style=\"text-align: justify;\">De plus, nous apprenons qu&rsquo;Oliver Kahn doit maintenant finaliser son offre, car les clauses suspensives de son dossier ne pourront pas figurer dans le plan de cession. Ainsi, Sud-Ouest pr\u00e9cise que l&rsquo;acc\u00e8s \u00e0 la data room du club est indispensable pour que le plan d&rsquo;affaire de l&rsquo;Allemand soit pr\u00e9sent\u00e9 au tribunal de commerce. En d&rsquo;autres termes, Oliver Kahn et son \u00e9quipe ont besoin des \u00e9l\u00e9ments financiers du club pour affiner leur projet et leur offre.<\/p>\n<p>Le dossier d&rsquo;Oliver Kahn sera examin\u00e9 lors de la prochaine audition qui est programm\u00e9e le 13 juin.<\/p>\n<p>N.P<\/p>\n<p>\u00c0 lire &gt;&gt; <strong><a href=\"https:\/\/www.webgirondins.com\/actualite-girondins-girondins-gerard-lopez-sort-en-catimini-du-tribunal-de-commerce-de-bordeaux-et-fuit-les-supporters-129235\" target=\"_blank\" rel=\"noopener\">Girondins : G\u00e9rard Lopez sort en catimini du tribunal de commerce de Bordeaux et fuit les supporters<\/a><\/strong><\/p>\n<p>Notre podcast court :<\/p>\n<p>\u00a0<\/p>\n","protected":false},"excerpt":{"rendered":"\u00a9 Iconsport Kakn a besoin d&rsquo;\u00e9l\u00e9ments financiers du club L&rsquo;\u00c9quipe d\u00e9voile les 6 clauses suspensives qui figurent au&hellip;\n","protected":false},"author":2,"featured_media":133643,"comment_status":"","ping_status":"","sticky":false,"template":"","format":"standard","meta":{"footnotes":""},"categories":[9],"tags":[1997,10322,25944,215,4485,5061,1011,27,1987,4654,9778,5235,4653,5355,471,25705,60,25945,3693],"class_list":{"0":"post-133642","1":"post","2":"type-post","3":"status-publish","4":"format-standard","5":"has-post-thumbnail","7":"category-sports","8":"tag-bordeaux","9":"tag-cession","10":"tag-clauses","11":"tag-commerce","12":"tag-dossier","13":"tag-examen","14":"tag-fr","15":"tag-france","16":"tag-girondins","17":"tag-kahn","18":"tag-mardi","19":"tag-offre","20":"tag-oliver","21":"tag-plan","22":"tag-pour","23":"tag-retenu","24":"tag-sports","25":"tag-suspensives","26":"tag-tribunal"},"share_on_mastodon":{"url":"https:\/\/pubeurope.com\/@fr\/114584062797482113","error":""},"_links":{"self":[{"href":"https:\/\/www.europesays.com\/fr\/wp-json\/wp\/v2\/posts\/133642","targetHints":{"allow":["GET"]}}],"collection":[{"href":"https:\/\/www.europesays.com\/fr\/wp-json\/wp\/v2\/posts"}],"about":[{"href":"https:\/\/www.europesays.com\/fr\/wp-json\/wp\/v2\/types\/post"}],"author":[{"embeddable":true,"href":"https:\/\/www.europesays.com\/fr\/wp-json\/wp\/v2\/users\/2"}],"replies":[{"embeddable":true,"href":"https:\/\/www.europesays.com\/fr\/wp-json\/wp\/v2\/comments?post=133642"}],"version-history":[{"count":0,"href":"https:\/\/www.europesays.com\/fr\/wp-json\/wp\/v2\/posts\/133642\/revisions"}],"wp:featuredmedia":[{"embeddable":true,"href":"https:\/\/www.europesays.com\/fr\/wp-json\/wp\/v2\/media\/133643"}],"wp:attachment":[{"href":"https:\/\/www.europesays.com\/fr\/wp-json\/wp\/v2\/media?parent=133642"}],"wp:term":[{"taxonomy":"category","embeddable":true,"href":"https:\/\/www.europesays.com\/fr\/wp-json\/wp\/v2\/categories?post=133642"},{"taxonomy":"post_tag","embeddable":true,"href":"https:\/\/www.europesays.com\/fr\/wp-json\/wp\/v2\/tags?post=133642"}],"curies":[{"name":"wp","href":"https:\/\/api.w.org\/{rel}","templated":true}]}}