{"id":13366,"date":"2025-04-09T19:17:07","date_gmt":"2025-04-09T19:17:07","guid":{"rendered":"https:\/\/www.europesays.com\/fr\/13366\/"},"modified":"2025-04-09T19:17:07","modified_gmt":"2025-04-09T19:17:07","slug":"32-exposants-attendus-ce-week-end-au-marche-de-printemps-de-eu","status":"publish","type":"post","link":"https:\/\/www.europesays.com\/fr\/13366\/","title":{"rendered":"32 exposants attendus ce week-end au march\u00e9 de printemps de Eu"},"content":{"rendered":"<p>            Par<br \/>\n        <strong><br \/>\n            <a href=\"https:\/\/actu.fr\/auteur\/jerome-buresi\" title=\"Consulter tous les articles de J\u00e9r\u00f4me Buresi\" target=\"_blank\" rel=\"noopener\">J\u00e9r\u00f4me Buresi<\/a><br \/>\n        <\/strong><\/p>\n<p>        Publi\u00e9 le<\/p>\n<p>            9 avr. 2025 \u00e0 19h19        <\/p>\n<p>Le Domaine de Joinville de <a href=\"https:\/\/actu.fr\/normandie\/eu_76255\" target=\"_blank\" rel=\"noopener\">Eu<\/a>, en <b>Seine-Maritime<\/b>, accueille une nouvelle \u00e9dition du <b>march\u00e9 de printemps<\/b>, ce week-end, des 12 et 13 avril 2025.\u00a0<\/p>\n<p class=\" wall-content\">Aude Massuyes pr\u00e9cise : \u00ab Nous sommes cette fois-ci cinq organisateurs \u00bb.<\/p>\n<p class=\" wall-content\">Elle cite : \u00ab Ludovic Eloy, le propri\u00e9taire du Domaine de Joinville, Catherine Barraud, cr\u00e9atrice maroquinerie en cuir, Aude Massuyes Ravni, cr\u00e9atrice de bijoux en cuir, Marianne Viville, cr\u00e9atrice de bijoux, et Thierry Ayral, relookeur de meubles \u00bb.<\/p>\n<p>Une trentaine d\u2019exposants<\/p>\n<p class=\" wall-content\">Ce march\u00e9 va regrouper <b>32\u00a0exposants<\/b>. Ils pr\u00e9senteront leurs produits et cr\u00e9ations <b>100 % fran\u00e7ais<\/b> : gastronomie locale, bijoux, photographie, v\u00eatements, sacs, meubles relook\u00e9s, etc.<\/p>\n<p class=\" wall-content\">Les organisateurs proposent deux march\u00e9s artisanaux pendant l\u2019ann\u00e9e : un au printemps et un \u00e0 l\u2019automne.<\/p>\n<p>Vid\u00e9os : en ce moment sur Actu<\/p>\n<p>Le march\u00e9 de Printemps aura lieu le samedi 12\u00a0avril de 10 h \u00e0 19 h et le dimanche 13\u00a0avril, de 10 h \u00e0 18 h, au Domaine de Joinville, 95 route du\u00a0Tr\u00e9port \u00e0 Eu.<\/p>\n<p class=\" wall-content\">Suivez toute l\u2019actualit\u00e9 de vos villes et m\u00e9dias favoris en vous inscrivant \u00e0 <a href=\"https:\/\/moncompte.actu.fr\" title=\"D\u00e9couvez Mon Actu\" rel=\"nofollow noopener\" data-trk=\"{&quot;cta&quot;:{&quot;action&quot;:&quot;https:\\\/\\\/moncompte.actu.fr&quot;,&quot;category&quot;:&quot;mon compte&quot;,&quot;from&quot;:&quot;article footer&quot;,&quot;name&quot;:&quot;Mon actu&quot;,&quot;type&quot;:&quot;cta&quot;}}\" target=\"_blank\">Mon Actu<\/a>.<\/p>\n","protected":false},"excerpt":{"rendered":"Par J\u00e9r\u00f4me Buresi Publi\u00e9 le 9 avr. 2025 \u00e0 19h19 Le Domaine de Joinville de Eu, en Seine-Maritime,&hellip;\n","protected":false},"author":2,"featured_media":13367,"comment_status":"","ping_status":"","sticky":false,"template":"","format":"standard","meta":{"footnotes":""},"categories":[1586],"tags":[11,1063,1477,1777,674,1779,1011,27,12,25,104,1778,364,3587],"class_list":{"0":"post-13366","1":"post","2":"type-post","3":"status-publish","4":"format-standard","5":"has-post-thumbnail","7":"category-europe","8":"tag-actualites","9":"tag-animations","10":"tag-artisanat","11":"tag-eu","12":"tag-europe","13":"tag-european-union","14":"tag-fr","15":"tag-france","16":"tag-news","17":"tag-republique-francaise","18":"tag-societe","19":"tag-ue","20":"tag-union-europeenne","21":"tag-villes-soeurs"},"share_on_mastodon":{"url":"https:\/\/pubeurope.com\/@fr\/114309617620424555","error":""},"_links":{"self":[{"href":"https:\/\/www.europesays.com\/fr\/wp-json\/wp\/v2\/posts\/13366","targetHints":{"allow":["GET"]}}],"collection":[{"href":"https:\/\/www.europesays.com\/fr\/wp-json\/wp\/v2\/posts"}],"about":[{"href":"https:\/\/www.europesays.com\/fr\/wp-json\/wp\/v2\/types\/post"}],"author":[{"embeddable":true,"href":"https:\/\/www.europesays.com\/fr\/wp-json\/wp\/v2\/users\/2"}],"replies":[{"embeddable":true,"href":"https:\/\/www.europesays.com\/fr\/wp-json\/wp\/v2\/comments?post=13366"}],"version-history":[{"count":0,"href":"https:\/\/www.europesays.com\/fr\/wp-json\/wp\/v2\/posts\/13366\/revisions"}],"wp:featuredmedia":[{"embeddable":true,"href":"https:\/\/www.europesays.com\/fr\/wp-json\/wp\/v2\/media\/13367"}],"wp:attachment":[{"href":"https:\/\/www.europesays.com\/fr\/wp-json\/wp\/v2\/media?parent=13366"}],"wp:term":[{"taxonomy":"category","embeddable":true,"href":"https:\/\/www.europesays.com\/fr\/wp-json\/wp\/v2\/categories?post=13366"},{"taxonomy":"post_tag","embeddable":true,"href":"https:\/\/www.europesays.com\/fr\/wp-json\/wp\/v2\/tags?post=13366"}],"curies":[{"name":"wp","href":"https:\/\/api.w.org\/{rel}","templated":true}]}}