{"id":133664,"date":"2025-05-28T06:43:09","date_gmt":"2025-05-28T06:43:09","guid":{"rendered":"https:\/\/www.europesays.com\/fr\/133664\/"},"modified":"2025-05-28T06:43:09","modified_gmt":"2025-05-28T06:43:09","slug":"ce-site-abritait-lespoir-du-retour-a-la-vie-a-toulon-le-berceau-de-la-resistance-honore-par-la-ministre-patricia-miralles","status":"publish","type":"post","link":"https:\/\/www.europesays.com\/fr\/133664\/","title":{"rendered":"\u00ab\u00a0Ce site abritait l\u2019espoir du retour \u00e0 la vie\u00a0\u00bb: \u00e0 Toulon, le berceau de la R\u00e9sistance honor\u00e9 par la ministre Patricia Mirall\u00e8s"},"content":{"rendered":"<p>C\u2019est une maison discr\u00e8te nich\u00e9e au 185, boulevard de l\u2019Escaillon. Et c\u2019est l\u00e0 que des r\u00e9sistants toulonnais ont cr\u00e9\u00e9 la premi\u00e8re structure clandestine de lutte contre l\u2019ennemi: dans la cave du Clos Lagier. D\u00e9sormais, une plaque en c\u00e9ramique, sign\u00e9e Serge Plagnol et Pierre Dutertre, raconte l\u2019histoire du lieu.<\/p>\n<p>Hier matin, Patricia Mirall\u00e8s, ministre d\u00e9l\u00e9gu\u00e9e charg\u00e9e de la M\u00e9moire et des Anciens combattants, est venue d\u00e9voiler la plaque \u00e0 l\u2019occasion de la journ\u00e9e nationale de la R\u00e9sistance.<\/p>\n<p>Elle \u00e9tait entour\u00e9e du pr\u00e9fet du Var, Philippe Mah\u00e9, de la maire de Toulon Jos\u00e9e Massi, de la d\u00e9put\u00e9e du Var Laure Lavalette et de Toulonnais anonymes, touch\u00e9s par ce r\u00e9cit historique. Car le Clos Lagier a \u00e9t\u00e9 \u00ab\u00a0le lieu o\u00f9 tout a commenc\u00e9\u00a0\u00bb.<\/p>\n<p><strong>\u00ab\u00a0L\u2019ardent devoir de poursuivre leur r\u00eave\u00a0\u00bb<\/strong><\/p>\n<p>\u00ab\u00a0Ici, en avril 1943, les premiers hommes se sont \u00e9lev\u00e9s contre l\u2019ennemi: dans le Var, ce d\u00e9partement \u00e0 la forte tradition r\u00e9publicaine\u00a0\u00bb, a rappel\u00e9 G\u00e9rard Estragon, au nom de l\u2019Association nationale des anciens combattants et ami(e)s de la R\u00e9sistance (ANACR).<\/p>\n<p>C\u2019\u00e9tait un mois avant que Jean Moulin n\u2019unifie les diff\u00e9rents mouvements de r\u00e9sistance. Toulon \u00e9tait donc aux avant-postes (ce que l\u2019histoire n\u2019a pas tout \u00e0 fait retenu).<\/p>\n<p>\u00ab\u00a0Le plus souvent, on se recueille devant des st\u00e8les. L\u00e0, c\u2019est un lieu vivant. Ce site abritait l\u2019espoir du retour \u00e0 la vie. Et dont la premi\u00e8re t\u00e2che \u00e9tait: chasser l\u2019ennemi, chasser l\u2019imposteur vichyste, et r\u00e9tablir des \u00e9lections. Dans l\u2019obscurit\u00e9 du Clos Lagier, ils r\u00eavaient. Et, aujourd\u2019hui, nous avons l\u2019ardent devoir de poursuivre leur r\u00eave!\u00a0\u00bb, a conclu G\u00e9rard Estragon au terme d\u2019un discours \u00e9mouvant, non d\u00e9nu\u00e9 de clins d\u2019\u0153il \u00e0 l\u2019actualit\u00e9 politique du moment. Pass\u00e9 et pr\u00e9sent se t\u00e9lescopent parfois&#8230;<\/p>\n<p><strong>\u00ab\u00a0C\u2019est une grande fiert\u00e9 d\u2019habiter ici\u00a0\u00bb<\/strong><\/p>\n<p>              <img ci-src=\"https:\/\/www.varmatin.com\/vie-locale\/protec\/DATA_ART_15604453-bJImFi3W.jpg?vh=a4dc4b&amp;ci_seal=70f5dcb639\" alt=\"\"\/><br \/>\n        Elues et repr\u00e9sentant des anciens combattants toulonnais ont montr\u00e9 \u00e0 la ministre, Patricia Mirall\u00e8s, les documents historiques conserv\u00e9s. <strong>Photo Val\u00e9rie Le Parc.<\/strong> <\/p>\n<p>Au premier rang se trouvait C\u00e9cile, l\u2019actuelle propri\u00e9taire du Clos Lagier. L\u2019a-t-elle achet\u00e9 un peu par hasard? \u00ab\u00a0Pas du tout\u00a0\u00bb, r\u00e9pond-elle. \u00ab\u00a0Je connaissais l\u2019histoire du lieu et c\u2019est une grande fiert\u00e9, aujourd\u2019hui, d\u2019y vivre.\u00a0\u00bb<\/p>\n<p>Dans le public se trouvait \u00e9galement la fille de Louis Picoche, membre du groupe des premiers r\u00e9sistants toulonnais. Sur la plaque, on peut lire: \u00ab\u00a0\u00c0 la R\u00e9sistance varoise unifi\u00e9e\u00a0\u00bb. \u00ab\u00a0Cette plaque symbolique est surtout importante pour notre jeunesse. Cette jeunesse a besoin de rep\u00e8res. Et ce lieu en est un\u00a0\u00bb, a ajout\u00e9 la ministre.<\/p>\n<p>Plusieurs gerbes de fleurs ont \u00e9t\u00e9 d\u00e9pos\u00e9es: une au nom de l\u2019ANACR et une autre au nom du CIL Pont Neuf Escaillon. Apr\u00e8s la c\u00e9r\u00e9monie, un caf\u00e9 attendait les habitants, \u00e9lus et historiens qui avaient fait le d\u00e9placement.<\/p>\n<p>Au milieu du jardin du Clos Lagier, l\u2019imagination se met \u00e0 galoper. On arrive \u00e0 se projeter. Imaginer le lieu dans les ann\u00e9es 1940. Et on se dit que ce groupe-l\u00e0 \u00e9tait sacr\u00e9ment culott\u00e9 pour organiser, dans un Toulon aux abois, les pr\u00e9mices d\u2019une R\u00e9sistance unie. Qui n\u2019allait plus cesser de grandir.<\/p>\n","protected":false},"excerpt":{"rendered":"C\u2019est une maison discr\u00e8te nich\u00e9e au 185, boulevard de l\u2019Escaillon. Et c\u2019est l\u00e0 que des r\u00e9sistants toulonnais ont&hellip;\n","protected":false},"author":2,"featured_media":133665,"comment_status":"","ping_status":"","sticky":false,"template":"","format":"standard","meta":{"footnotes":""},"categories":[9619],"tags":[1111,11,1777,674,1011,27,12,882,25,2310,3366],"class_list":{"0":"post-133664","1":"post","2":"type-post","3":"status-publish","4":"format-standard","5":"has-post-thumbnail","7":"category-toulon","8":"tag-actu","9":"tag-actualites","10":"tag-eu","11":"tag-europe","12":"tag-fr","13":"tag-france","14":"tag-news","15":"tag-provence-alpes-cote-dazur","16":"tag-republique-francaise","17":"tag-toulon","18":"tag-vie-locale"},"share_on_mastodon":{"url":"https:\/\/pubeurope.com\/@fr\/114584106075297499","error":""},"_links":{"self":[{"href":"https:\/\/www.europesays.com\/fr\/wp-json\/wp\/v2\/posts\/133664","targetHints":{"allow":["GET"]}}],"collection":[{"href":"https:\/\/www.europesays.com\/fr\/wp-json\/wp\/v2\/posts"}],"about":[{"href":"https:\/\/www.europesays.com\/fr\/wp-json\/wp\/v2\/types\/post"}],"author":[{"embeddable":true,"href":"https:\/\/www.europesays.com\/fr\/wp-json\/wp\/v2\/users\/2"}],"replies":[{"embeddable":true,"href":"https:\/\/www.europesays.com\/fr\/wp-json\/wp\/v2\/comments?post=133664"}],"version-history":[{"count":0,"href":"https:\/\/www.europesays.com\/fr\/wp-json\/wp\/v2\/posts\/133664\/revisions"}],"wp:featuredmedia":[{"embeddable":true,"href":"https:\/\/www.europesays.com\/fr\/wp-json\/wp\/v2\/media\/133665"}],"wp:attachment":[{"href":"https:\/\/www.europesays.com\/fr\/wp-json\/wp\/v2\/media?parent=133664"}],"wp:term":[{"taxonomy":"category","embeddable":true,"href":"https:\/\/www.europesays.com\/fr\/wp-json\/wp\/v2\/categories?post=133664"},{"taxonomy":"post_tag","embeddable":true,"href":"https:\/\/www.europesays.com\/fr\/wp-json\/wp\/v2\/tags?post=133664"}],"curies":[{"name":"wp","href":"https:\/\/api.w.org\/{rel}","templated":true}]}}