{"id":133666,"date":"2025-05-28T06:44:12","date_gmt":"2025-05-28T06:44:12","guid":{"rendered":"https:\/\/www.europesays.com\/fr\/133666\/"},"modified":"2025-05-28T06:44:12","modified_gmt":"2025-05-28T06:44:12","slug":"toulon-debat-a-titre-preventif-au-tribunal-de-commerce","status":"publish","type":"post","link":"https:\/\/www.europesays.com\/fr\/133666\/","title":{"rendered":"Toulon : d\u00e9bat \u00e0 titre pr\u00e9ventif au tribunal de commerce"},"content":{"rendered":"<p><img loading=\"lazy\" decoding=\"async\" alt=\"\u00a9 O. R\u00e9al - Patrick Romagnoli, pr\u00e9sident du tribunal de commerce de Toulon.\" data-zoom-src=\"https:\/\/www.europesays.com\/fr\/wp-content\/uploads\/2025\/05\/initial-we-vi-tc-or-1-2005.jpg\" data-zoomable=\"\" height=\"702\" src=\"https:\/\/www.europesays.com\/fr\/wp-content\/uploads\/2025\/05\/initial-we-vi-tc-or-1-2005.jpg\" width=\"1248\"\/>  <\/p>\n<p class=\"article-desc\">\u00a9 O. R\u00e9al &#8211; Patrick Romagnoli, pr\u00e9sident du tribunal de commerce de Toulon. <\/p>\n<p>\u00ab 90 % des entreprises qui entrent au tribunal de commerce par la proc\u00e9dure collective repartent en liquidation (directe ou quelques mois plus tard), tandis que 70 % de celles qui passent par des mesures pr\u00e9ventives sortent par le haut. \u00bb Le pr\u00e9sident du <a href=\"https:\/\/mesinfos.fr\/tag\/tribunal-de-commerce-de-toulon\" rel=\"noopener\" target=\"_blank\">tribunal de commerce de Toulon<\/a>, <a href=\"https:\/\/mesinfos.fr\/provence-alpes-cote-d-azur\/tribunal-de-commerce-prevention-de-rigueur-119925.html\" rel=\"noopener\" target=\"_blank\">Patrick Romagnoli<\/a>, fait siennes les statistiques nationales pour bien illustrer l<strong>a probl\u00e9matique de la pr\u00e9vention<\/strong>, ou plut\u00f4t du faible niveau de pr\u00e9vention malgr\u00e9 les appels et les mises en garde. <\/p>\n<blockquote>\n<p>\u00ab Il faut inciter les entreprises \u00e0 venir le plus t\u00f4t possible quand elles commencent \u00e0 avoir des difficult\u00e9s, or ce n\u2019est pas le cas naturellement. La peur sans doute des cons\u00e9quences lorsqu\u2019elles viennent au tribunal de commerce. A tort, notre \u00e9tat d\u2019esprit est avant tout dans l\u2019aide et l\u2019accompagnement, pas dans la sanction m\u00eame si celle-ci tombera le cas \u00e9ch\u00e9ant. \u00bb <\/p>\n<\/blockquote>\n<p>  Pr\u00e9vention des difficult\u00e9s : un rendez-vous pour les dirigeants le 3 juin <\/p>\n<p>Pour d\u00e9mystifier la pr\u00e9vention et favoriser le rebond, le TC de Toulon organise dans ses locaux <strong>une table-ronde le 3 juin \u00e0 16 h<\/strong>\u00a0<strong>\u00e0 l\u2019attention des dirigeants<\/strong>. Au programme, un administrateur judiciaire, au c\u0153ur du r\u00e9acteur de la pr\u00e9vention, Xavier Huertas, un avocat en proc\u00e9dures collectives, incontournable, Jean-Fran\u00e7ois Tognaccioli, un procureur adjoint, Laurent Robert, avec sa vision de repr\u00e9sentant du parquet et de l\u2019application de la loi, et le pr\u00e9sident Romagnoli, \u00e9galement expert-comptable et commissaire aux comptes, dont l\u2019app\u00e9tence pour ces sujets est forte.<\/p>\n<p>  <img decoding=\"async\" alt=\"\" data-zoomable=\"\" height=\"1129\" loading=\"lazy\" src=\"https:\/\/www.europesays.com\/fr\/wp-content\/uploads\/2025\/05\/we-vi-tc-or-2-2005.jpg\" width=\"2000\"\/> \u00a9 O. R\u00e9al &#8211; Le tribunal de commerce de Toulon, lieu de pr\u00e9vention \u00e9conomique De difficult\u00e9s en d\u00e9faillances\u00a0 <\/p>\n<p>Le moment est plus que jamais propice, car <strong>les chiffres nationaux sont \u00e9difiants<\/strong> : en 2024 plus de 66 000 entreprises ont fait faillite suite \u00e0 des proc\u00e9dures collectives, contre 8 000 sauv\u00e9es par la pr\u00e9vention. A l\u2019\u00e9chelle du Var, c\u2019est <strong>685 contre une trentaine\u2026\u00a0!<\/strong> Ce n\u2019est pas faute, de la part du pr\u00e9sident et des juges en premi\u00e8re ligne de la pr\u00e9vention, de prendre leur b\u00e2ton de p\u00e8lerin afin de porter la bonne parole partout, dans les syndicats, en particulier \u00e0 l\u2019UPV (Union patronale du Var), dans les f\u00e9d\u00e9rations comme le BTP et la Fnaim, dans les r\u00e9seaux et bien d\u2019autres lieux \u00e9conomiques et sociaux. <\/p>\n<p>Le traitement des difficult\u00e9s, qui est l\u2019une des principales missions de cette juridiction commerciale, avec le contentieux entre professionnels, ne cesse de prendre de l\u2019ampleur, surtout <strong>depuis la fin du \u00ab\u00a0quoi qu\u2019il en co\u00fbte\u00a0\u00bb de la p\u00e9riode Covid<\/strong>, avec un effet de rattrapage sur les assignations (Urssaf notamment) qui avaient \u00e9t\u00e9 mises en stand-by.<\/p>\n<p> D\u00e9faillances : quelles sont les entreprises concern\u00e9es ? <\/p>\n<blockquote>\n<p>\u00ab Le niveau de d\u00e9faillances \u00e9tait en 2024 sup\u00e9rieur \u00e0 l\u2019ann\u00e9e de r\u00e9f\u00e9rence, avant la crise, \u00e0 savoir 2019, mais il convient n\u00e9anmoins de mod\u00e9rer toutes ces donn\u00e9es au regard des profils de soci\u00e9t\u00e9s concern\u00e9es \u00bb, selon Patrick Romagnoli. <\/p>\n<\/blockquote>\n<p><strong>90 % d\u2019entre elles sont en effet des TPE cr\u00e9\u00e9es dans l\u2019ann\u00e9e<\/strong>, sachant que le taux global de cr\u00e9ation, qui augmente lui aussi, comprend plus des deux tiers d\u2019auto-entrepreneurs. Cela \u00e9tant, et c\u2019est plus inqui\u00e9tant pour l\u2019emploi, <strong>depuis le d\u00e9but de l\u2019ann\u00e9e des entreprises de taille plus importante connaissent des difficult\u00e9s<\/strong>. Seul \u00e9l\u00e9ment un peu rassurant, la courbe d\u2019augmentation des d\u00e9faillances par ouverture de proc\u00e9dures collectives semble s\u2019infl\u00e9chir au premier quadrimestre 2025 par rapport \u00e0 2024. Pour autant, on est loin de la coupe aux l\u00e8vres compte tenu de la faible croissance d\u2019activit\u00e9. En r\u00e9sum\u00e9, mieux vaut pr\u00e9venir\u2026<\/p>\n","protected":false},"excerpt":{"rendered":"\u00a9 O. R\u00e9al &#8211; Patrick Romagnoli, pr\u00e9sident du tribunal de commerce de Toulon. \u00ab 90 % des entreprises&hellip;\n","protected":false},"author":2,"featured_media":133667,"comment_status":"","ping_status":"","sticky":false,"template":"","format":"standard","meta":{"footnotes":""},"categories":[9619],"tags":[1111,11,25948,25947,1777,674,1011,27,12,882,25,2310,25946],"class_list":{"0":"post-133666","1":"post","2":"type-post","3":"status-publish","4":"format-standard","5":"has-post-thumbnail","7":"category-toulon","8":"tag-actu","9":"tag-actualites","10":"tag-du00e9faillance-entreprises","11":"tag-entreprises-en-difficultu00e9","12":"tag-eu","13":"tag-europe","14":"tag-fr","15":"tag-france","16":"tag-news","17":"tag-provence-alpes-cote-dazur","18":"tag-republique-francaise","19":"tag-toulon","20":"tag-tribunal-de-commerce-de-toulon"},"share_on_mastodon":{"url":"https:\/\/pubeurope.com\/@fr\/114584110093933986","error":""},"_links":{"self":[{"href":"https:\/\/www.europesays.com\/fr\/wp-json\/wp\/v2\/posts\/133666","targetHints":{"allow":["GET"]}}],"collection":[{"href":"https:\/\/www.europesays.com\/fr\/wp-json\/wp\/v2\/posts"}],"about":[{"href":"https:\/\/www.europesays.com\/fr\/wp-json\/wp\/v2\/types\/post"}],"author":[{"embeddable":true,"href":"https:\/\/www.europesays.com\/fr\/wp-json\/wp\/v2\/users\/2"}],"replies":[{"embeddable":true,"href":"https:\/\/www.europesays.com\/fr\/wp-json\/wp\/v2\/comments?post=133666"}],"version-history":[{"count":0,"href":"https:\/\/www.europesays.com\/fr\/wp-json\/wp\/v2\/posts\/133666\/revisions"}],"wp:featuredmedia":[{"embeddable":true,"href":"https:\/\/www.europesays.com\/fr\/wp-json\/wp\/v2\/media\/133667"}],"wp:attachment":[{"href":"https:\/\/www.europesays.com\/fr\/wp-json\/wp\/v2\/media?parent=133666"}],"wp:term":[{"taxonomy":"category","embeddable":true,"href":"https:\/\/www.europesays.com\/fr\/wp-json\/wp\/v2\/categories?post=133666"},{"taxonomy":"post_tag","embeddable":true,"href":"https:\/\/www.europesays.com\/fr\/wp-json\/wp\/v2\/tags?post=133666"}],"curies":[{"name":"wp","href":"https:\/\/api.w.org\/{rel}","templated":true}]}}