{"id":133674,"date":"2025-05-28T06:48:11","date_gmt":"2025-05-28T06:48:11","guid":{"rendered":"https:\/\/www.europesays.com\/fr\/133674\/"},"modified":"2025-05-28T06:48:11","modified_gmt":"2025-05-28T06:48:11","slug":"congres-du-ps-le-maire-de-rouen-nicolas-mayer-rossignol-fait-vaciller-olivier-faure","status":"publish","type":"post","link":"https:\/\/www.europesays.com\/fr\/133674\/","title":{"rendered":"Congr\u00e8s du PS. Le maire de Rouen Nicolas Mayer-Rossignol fait vaciller Olivier Faure"},"content":{"rendered":"<p>            Par<br \/>\n        <strong><br \/>\n            <a href=\"https:\/\/actu.fr\/auteur\/julien-bouteiller\" title=\"Consulter tous les articles de Julien Bouteiller\" target=\"_blank\" rel=\"noopener\">Julien Bouteiller<\/a><br \/>\n        <\/strong><\/p>\n<p>        Publi\u00e9 le<\/p>\n<p>            28 mai 2025 \u00e0 7h50        <\/p>\n<p>Maire et pr\u00e9sident de la M\u00e9tropole de Rouen <strong>et bient\u00f4t Premier secr\u00e9taire du Parti socialiste ?<\/strong> Lors du Congr\u00e8s du PS ce 27 mai 2025, le texte d\u2019orientation de <a href=\"https:\/\/actu.fr\/tag\/nicolas-mayer-rossignol\" target=\"_blank\" rel=\"noopener\">Nicolas Mayer-Rossignol<\/a> a remport\u00e9 quasiment autant de suffrages que celui <strong>d\u2019Olivier Faure<\/strong>. De quoi supposer qu\u2019il pourrait prendre la t\u00eate du parti ?\u00a0<\/p>\n<p>Vers un nouveau duel NMR-Faure ?<\/p>\n<p class=\" wall-content\"><a href=\"https:\/\/actu.fr\/normandie\/rouen_76540\/congres-du-ps-nicolas-mayer-rossignol-et-olivier-faure-revendiquent-tous-deux-la-victoire_56678998.html\" target=\"_blank\" rel=\"noopener\">Battu d\u2019un cheveu par Olivier Faure<\/a> lors du pr\u00e9c\u00e9dent Congr\u00e8s, Nicolas Mayer-Rossignol a f\u00e9d\u00e9r\u00e9 cette fois plus largement autour de son nom les soutiens <strong>d\u2019une ligne de rupture<\/strong> avec le commandement actuel du parti :<strong> Carole Delga, H\u00e9l\u00e8ne Geoffroy, Philippe Brun, Lionel Jospin\u2026\u00a0<\/strong><\/p>\n<p class=\" wall-content\">Olivier Faure misait quant \u00e0 lui sur la continuit\u00e9, tout en s\u2019affirmant plus fermement oppos\u00e9 qu\u2019auparavant <strong>\u00e0 une union avec La France Insoumise de Jean-Luc M\u00e9lenchon.<\/strong><\/p>\n<p class=\" wall-content\">Enfin, Boris Vallaud s\u2019est pos\u00e9 en troisi\u00e8me voie pour d\u00e9passer les querelles internes entre les diff\u00e9rentes ailes du PS.<\/p>\n<p>Nicolas Mayer-Rossignol proche de diriger le PS ?<\/p>\n<p class=\" wall-content\">Les 40 000 adh\u00e9rents ont donc vot\u00e9, et les r\u00e9sultats sont tr\u00e8s serr\u00e9s. L\u2019\u00e9quipe d\u2019Olivier Faure revendique 42% des voix contre 41 Pour NMR. Ce dernier assure quant \u00e0 lui que le score est de 41% pour lui comme pour l\u2019actuel Premier secr\u00e9taire.<\/p>\n<p>Vid\u00e9os : en ce moment sur Actu<\/p>\n<p class=\" wall-content\">C\u2019est donc Boris Vallaud, arriv\u00e9 troisi\u00e8me, qui a les cartes en main\u00a0 pour faire pencher la balance en faveur de l\u2019un ou l\u2019autre des deux rivaux <strong>qui s\u2019affronteront lors d\u2019un second tour le 5 juin<\/strong>. NMR r\u00e9ussira-t-il son pari de \u00ab\u00a0changer pour gagner\u00a0\u00bb ?\u00a0<\/p>\n<p>Suivez l\u2019actualit\u00e9 de Rouen <a href=\"https:\/\/www.whatsapp.com\/channel\/0029VaKfnf99hXF2ddApFB1D\" target=\"_blank\" rel=\"noopener\">sur notre cha\u00eene WhatsApp<\/a> et <a href=\"https:\/\/www.tiktok.com\/@76actu.fr?lang=fr\" target=\"_blank\" rel=\"noopener\">sur notre compte TikTok<\/a><\/p>\n<p class=\" wall-content\">Suivez toute l\u2019actualit\u00e9 de vos villes et m\u00e9dias favoris en vous inscrivant \u00e0 <a href=\"https:\/\/moncompte.actu.fr\" title=\"D\u00e9couvez Mon Actu\" rel=\"nofollow noopener\" data-trk=\"{&quot;cta&quot;:{&quot;action&quot;:&quot;https:\\\/\\\/moncompte.actu.fr&quot;,&quot;category&quot;:&quot;mon compte&quot;,&quot;from&quot;:&quot;article footer&quot;,&quot;name&quot;:&quot;Mon actu&quot;,&quot;type&quot;:&quot;cta&quot;}}\" target=\"_blank\">Mon Actu<\/a>.<\/p>\n<ul class=\"ac-article-tag wall-content\">\n<li><a href=\"https:\/\/actu.fr\/tag\/nicolas-mayer-rossignol\" data-trk=\"{&quot;cta&quot;:{&quot;action&quot;:&quot;Nicolas Mayer-Rossignol&quot;,&quot;category&quot;:&quot;tag&quot;,&quot;from&quot;:&quot;article footer&quot;,&quot;name&quot;:&quot;Nicolas Mayer-Rossignol&quot;,&quot;type&quot;:&quot;cta&quot;}}\" target=\"_blank\" rel=\"noopener\">#Nicolas Mayer-Rossignol<\/a><\/li>\n<li><a href=\"https:\/\/actu.fr\/tag\/parti-socialiste-ps\" data-trk=\"{&quot;cta&quot;:{&quot;action&quot;:&quot;Parti Socialiste (PS)&quot;,&quot;category&quot;:&quot;tag&quot;,&quot;from&quot;:&quot;article footer&quot;,&quot;name&quot;:&quot;Parti Socialiste (PS)&quot;,&quot;type&quot;:&quot;cta&quot;}}\" target=\"_blank\" rel=\"noopener\">#Parti Socialiste (PS)<\/a><\/li>\n<\/ul>\n<p>                    <script async src=\"\/\/www.tiktok.com\/embed.js\"><\/script><\/p>\n","protected":false},"excerpt":{"rendered":"Par Julien Bouteiller Publi\u00e9 le 28 mai 2025 \u00e0 7h50 Maire et pr\u00e9sident de la M\u00e9tropole de Rouen&hellip;\n","protected":false},"author":2,"featured_media":133675,"comment_status":"","ping_status":"","sticky":false,"template":"","format":"standard","meta":{"footnotes":""},"categories":[9587],"tags":[1111,11,1777,674,1011,27,12,13268,5161,4484,316,25,9590],"class_list":{"0":"post-133674","1":"post","2":"type-post","3":"status-publish","4":"format-standard","5":"has-post-thumbnail","7":"category-rouen","8":"tag-actu","9":"tag-actualites","10":"tag-eu","11":"tag-europe","12":"tag-fr","13":"tag-france","14":"tag-news","15":"tag-nicolas-mayer-rossignol","16":"tag-normandie","17":"tag-parti-socialiste-ps","18":"tag-politique","19":"tag-republique-francaise","20":"tag-rouen"},"share_on_mastodon":{"url":"https:\/\/pubeurope.com\/@fr\/114584126406423290","error":""},"_links":{"self":[{"href":"https:\/\/www.europesays.com\/fr\/wp-json\/wp\/v2\/posts\/133674","targetHints":{"allow":["GET"]}}],"collection":[{"href":"https:\/\/www.europesays.com\/fr\/wp-json\/wp\/v2\/posts"}],"about":[{"href":"https:\/\/www.europesays.com\/fr\/wp-json\/wp\/v2\/types\/post"}],"author":[{"embeddable":true,"href":"https:\/\/www.europesays.com\/fr\/wp-json\/wp\/v2\/users\/2"}],"replies":[{"embeddable":true,"href":"https:\/\/www.europesays.com\/fr\/wp-json\/wp\/v2\/comments?post=133674"}],"version-history":[{"count":0,"href":"https:\/\/www.europesays.com\/fr\/wp-json\/wp\/v2\/posts\/133674\/revisions"}],"wp:featuredmedia":[{"embeddable":true,"href":"https:\/\/www.europesays.com\/fr\/wp-json\/wp\/v2\/media\/133675"}],"wp:attachment":[{"href":"https:\/\/www.europesays.com\/fr\/wp-json\/wp\/v2\/media?parent=133674"}],"wp:term":[{"taxonomy":"category","embeddable":true,"href":"https:\/\/www.europesays.com\/fr\/wp-json\/wp\/v2\/categories?post=133674"},{"taxonomy":"post_tag","embeddable":true,"href":"https:\/\/www.europesays.com\/fr\/wp-json\/wp\/v2\/tags?post=133674"}],"curies":[{"name":"wp","href":"https:\/\/api.w.org\/{rel}","templated":true}]}}