{"id":133676,"date":"2025-05-28T06:49:13","date_gmt":"2025-05-28T06:49:13","guid":{"rendered":"https:\/\/www.europesays.com\/fr\/133676\/"},"modified":"2025-05-28T06:49:13","modified_gmt":"2025-05-28T06:49:13","slug":"la-municipalite-avoue-500-000-e-de-depenses","status":"publish","type":"post","link":"https:\/\/www.europesays.com\/fr\/133676\/","title":{"rendered":"LA MUNICIPALIT\u00c9 AVOUE 500 000 \u20ac DE D\u00c9PENSES"},"content":{"rendered":"<p>Posted On 28 mai 2025 <\/p>\n<p>En fin de Conseil Municipal, du bout des l\u00e8vres, \u00e0 regrets, et avec sa morgue habituelle, Eric Piolle avoue 500 000 \u20ac de d\u00e9penses pour le bide de \u00ab\u00a0la Biennale des Villes en Transitions\u00a0\u00bb <a href=\"https:\/\/grenoble-le-changement.fr\/2025\/05\/17\/biennale-des-villes-en-transition-loperation-de-propagande-coule-a-pic\/\" target=\"_blank\" rel=\"noopener\">boud\u00e9e par les grenoblois.<\/a> Contraint de r\u00e9pondre \u00e0 la question orale pos\u00e9e par Ch\u00e9rif Boutafa au nom du groupe d&rsquo;opposition.<\/p>\n<p>L&rsquo;op\u00e9ration, toute de com&rsquo; avec un budget publicitaire cons\u00e9quent permettant de s&rsquo;assurer de la bienveillance des m\u00e9dias qui n&rsquo;ont pas regard\u00e9 de trop pr\u00e8s le contenu et les pr\u00e9sents , m\u00eame si Jean-Benoit Vigny ( DL) a discr\u00e8tement relev\u00e9 qu&rsquo;Eric Piolle avait prononc\u00e9 son discours d&rsquo;ouverture devant \u00ab\u00a0une assistance clairsem\u00e9e \u00a0\u00bb ( !). En effet.<\/p>\n<p><video controls=\"\" src=\"https:\/\/grenoble-le-changement.fr\/wp-content\/uploads\/2025\/05\/VIDEO-2025-05-16-13-02-09.mp4\"\/>L&rsquo;affiche et la r\u00e9alit\u00e9 de la \u00a0\u00bb Biennale des villes en Transitions\u00a0\u00bb un mercredi apr\u00e8s midi, jour d&rsquo;affluence: 500 000 \u20ac&#8230;<\/p>\n<p><strong>PIOLLE A ANNONC\u00c9 QU&rsquo;ON SERAIT NEUTRE EN 2040 &#8230;<\/strong><\/p>\n<p>Tout \u00e9tait faisand\u00e9 par la propagande. Le grand sujet du vide \u00e9tait \u00a0\u00bb les quartiers favorables \u00e0 la sant\u00e9 \u00a0\u00bb &#8230; en 2040 . Pourquoi 2040 et pas 2050 comme d&rsquo;habitude a demand\u00e9 Cherif Boutafa \u00e0 la majorit\u00e9 municipale?\u00a0 Parce qu&rsquo;en 2022 a r\u00e9pondu\u00a0 Eric Piolle nous avons d\u00e9cid\u00e9 qu&rsquo;en 2040 on serait \u00ab\u00a0neutre du point de vue du climat, de la biodiversit\u00e9, des \u00e9missions de gaz a effets de serre \u00a0\u00bb\u00a0 , des mots qui <a href=\"https:\/\/grenoble-le-changement.fr\/2025\/04\/04\/biennale-des-villes-en-transition-la-grande-arnaque\/\" target=\"_blank\" rel=\"noopener\">n&rsquo;engagent \u00e0 rien \u00e9videmment.<\/a><\/p>\n<p><strong>&#8230; MAIS NE CITE PLUS LA NEUTRALIT\u00c9 CARBONE!<\/strong><\/p>\n<p>Par contre, depuis que nous sommes devenus, <a href=\"https:\/\/grenoble-le-changement.fr\/2022\/06\/18\/ilots-de-chaleur-piolle-pulverise-la-couche-dozone\/\" target=\"_blank\" rel=\"noopener\">selon le CNRS,\u00a0 la premi\u00e8re des grandes villes pour les ilots de chaleur dus \u00e0 l&rsquo;urbanisation,<\/a> l&rsquo;expression \u00a0\u00bb neutralit\u00e9 carbone\u00a0\u00bb a disparu du vocabulaire des Rouge\/Verts.\u00a0 Et pour cause, leur politique recule cet objectif. Ils adaptent leurs fakes \u00e0 chaque \u00e9tape.\u00a0<\/p>\n<p><strong>Ch\u00e9rif BOUTAFA : \u00a0\u00bb UNE PRIVATISATION POLITIQUE DE L&rsquo;OP\u00c9RATION\u00a0\u00bb<\/strong><\/p>\n<p>Au Conseil Municipal Ch\u00e9rif Boutafa a d\u00e9nonc\u00e9 \u00a0\u00bb la privatisation politique de l\u2019op\u00e9ration avec des intervenants d\u2019extr\u00eame gauche , telle Fatima Ouassak pour laquelle le communautarisme est une invention de l\u2019extr\u00eame droite, fustigeant \u00e9videmment les violences polici\u00e8res ou bien comme garant d\u2019\u00abune analyse pointue, objective et impartiale de l&rsquo;actualit\u00e9\u00a0\u00bb,\u00a0 Guillaume Meurice licenci\u00e9 de Radio France pour faute grave.\u00a0\u00bb &#8230;<\/p>\n<p><a href=\"https:\/\/i0.wp.com\/grenoble-le-changement.fr\/wp-content\/uploads\/2025\/05\/Capture-de\u0301cran-2025-05-27-a\u0300-17.13.49.png?ssl=1\" rel=\"lightbox[82246] noopener\" target=\"_blank\"><img decoding=\"async\" data-id=\"82248\" src=\"https:\/\/i0.wp.com\/grenoble-le-changement.fr\/wp-content\/uploads\/2025\/05\/Capture-de\u0301cran-2025-05-27-a\u0300-17.13.49.png?resize=678%2C477&amp;ssl=1\" alt=\"\" class=\"wp-image-82248 jetpack-lazy-image\" data-recalc-dims=\"1\" data-lazy-src=\"https:\/\/i0.wp.com\/grenoble-le-changement.fr\/wp-content\/uploads\/2025\/05\/Capture-de\u0301cran-2025-05-27-a\u0300-17.13.49.png?resize=678%2C477&amp;is-pending-load=1#038;ssl=1\" \/><\/a><br \/>\nAlain Carignon a<a target=\"_blank\" href=\"https:\/\/www.grenoblemag.com\/article\/1783\/des-grenoblois-perturbent-la-biennale-des-villes-en-transition\" rel=\"noopener\"> accompagn\u00e9 \u00e0 la Biennale des grenoblois qui vivent dans des logements insalubres g\u00e9r\u00e9s p<\/a>ar des \u00e9lus de la majorit\u00e9 Piolle, mais &#8230; en 2025 !  <\/p>\n<p><strong>UNE S\u00c9RIE DE SITUATIONS INTOL\u00c9RABLES<\/strong><\/p>\n<p>Cette Tartufferie cynique m\u00e9ritait d&rsquo;\u00eatre d\u00e9nonc\u00e9e. Le groupe d&rsquo;opposition a list\u00e9 une s\u00e9rie de situations intol\u00e9rables que les \u00e9lus actuels de la majorit\u00e9 Rouge\/verts font vivre aux Grenoblois dans les logements qu\u00a0\u00bbils g\u00e8rent.\u00a0 Ainsi deux femmes \u00a0\u00e2g\u00e9es, \u00a0\u00a0filles d\u2019une femme de 91 ans clou\u00e9e dans son lit au 12 eme \u00e9tage de la tour du 5 rue du 140 eme RIA alertaient sur les pannes r\u00e9currentes d\u2019ascenseur , parfois de long week ends ou ponts pendant lesquels elles ont du mal \u00e0 lui apporter ses repas du midi et du soir.\u00a0 Les habitants du pr\u00e9lude, manifestaient en d\u00e9crivant l&rsquo;\u00e9tat d\u00e9labr\u00e9 de leur immeuble avec des\u00a0 infiltrations g\u00e9n\u00e9ralis\u00e9es, moisissures dans tous les logements mettant en p\u00e9ril la sant\u00e9 des locataires, avec un \u00a0incendie au deuxi\u00e8me \u00e9tage li\u00e9 \u00e0 un probl\u00e8me \u00e9lectrique non g\u00e9r\u00e9 \u00e0 temps, ascenseur qui ne va pas jusqu&rsquo;en haut&#8230; Le b\u00e2timent qui fuit tellement que certaines pi\u00e8ces du rez-de-chauss\u00e9e, o\u00f9 est install\u00e9e la cr\u00e8che municipale la Marelle, sont maintenant condamn\u00e9es \u00e0 cause des infiltrations qui menacent le plafond !<\/p>\n<p><strong>UNE FEMME CHEF DE FAMILLE CONTRAINTE DE CONDAMNER LA CHAMBRE DES ENFANTS<\/strong><\/p>\n<p style=\"font-weight: 400;\">Pendant la biennale des villes en transition favorable \u00e0 la sant\u00e9 en 2040, une femme chef de famille habitant 50 place des G\u00e9ants est contrainte de condamner une chambre tant les moisissures pourrissent la pi\u00e8ce et d\u00e9gagent des odeurs pestilentielles \u00a0, dormant avec ses enfants dans la m\u00eame pi\u00e8ce. Dans le m\u00eame immeuble vit une famille qui subit les m\u00eames nuisances au dernier \u00e9tage ; Deux femmes chefs de famille vivent une vie insoutenable de d\u00e9gradation 20 rue Christophe Turc, tentent de prot\u00e9ger leurs enfants.\u00a0<\/p>\n<p style=\"font-weight: 400;\"><a href=\"https:\/\/grenoble-le-changement.fr\/2025\/05\/11\/centre-ville-les-habitants-nen-peuvent-plus-des-discours-et-de-la-mauvaise-foi-des-elus\/\" target=\"_blank\" rel=\"noopener\">Face \u00e0 ces quelques exemples<\/a> Eric Piolle a eu du mal a d\u00e9noncer des fakes. Il s&rsquo;est seulement raidit comme \u00e0 son habitude, aucun des \u00e9lus godillots de la majorit\u00e9 municipale n&rsquo;ayant m\u00eame un mot de compassion pour ces grenoblois qu&rsquo;ils maltraitent.\u00a0<\/p>\n<p><a href=\"https:\/\/i1.wp.com\/grenoble-le-changement.fr\/wp-content\/uploads\/2025\/05\/Capture-de\u0301cran-2025-05-27-a\u0300-17.23.22.png?ssl=1\" rel=\"lightbox[82246] noopener\" target=\"_blank\"><img decoding=\"async\" data-id=\"82250\" src=\"https:\/\/i1.wp.com\/grenoble-le-changement.fr\/wp-content\/uploads\/2025\/05\/Capture-de\u0301cran-2025-05-27-a\u0300-17.23.22.png?resize=678%2C509&amp;ssl=1\" alt=\"\" class=\"wp-image-82250 jetpack-lazy-image\" data-recalc-dims=\"1\" data-lazy-src=\"https:\/\/i1.wp.com\/grenoble-le-changement.fr\/wp-content\/uploads\/2025\/05\/Capture-de\u0301cran-2025-05-27-a\u0300-17.23.22.png?resize=678%2C509&amp;is-pending-load=1#038;ssl=1\" \/><\/a><br \/>\nPendant ce temps pour 500 000 \u20ac quelques uns se font plaisir \u00e0 mouliner du vent <\/p>\n<p><strong>DES HABITANTS de VILLENEUVE FONT SURGIR LE R\u00c9EL <\/strong><\/p>\n<p>D&rsquo;ailleurs <a target=\"_blank\" href=\"https:\/\/www.grenoblemag.com\/article\/1783\/des-grenoblois-perturbent-la-biennale-des-villes-en-transition\" rel=\"noopener\">ce r\u00e9el avait fait irruption \u00e0 la Biennale quand une d\u00e9l\u00e9gation d&rsquo;habitants du 50 place des G\u00e9ants<\/a> est venu avec les images de l&rsquo;immeuble ou ils habitent, g\u00e9r\u00e9 par un \u00e9lu de Piolle, pour montrer la situation d&rsquo;insalubrit\u00e9 dans laquelle ils vivent. La directrice de \u00a0\u00bb la ville ouverte\u00a0\u00bb &#8211; \u00e7a ne s&rsquo;invente pas &#8211; a refus\u00e9 qu&rsquo;ils posent leur affichettes l\u00e0 ou les grenoblois \u00e9taient cens\u00e9s s&rsquo;exprimer et refuser qu&rsquo;ils les placent en dessous de la fresque financ\u00e9e par la ville sur la sant\u00e9 des quartiers en 2040. Avec malice, Rachid, l&rsquo;un des habitants, a fait valoir \u00ab\u00a0que ce serait bien qu&rsquo;on voit d&rsquo;ou on part pour savoir ou on veut aller\u00a0\u00bb . Pas question.\u00a0 Tous les participants , financ\u00e9s par la ville, ne mesurent pas le degr\u00e9 d&rsquo;instrumentalisation dont ils sont l&rsquo;objet.\u00a0<\/p>\n<p><strong>LA BIENNALE POUR CAMOUFLER LA R\u00c9ALIT\u00c9<\/strong><\/p>\n<p>L&rsquo;op\u00e9ration est enti\u00e8rement conduite pour masquer cette r\u00e9alit\u00e9 . En se polarisant sur 2040, en des termes extr\u00eamement vagues, sans aucune tra\u00e7abilit\u00e9 permettant de contr\u00f4ler\u00a0 les \u00e9volutions, ce qu&rsquo;on doit \u00e0 la municipalit\u00e9, les gros malins d&rsquo;\u00e9lus Rouge\/Verts entendent \u00e9chapper \u00e0 leur responsabilit\u00e9 d&rsquo;aujourd&rsquo;hui. Ils font gober tout \u00e7a \u00e0 de nombreux jeunes, sur fond d&rsquo;apocalypse plan\u00e9taire , afin de\u00a0 se poser en sauveurs auxquels on doit reconnaissance.\u00a0<\/p>\n<p><video controls=\"\" src=\"https:\/\/grenoble-le-changement.fr\/wp-content\/uploads\/2025\/05\/Piolle-ilot-de-chaleur-.mp4\"\/>Apr\u00e8s 3 ans de d\u00e9ni, Eric Piolle a reconnu \u00e0 reculons que Grenoble est devenue la premi\u00e8re des grandes villes pour les ilots de chaleur en 2022 , mais le CNRS aurait travaill\u00e9 sur des bases de 2018 ( !) : m\u00eame avec cette fake, il oublie qu&rsquo;il est \u00e9lu depuis 2014 . Les jeunes mobilis\u00e9 sur le climat ne seront pas inform\u00e9s de cett<a href=\"https:\/\/grenoble-le-changement.fr\/2025\/04\/14\/alternatiba-toujours-rien-contre-la-municipalite\/\" target=\"_blank\" rel=\"noopener\">e situation et Alternatiba, Extinction Rebellion,<\/a> et autres ne le mettront jamais en cause.<\/p>\n<p><strong>LES NOTES POUR LE CONTRIBUABLE SONT SAL\u00c9ES<\/strong><\/p>\n<p>La derni\u00e8re \u00a0\u00bb Biennale des villes en transition\u00a0\u00bb du mandat s&rsquo;est donc achev\u00e9e . Elle signe la derni\u00e8re pantalonnade du genre. <a href=\"https:\/\/grenoble-le-changement.fr\/2024\/02\/06\/securite-sociale-alimentaire-la-nouvelle-fumisterie-made-in-grenoble\/\" target=\"_blank\" rel=\"noopener\">La s\u00e9curit\u00e9 sociale Alimentaire a pris le relais<\/a> avec 230 000 \u20ac pour une association amie de Savoie qui produira une centaine de panier repas \u00e9colo, bio, de circuits courts \u00e0 la fin de l&rsquo;ann\u00e9e. Apr\u00e8s les 210 000 \u20ac de\u00a0\u00bb l&rsquo;Observatoire du Temps pr\u00e9sent \u00a0\u00bb\u00a0 qui a dur\u00e9 3 mois \u00e0 l&rsquo;esplanade et que la municipalit\u00e9 a oubli\u00e9 dans son projet d&rsquo;am\u00e9nagement! Faut il citer les toilettes s\u00e8ches du jardin de ville, d\u00e9sormais inutilisables, ferm\u00e9es d&rsquo;un cadenas, d&rsquo;un co\u00fbt de 55 000 \u20ac , plus cher qu&rsquo;un appartement \u00e0 Villeneuve?\u00a0<\/p>\n<p><strong>Laurence RUFFIN CONDUIT CE NAVIRE DE D\u00c9PENSES INCONSID\u00c9R\u00c9ES<\/strong><\/p>\n<p>Qui fera la somme de ce qu&rsquo;\u00e0 cout\u00e9 et coute cette folie Rouge\/Verts ? <a href=\"https:\/\/grenoble-le-changement.fr\/2024\/06\/22\/presquile-les-scandales-de-la-folie-verte-eclatent\/\" target=\"_blank\" rel=\"noopener\">Les 2, 4 millions d&rsquo;\u20ac de la \u00ab\u00a0for\u00eat photovolta\u00efque\u00a0\u00bb (!) qui devait rendre autonome l&rsquo;immeuble,<\/a> op\u00e9ration expos\u00e9e doctement, avec suffisance par Eric Piolle,\u00a0 sont perdus.\u00a0 En d\u00e9versant sa propagande en continu, aux frais du contribuable, la majorit\u00e9 municipale d\u00e9sormais conduite par <a href=\"https:\/\/grenoble-le-changement.fr\/2024\/11\/16\/laurence-ruffin-savance-pour-les-municipales-du-piolle-au-feminin\/\" target=\"_blank\" rel=\"noopener\">Laurence Ruffin qui annonce<\/a>, elle,\u00a0 r\u00e9gner <a href=\"https:\/\/grenoble-le-changement.fr\/2025\/05\/26\/scop-alma-que-fait-laurence-ruffin-verts-lfi-des-2-5-millions-d-e-de-resultats\/\" target=\"_blank\" rel=\"noopener\">sur un pactole de 2,5 millions d&rsquo;\u20ac ,<\/a> esp\u00e8re noyer les faits.\u00a0<\/p>\n<p><img decoding=\"async\" data-id=\"82117\" src=\"https:\/\/grenoble-le-changement.fr\/wp-content\/uploads\/2025\/05\/observatoire-du-temps-pre\u0301sent-.webp\" alt=\"\" class=\"wp-image-82117 jetpack-lazy-image\" data-lazy-src=\"https:\/\/www.europesays.com\/fr\/wp-content\/uploads\/2025\/05\/observatoire-du-temps-pre\u0301sent-.webp\" \/><\/p>\n<p><img decoding=\"async\" data-id=\"82252\" src=\"https:\/\/i2.wp.com\/grenoble-le-changement.fr\/wp-content\/uploads\/2025\/05\/Capture-de\u0301cran-2025-05-27-a\u0300-18.25.31.png?w=678&amp;ssl=1\" alt=\"\" class=\"wp-image-82252 jetpack-lazy-image\" data-recalc-dims=\"1\" data-lazy-src=\"https:\/\/i2.wp.com\/grenoble-le-changement.fr\/wp-content\/uploads\/2025\/05\/Capture-de\u0301cran-2025-05-27-a\u0300-18.25.31.png?w=678&amp;is-pending-load=1#038;ssl=1\" \/><\/p>\n<p><img decoding=\"async\" data-id=\"82253\" src=\"https:\/\/i0.wp.com\/grenoble-le-changement.fr\/wp-content\/uploads\/2025\/05\/Capture-de\u0301cran-2025-05-27-a\u0300-18.25.13.png?w=678&amp;ssl=1\" alt=\"\" class=\"wp-image-82253 jetpack-lazy-image\" data-recalc-dims=\"1\" data-lazy-src=\"https:\/\/i0.wp.com\/grenoble-le-changement.fr\/wp-content\/uploads\/2025\/05\/Capture-de\u0301cran-2025-05-27-a\u0300-18.25.13.png?w=678&amp;is-pending-load=1#038;ssl=1\" \/><br \/>\n\u00e0 gauche 210 000 \u20ac jet\u00e9s en l&rsquo;air, \u00e0 droite des toilettes s\u00e9ches au jardin de ville \u00e0 &#8230; 55 000 \u20ac pour sauver la plan\u00e8te, inutilisables, elles sont ferm\u00e9es d&rsquo;un cadenas . Plus cher qu&rsquo;un appartement de Villeneuve  <a target=\"_blank\" href=\"https:\/\/www.tiktok.com\/@guizmaths\/video\/7508379139871755542\" rel=\"noopener\">(source Guizmaths) <\/a>)https:\/\/www.tiktok.com\/@guizmaths\/video\/7508379139871755542<\/p>\n<p><strong>LA FACTURE EST DOUBLE : MORALE ET FINANCI\u00c9RE<\/strong><\/p>\n<p>Mais ils sont t\u00eatus. La note sal\u00e9e. Avant mars 2026 les grenoblois doivent pouvoir la lire afin de savoir ou est pass\u00e9 leur argent, celui de la taxe fonci\u00e8re la plus \u00e9lev\u00e9e des grandes villes. \u00ab\u00a0La biennale des villes en transition\u00a0\u00bb est un bel exemple de dilapidation des fonds publics pour des raisons id\u00e9ologiques et de manipulation.\u00a0 Jusqu&rsquo;au bout les \u00e9lus Rouge\/Verts auront abus\u00e9 de l&rsquo;institution municipale \u00e0 leur profit exclusif. Ils devront rendre des comptes sur la double facture, financi\u00e8re et morale.\u00a0<\/p>\n<p>\t\t\t\t\t\t\t\t\t\t\t<script async src=\"\/\/www.tiktok.com\/embed.js\"><\/script><\/p>\n","protected":false},"excerpt":{"rendered":"Posted On 28 mai 2025 En fin de Conseil Municipal, du bout des l\u00e8vres, \u00e0 regrets, et avec&hellip;\n","protected":false},"author":2,"featured_media":133677,"comment_status":"","ping_status":"","sticky":false,"template":"","format":"standard","meta":{"footnotes":""},"categories":[9566],"tags":[1111,11,25949,2430,23441,9607,1777,674,1011,27,2731,14004,11150,10307,12,25],"class_list":{"0":"post-133676","1":"post","2":"type-post","3":"status-publish","4":"format-standard","5":"has-post-thumbnail","7":"category-grenoble","8":"tag-actu","9":"tag-actualites","10":"tag-alian-carignon","11":"tag-auvergne-rhone-alpes","12":"tag-cherif-boutafa","13":"tag-eric-piolle","14":"tag-eu","15":"tag-europe","16":"tag-fr","17":"tag-france","18":"tag-grenoble","19":"tag-grenoblemag","20":"tag-guizmaths","21":"tag-jean-benoit-vigny","22":"tag-news","23":"tag-republique-francaise"},"share_on_mastodon":{"url":"https:\/\/pubeurope.com\/@fr\/114584129943810758","error":""},"_links":{"self":[{"href":"https:\/\/www.europesays.com\/fr\/wp-json\/wp\/v2\/posts\/133676","targetHints":{"allow":["GET"]}}],"collection":[{"href":"https:\/\/www.europesays.com\/fr\/wp-json\/wp\/v2\/posts"}],"about":[{"href":"https:\/\/www.europesays.com\/fr\/wp-json\/wp\/v2\/types\/post"}],"author":[{"embeddable":true,"href":"https:\/\/www.europesays.com\/fr\/wp-json\/wp\/v2\/users\/2"}],"replies":[{"embeddable":true,"href":"https:\/\/www.europesays.com\/fr\/wp-json\/wp\/v2\/comments?post=133676"}],"version-history":[{"count":0,"href":"https:\/\/www.europesays.com\/fr\/wp-json\/wp\/v2\/posts\/133676\/revisions"}],"wp:featuredmedia":[{"embeddable":true,"href":"https:\/\/www.europesays.com\/fr\/wp-json\/wp\/v2\/media\/133677"}],"wp:attachment":[{"href":"https:\/\/www.europesays.com\/fr\/wp-json\/wp\/v2\/media?parent=133676"}],"wp:term":[{"taxonomy":"category","embeddable":true,"href":"https:\/\/www.europesays.com\/fr\/wp-json\/wp\/v2\/categories?post=133676"},{"taxonomy":"post_tag","embeddable":true,"href":"https:\/\/www.europesays.com\/fr\/wp-json\/wp\/v2\/tags?post=133676"}],"curies":[{"name":"wp","href":"https:\/\/api.w.org\/{rel}","templated":true}]}}