{"id":133678,"date":"2025-05-28T06:50:10","date_gmt":"2025-05-28T06:50:10","guid":{"rendered":"https:\/\/www.europesays.com\/fr\/133678\/"},"modified":"2025-05-28T06:50:10","modified_gmt":"2025-05-28T06:50:10","slug":"les-aixois-jouent-une-place-en-finale-face-a-grenoble","status":"publish","type":"post","link":"https:\/\/www.europesays.com\/fr\/133678\/","title":{"rendered":"Les Aixois jouent une place en finale face \u00e0 Grenoble"},"content":{"rendered":"\n<p>L\u2019heure de la revanche a sonn\u00e9 pour Provence Rugby. D\u00e9faits par Grenoble en demi-finale de Pro D2 l\u2019ann\u00e9e derni\u00e8re, les rugbymen aixois vont une nouvelle fois se confronter aux colosses de l\u2019Is\u00e8re jeudi (21h) pour se hisser en finale du championnat. Avec un certain sentiment de vengeance. \u00ab\u00a0\u00c7a nous a fait tous mal la d\u00e9faite de l\u2019an dernier ici m\u00eame contre Grenoble. Moi, j\u2019ai essay\u00e9 de switcher vite mais les mecs, eux, ils ont souffert. Croyez-moi\u00a0\u00bb, insiste Mauricio Reggiardo. L\u2019entra\u00eeneur argentin, qui vivra ses derniers instants avec le club proven\u00e7al en cas d\u2019\u00e9limination, reste conscient que la t\u00e2che \u00e0 venir s\u2019annonce plus complexe que la saison pass\u00e9e sur la pelouse du stade des Alpes. Ce qui n\u2019arrange pas les affaires de l\u2019exp\u00e9riment\u00e9 demi d\u2019ouverture n\u00e9o-z\u00e9landais Jimmy Gopperth et consorts. Invaincus dans leur antre de Maurice-David avec 15\u00a0succ\u00e8s cons\u00e9cutifs lors de la saison r\u00e9guli\u00e8re [seul Grenoble a r\u00e9ussi \u00e0 en faire de m\u00eame, Ndlr], ils ont connu un exercice 2024-2025 assez d\u00e9sastreux \u00e0 l\u2019ext\u00e9rieur : deux petites victoires pour douze d\u00e9faites, un bilan bien trop fragile pour esp\u00e9rer d\u00e9buter la rencontre avec le statut de favori. \u00ab\u00a0Grenoble a \u00e9t\u00e9 quasiment en t\u00eate tout au long de la saison\u00a0\u00bb, souligne le capitaine Arthur Coville. \u00ab\u00a0Ils m\u00e9ritent leur place, ils m\u00e9ritent leur match \u00e0 domicile. Ils nous ont battus chez nous. Maintenant, on va essayer de leur rendre la pareille. [&#8230;] C\u2019est s\u00fbr que l\u2019on est moins attendu que la derni\u00e8re fois, peut-\u00eatre que l\u2019on aborde le match d\u2019une autre mani\u00e8re. Mais \u00eatre favori sur le papier \u00e7a ne sert \u00e0 rien finalement. Tout est remis \u00e0 z\u00e9ro au coup d\u2019envoi\u00a0\u00bb, ajoute le demi de m\u00eal\u00e9e, persuad\u00e9 que la v\u00e9rit\u00e9 d\u2019un match n\u2019est pas celle d\u2019une saison.<\/p>\n<p> \u00c9crire l\u2019histoire du club\n              <\/p>\n<p>\u00ab\u00a0Nous avons \u00e9t\u00e9 capables de \u00ab\u00a0matcher\u00a0\u00bb les \u00e9quipes du Top\u00a06. On perd d\u2019un point \u00e0 Colomiers, trois \u00e0 Grenoble, on rivalise \u00e0 Brive, on a fait match nul \u00e0 Angoul\u00eame&#8230; Nous n\u2019avons pas gagn\u00e9, c\u2019est vrai, mais nous avons toujours bataill\u00e9\u00a0\u00bb, ajoute le technicien aixois, avec l\u2019espoir que ses prot\u00e9g\u00e9s lutteront jusqu\u2019au bout pour la qualification en finale. Et la possibilit\u00e9 d\u2019acc\u00e9der en Top 14 gr\u00e2ce \u00e0 \u00ab\u00a0un v\u00e9cu collectif plus important que l\u2019ann\u00e9e pass\u00e9e\u00a0\u00bb comme le croit Arthur Coville. \u00ab\u00a0L\u2019an pass\u00e9, c\u2019\u00e9tait l\u2019ann\u00e9e ou jamais, nous sommes tomb\u00e9s de tr\u00e8s haut et il a fallu le dig\u00e9rer\u00a0\u00bb, persiste Mauricio Reggiardo. \u00ab\u00a0C\u2019est pour \u00e7a sans doute que les joueurs parlent de revanche. Moi, je veux que cette demi-finale puisse \u00e9crire une nouvelle page de l\u2019histoire du club\u00a0\u00bb, poursuit-il en regardant droit vers la finale \u00e0 Toulouse. Une belle fa\u00e7on de faire ses adieux au club aixois.<\/p>\n<p>Demi-finale de Pro D2<\/p>\n<p>\u00c0 21h, au stade des Alpes<\/p>\n<p>Arbitre : A. Marbot<\/p>\n<p>Compo probable d\u2019Aix-en-Provence : Wegrzyn, Pifeleti, Mallez \u2013 Zafra, Rodda \u2013 Piazzoli, Gambini, Harrison \u2013 Coville (m, cap.), Gopperth (o) \u2013 Bouhedjeur, Finau, North, Lapegue \u2013 Soulan.<\/p>\n","protected":false},"excerpt":{"rendered":"L\u2019heure de la revanche a sonn\u00e9 pour Provence Rugby. D\u00e9faits par Grenoble en demi-finale de Pro D2 l\u2019ann\u00e9e&hellip;\n","protected":false},"author":2,"featured_media":133679,"comment_status":"","ping_status":"","sticky":false,"template":"","format":"standard","meta":{"footnotes":""},"categories":[9566],"tags":[1111,11,2430,1777,674,1011,27,2731,12,2308,25],"class_list":{"0":"post-133678","1":"post","2":"type-post","3":"status-publish","4":"format-standard","5":"has-post-thumbnail","7":"category-grenoble","8":"tag-actu","9":"tag-actualites","10":"tag-auvergne-rhone-alpes","11":"tag-eu","12":"tag-europe","13":"tag-fr","14":"tag-france","15":"tag-grenoble","16":"tag-news","17":"tag-pro-d2","18":"tag-republique-francaise"},"share_on_mastodon":{"url":"","error":""},"_links":{"self":[{"href":"https:\/\/www.europesays.com\/fr\/wp-json\/wp\/v2\/posts\/133678","targetHints":{"allow":["GET"]}}],"collection":[{"href":"https:\/\/www.europesays.com\/fr\/wp-json\/wp\/v2\/posts"}],"about":[{"href":"https:\/\/www.europesays.com\/fr\/wp-json\/wp\/v2\/types\/post"}],"author":[{"embeddable":true,"href":"https:\/\/www.europesays.com\/fr\/wp-json\/wp\/v2\/users\/2"}],"replies":[{"embeddable":true,"href":"https:\/\/www.europesays.com\/fr\/wp-json\/wp\/v2\/comments?post=133678"}],"version-history":[{"count":0,"href":"https:\/\/www.europesays.com\/fr\/wp-json\/wp\/v2\/posts\/133678\/revisions"}],"wp:featuredmedia":[{"embeddable":true,"href":"https:\/\/www.europesays.com\/fr\/wp-json\/wp\/v2\/media\/133679"}],"wp:attachment":[{"href":"https:\/\/www.europesays.com\/fr\/wp-json\/wp\/v2\/media?parent=133678"}],"wp:term":[{"taxonomy":"category","embeddable":true,"href":"https:\/\/www.europesays.com\/fr\/wp-json\/wp\/v2\/categories?post=133678"},{"taxonomy":"post_tag","embeddable":true,"href":"https:\/\/www.europesays.com\/fr\/wp-json\/wp\/v2\/tags?post=133678"}],"curies":[{"name":"wp","href":"https:\/\/api.w.org\/{rel}","templated":true}]}}