{"id":133680,"date":"2025-05-28T06:51:10","date_gmt":"2025-05-28T06:51:10","guid":{"rendered":"https:\/\/www.europesays.com\/fr\/133680\/"},"modified":"2025-05-28T06:51:10","modified_gmt":"2025-05-28T06:51:10","slug":"malgre-son-handicap-anthony-se-lance-un-nouveau-defi-sportif-extraordinaire","status":"publish","type":"post","link":"https:\/\/www.europesays.com\/fr\/133680\/","title":{"rendered":"malgr\u00e9 son handicap, Anthony se lance un nouveau d\u00e9fi sportif extraordinaire"},"content":{"rendered":"<p>            Par<br \/>\n        <strong><br \/>\n            <a href=\"https:\/\/actu.fr\/auteur\/journaliste-pm\" title=\"Consulter tous les articles de R\u00e9daction Saint-Malo\" rel=\"nofollow noopener\" target=\"_blank\">R\u00e9daction Saint-Malo<\/a><br \/>\n        <\/strong><\/p>\n<p>        Publi\u00e9 le<\/p>\n<p>            28 mai 2025 \u00e0 7h40        <\/p>\n<p>La vie d\u2019Anthony a bascul\u00e9 en 2019, lorsqu\u2019il a perdu l\u2019usage de la vue suite \u00e0 une r\u00e9tinite pigmentaire. Apr\u00e8s une p\u00e9riode difficile, l\u2019entraide et le sport ont permis \u00e0 cet ancien agriculteur de <a href=\"https:\/\/actu.fr\/bretagne\/saint-lunaire_35287\" rel=\"nofollow noopener\" target=\"_blank\">Saint-Lunaire<\/a> (Ille-et-Vilaine) d\u2019accepter son <a href=\"https:\/\/actu.fr\/tag\/handicap\" rel=\"nofollow noopener\" target=\"_blank\">handicap <\/a>et de participer \u00e0 des <a href=\"https:\/\/actu.fr\/tag\/defi\" rel=\"nofollow noopener\" target=\"_blank\">d\u00e9fis<\/a> handi-valides. Ces derniers temps, il a accompli des d\u00e9fis sportifs ambitieux, dont celui de faire le tour des glaciers de la Vanoise en 2024 et l\u2019ascension du Kilimandjaro en 2025. En f\u00e9vrier 2026, il envisage de traverser le d\u00e9sert marocain.<\/p>\n<p>Traverser le d\u00e9sert marocain<\/p>\n<p class=\" wall-content\">Si Anthony peut accomplir ces d\u00e9fis, c\u2019est parce qu\u2019il peut compter sur un entourage d\u2019amis et sur le soutien de l\u2019association Aventure Hustive, fond\u00e9e par le Malouin G\u00e9raud Paillot. C\u2019est avec l\u2019appui de cette association qu\u2019il pr\u00e9pare un trek de dix jours au Maroc, en f\u00e9vrier\u00a02026. \u00ab Nous constituons un groupe de dix personnes. Il comprendra quatre \u00e0 cinq personnes en situation de handicap, des guides et un jeune r\u00e9alisateur qui filmera notre travers\u00e9e du d\u00e9sert marocain \u00bb, pr\u00e9cise Anthony.<\/p>\n<blockquote class=\"ac-article-quote wall-content\">\n<p>Un documentaire d\u00e9coulera de cette exp\u00e9rience sportive, pour montrer aux personnes valides et handicap\u00e9es que rien n\u2019est impossible. Pour l\u2019heure, nous sommes en recherche active de partenaires et sponsors pour financer ce projet.<\/p>\n<\/blockquote>\n<p>Une rando solidaire<\/p>\n<p class=\" wall-content\">Comme tous les ans, la salle de sport sant\u00e9 Sportdical a organis\u00e9 une randonn\u00e9e solidaire \u00e0 laquelle 70 \u00ab clitients \u00bb (contraction de clients-patients) ont pris part, le samedi 17\u00a0mai au parc du Nicet \u00e0 Roth\u00e9neuf. La g\u00e9n\u00e9rosit\u00e9 des participants a permis \u00e0 Sportdical de remettre un ch\u00e8que de 2 670\u00a0\u20ac \u00e0 Aventure hustive. \u00ab L\u2019int\u00e9gralit\u00e9 de cette somme va entrer au profit du projet sportif d\u2019Anthony \u00bb, pr\u00e9cise G\u00e9raud Paillot.<\/p>\n<p class=\" wall-content\">De notre correspondant Matthieu BARON<\/p>\n<p>Courriel : <a href=\"https:\/\/actu.fr\/cdn-cgi\/l\/email-protection\" class=\"__cf_email__\" data-cfemail=\"4e272028210e2f382b203a3b3c2b263b3d3a27382b60283c\" rel=\"nofollow noopener\" target=\"_blank\">[email\u00a0protected]<\/a><\/p>\n<p class=\" wall-content\">Suivez toute l\u2019actualit\u00e9 de vos villes et m\u00e9dias favoris en vous inscrivant \u00e0 <a href=\"https:\/\/moncompte.actu.fr\" title=\"D\u00e9couvez Mon Actu\" rel=\"nofollow noopener\" data-trk=\"{&quot;cta&quot;:{&quot;action&quot;:&quot;https:\\\/\\\/moncompte.actu.fr&quot;,&quot;category&quot;:&quot;mon compte&quot;,&quot;from&quot;:&quot;article footer&quot;,&quot;name&quot;:&quot;Mon actu&quot;,&quot;type&quot;:&quot;cta&quot;}}\" target=\"_blank\">Mon Actu<\/a>.<\/p>\n","protected":false},"excerpt":{"rendered":"Par R\u00e9daction Saint-Malo Publi\u00e9 le 28 mai 2025 \u00e0 7h40 La vie d\u2019Anthony a bascul\u00e9 en 2019, lorsqu\u2019il&hellip;\n","protected":false},"author":2,"featured_media":133681,"comment_status":"","ping_status":"","sticky":false,"template":"","format":"standard","meta":{"footnotes":""},"categories":[2821],"tags":[1111,11,829,3750,1777,674,1011,27,1943,12,584,25,104],"class_list":{"0":"post-133680","1":"post","2":"type-post","3":"status-publish","4":"format-standard","5":"has-post-thumbnail","7":"category-rennes","8":"tag-actu","9":"tag-actualites","10":"tag-bretagne","11":"tag-defi","12":"tag-eu","13":"tag-europe","14":"tag-fr","15":"tag-france","16":"tag-handicap","17":"tag-news","18":"tag-rennes","19":"tag-republique-francaise","20":"tag-societe"},"share_on_mastodon":{"url":"https:\/\/pubeurope.com\/@fr\/114584137464270936","error":""},"_links":{"self":[{"href":"https:\/\/www.europesays.com\/fr\/wp-json\/wp\/v2\/posts\/133680","targetHints":{"allow":["GET"]}}],"collection":[{"href":"https:\/\/www.europesays.com\/fr\/wp-json\/wp\/v2\/posts"}],"about":[{"href":"https:\/\/www.europesays.com\/fr\/wp-json\/wp\/v2\/types\/post"}],"author":[{"embeddable":true,"href":"https:\/\/www.europesays.com\/fr\/wp-json\/wp\/v2\/users\/2"}],"replies":[{"embeddable":true,"href":"https:\/\/www.europesays.com\/fr\/wp-json\/wp\/v2\/comments?post=133680"}],"version-history":[{"count":0,"href":"https:\/\/www.europesays.com\/fr\/wp-json\/wp\/v2\/posts\/133680\/revisions"}],"wp:featuredmedia":[{"embeddable":true,"href":"https:\/\/www.europesays.com\/fr\/wp-json\/wp\/v2\/media\/133681"}],"wp:attachment":[{"href":"https:\/\/www.europesays.com\/fr\/wp-json\/wp\/v2\/media?parent=133680"}],"wp:term":[{"taxonomy":"category","embeddable":true,"href":"https:\/\/www.europesays.com\/fr\/wp-json\/wp\/v2\/categories?post=133680"},{"taxonomy":"post_tag","embeddable":true,"href":"https:\/\/www.europesays.com\/fr\/wp-json\/wp\/v2\/tags?post=133680"}],"curies":[{"name":"wp","href":"https:\/\/api.w.org\/{rel}","templated":true}]}}