{"id":133682,"date":"2025-05-28T06:52:13","date_gmt":"2025-05-28T06:52:13","guid":{"rendered":"https:\/\/www.europesays.com\/fr\/133682\/"},"modified":"2025-05-28T06:52:13","modified_gmt":"2025-05-28T06:52:13","slug":"nouveau-a-rennes-jeux-deco-papeterie-une-nouvelle-boutique-ouvre-bientot-dans-ce-centre-commercial","status":"publish","type":"post","link":"https:\/\/www.europesays.com\/fr\/133682\/","title":{"rendered":"Nouveau \u00e0 Rennes. Jeux, d\u00e9co, papeterie\u2026 Une nouvelle boutique ouvre bient\u00f4t dans ce centre commercial"},"content":{"rendered":"<p>            Par<br \/>\n        <strong><br \/>\n            <a href=\"https:\/\/actu.fr\/auteur\/laurene-fertin\" title=\"Consulter tous les articles de Laur\u00e8ne Fertin\" target=\"_blank\" rel=\"noopener\">Laur\u00e8ne Fertin<\/a><br \/>\n        <\/strong><\/p>\n<p>        Publi\u00e9 le<\/p>\n<p>            28 mai 2025 \u00e0 8h01        <\/p>\n<p>Une <strong>nouvelle boutique<\/strong> s\u2019installe dans le <strong>centre commercial Colombia<\/strong> de Rennes. C\u2019est l\u2019<strong>enseigne danoise<\/strong> Flying Tiger qui ouvrira ses portes d\u2019ici \u00e0 la fin de l\u2019ann\u00e9e 2025.<\/p>\n<p>Une premi\u00e8re boutique<\/p>\n<p class=\" wall-content\">Flying Tiger s\u2019installe pour <strong>la premi\u00e8re fois<\/strong> \u00e0 Rennes et plus largement en Ille-et-Vilaine. La future boutique sera install\u00e9e au seind d\u2019un local d\u2019une surface de plus de <strong>155 m\u00b2,<\/strong> indique un communiqu\u00e9 de presse.<\/p>\n<blockquote class=\"ac-article-quote wall-content\">\n<p>(L&rsquo;enseigne) proposera une s\u00e9lection \u00e9clectique m\u00ealant d\u00e9coration, jeux, papeterie, gadgets du quotidien et articles \u00e9co-responsables.<\/p>\n<p>    <strong\/>\n            <\/p><\/blockquote>\n<p class=\" wall-content\"><strong>\u00ab Nous sommes tr\u00e8s heureux<\/strong> que Flying Tiger Copenhagen ait choisi Colombia pour sa premi\u00e8re implantation \u00e0 Rennes. Au-del\u00e0 de la<strong> fiert\u00e9 d\u2019accueillir une enseigne<\/strong> aussi embl\u00e9matique, nous partageons des valeurs fortes : l\u2019accessibilit\u00e9, la cr\u00e9ativit\u00e9 et le sens de la convivialit\u00e9 \u00bb, a indiqu\u00e9<strong> Charles Esteve,<\/strong> directeur du centre commercial Colombia.<\/p>\n<p class=\" wall-content\">Suivez toute l\u2019actualit\u00e9 de vos villes et m\u00e9dias favoris en vous inscrivant \u00e0 <a href=\"https:\/\/moncompte.actu.fr\" title=\"D\u00e9couvez Mon Actu\" rel=\"nofollow noopener\" data-trk=\"{&quot;cta&quot;:{&quot;action&quot;:&quot;https:\\\/\\\/moncompte.actu.fr&quot;,&quot;category&quot;:&quot;mon compte&quot;,&quot;from&quot;:&quot;article footer&quot;,&quot;name&quot;:&quot;Mon actu&quot;,&quot;type&quot;:&quot;cta&quot;}}\" target=\"_blank\">Mon Actu<\/a>.<\/p>\n","protected":false},"excerpt":{"rendered":"Par Laur\u00e8ne Fertin Publi\u00e9 le 28 mai 2025 \u00e0 8h01 Une nouvelle boutique s\u2019installe dans le centre commercial&hellip;\n","protected":false},"author":2,"featured_media":133683,"comment_status":"","ping_status":"","sticky":false,"template":"","format":"standard","meta":{"footnotes":""},"categories":[2821],"tags":[1111,11,829,33,1777,674,1011,27,12,3147,584,25],"class_list":{"0":"post-133682","1":"post","2":"type-post","3":"status-publish","4":"format-standard","5":"has-post-thumbnail","7":"category-rennes","8":"tag-actu","9":"tag-actualites","10":"tag-bretagne","11":"tag-economie","12":"tag-eu","13":"tag-europe","14":"tag-fr","15":"tag-france","16":"tag-news","17":"tag-nouveaux-commerces","18":"tag-rennes","19":"tag-republique-francaise"},"share_on_mastodon":{"url":"https:\/\/pubeurope.com\/@fr\/114584141570531752","error":""},"_links":{"self":[{"href":"https:\/\/www.europesays.com\/fr\/wp-json\/wp\/v2\/posts\/133682","targetHints":{"allow":["GET"]}}],"collection":[{"href":"https:\/\/www.europesays.com\/fr\/wp-json\/wp\/v2\/posts"}],"about":[{"href":"https:\/\/www.europesays.com\/fr\/wp-json\/wp\/v2\/types\/post"}],"author":[{"embeddable":true,"href":"https:\/\/www.europesays.com\/fr\/wp-json\/wp\/v2\/users\/2"}],"replies":[{"embeddable":true,"href":"https:\/\/www.europesays.com\/fr\/wp-json\/wp\/v2\/comments?post=133682"}],"version-history":[{"count":0,"href":"https:\/\/www.europesays.com\/fr\/wp-json\/wp\/v2\/posts\/133682\/revisions"}],"wp:featuredmedia":[{"embeddable":true,"href":"https:\/\/www.europesays.com\/fr\/wp-json\/wp\/v2\/media\/133683"}],"wp:attachment":[{"href":"https:\/\/www.europesays.com\/fr\/wp-json\/wp\/v2\/media?parent=133682"}],"wp:term":[{"taxonomy":"category","embeddable":true,"href":"https:\/\/www.europesays.com\/fr\/wp-json\/wp\/v2\/categories?post=133682"},{"taxonomy":"post_tag","embeddable":true,"href":"https:\/\/www.europesays.com\/fr\/wp-json\/wp\/v2\/tags?post=133682"}],"curies":[{"name":"wp","href":"https:\/\/api.w.org\/{rel}","templated":true}]}}