{"id":133684,"date":"2025-05-28T06:53:13","date_gmt":"2025-05-28T06:53:13","guid":{"rendered":"https:\/\/www.europesays.com\/fr\/133684\/"},"modified":"2025-05-28T06:53:13","modified_gmt":"2025-05-28T06:53:13","slug":"une-famille-dort-dans-une-ecole-dont-lappartement-de-fonction-est-vide-depuis-9-mois","status":"publish","type":"post","link":"https:\/\/www.europesays.com\/fr\/133684\/","title":{"rendered":"Une famille dort dans une \u00e9cole, dont l&rsquo;appartement de fonction est vide depuis 9 mois"},"content":{"rendered":"<p class=\"wp-block-post-excerpt__excerpt\">Faute d\u2019un toit, une famille de sans-papiers dort \u00e0 l\u2019\u00e9cole \u00e9l\u00e9mentaire L\u00e9onard de Vinci depuis plus d\u2019un mois. Selon nos informations, un logement de fonction municipal situ\u00e9 dans la m\u00eame rue est pourtant vide depuis l\u2019\u00e9t\u00e9 2024. <\/p>\n<p class=\"font-sans\">\n\t\t\tCet article est en acc\u00e8s libre. Pour soutenir Rue89 Strasbourg,<br \/>\n\t\t\t<a class=\"underline\" href=\"https:\/\/www.rue89strasbourg.com\/abonnement\" rel=\"nofollow noopener\" target=\"_blank\">abonnez-vous<\/a>.\n\t\t<\/p>\n<p>Romain Cunat<\/p>\n<p>Publi\u00e9 le 28 mai 2025\u00a0\u00a0\u00b7\u00a0\u00a0<\/p>\n<p>Imprim\u00e9 le 28 mai 2025 \u00e0 08h27\u00a0\u00a0\u00b7\u00a0\u00a0<\/p>\n<p>\t\t\t\t\t2\u00a0minutes\n<\/p>\n<p>Chaque jour, \u00e0 5h, la famille h\u00e9berg\u00e9e \u00e0 l\u2019\u00e9cole L\u00e9onard de Vinci se r\u00e9veille pour remettre en ordre la salle de classe o\u00f9 ils dorment. Toutes les affaires sont rang\u00e9es. Depuis un mois, ce foyer sans-papiers compos\u00e9 d\u2019un couple, de leurs trois enfants et du grand-p\u00e8re, est oblig\u00e9 de suivre ce rythme \u00e9prouvant dans un espace exigu. \u00ab\u00a0C\u2019\u00e9tait la seule solution pour qu\u2019ils ne se retrouvent pas \u00e0 nouveau \u00e0 la rue\u00a0\u00bb, explique Annabelle Rodriguez, enseignante et membre d\u2019Elsau Solidaire, un collectif ayant permis \u00e0 la famille d\u2019obtenir cet abri de fortune.<\/p>\n<p>\u00c0 quelques m\u00e8tres de l\u00e0 pourtant, juste derri\u00e8re l\u2019\u00e9cole L\u00e9onard de Vinci \u00e0 l\u2019Elsau, un logement de fonction est vacant depuis plusieurs mois. Cette coexistence entre le vide administratif et l\u2019urgence sociale cristallise tensions et incompr\u00e9hensions, pour les parents d\u2019\u00e9l\u00e8ves mobilis\u00e9s.<\/p>\n<p><a href=\"https:\/\/www.rue89strasbourg.com\/abonnement\" rel=\"nofollow noopener\" target=\"_blank\"><img loading=\"lazy\" decoding=\"async\" width=\"970\" height=\"250\" src=\"https:\/\/www.europesays.com\/fr\/wp-content\/uploads\/2025\/05\/bannie\u0300re-autopromo-2025-desktop-1.gif\" alt=\"\" class=\"wp-image-343590\" style=\"width:792px\"\/><\/a><\/p>\n<p><a href=\"https:\/\/www.rue89strasbourg.com\/abonnement\" rel=\"nofollow noopener\" target=\"_blank\"><img loading=\"lazy\" decoding=\"async\" width=\"300\" height=\"300\" src=\"https:\/\/www.europesays.com\/fr\/wp-content\/uploads\/2025\/05\/bannieres@2x.png\" alt=\"\" class=\"wp-image-341656\"  \/><\/a><\/p>\n<p>Promesses \u00e9vasives<\/p>\n<p>Ce logement de fonction appartenant \u00e0 la ville est rest\u00e9 inoccup\u00e9 depuis ao\u00fbt\u00a02024. Pourtant \u00e0 plusieurs reprises, des \u00e9lus ont \u00e9voqu\u00e9 des \u00ab\u00a0logements vacants\u00a0\u00bb pour r\u00e9pondre aux besoins d\u2019h\u00e9bergement d\u2019urgence, sans pour autant que ces annonces ne d\u00e9bouchent sur des solutions concr\u00e8tes ou que cet habitat l\u00e0 soit clairement propos\u00e9.<\/p>\n<p>Anabelle Rodriguez assure avoir multipli\u00e9 les mails \u00e0 l\u2019administration, sans succ\u00e8s. Si la Ville confirme l\u2019existence du logement vacant, elle rappelle que tout h\u00e9bergement municipal n\u00e9cessite une v\u00e9rification pr\u00e9alable de la conformit\u00e9 \u00e9lectrique et sanitaire. \u00ab\u00a0Les services doivent mener des contr\u00f4les approfondis, cela prend plusieurs semaines, voire des mois\u00a0\u00bb, justifie H\u00fclliya Turan (PCF), l\u2019adjointe au maire en charge de l\u2019\u00c9ducation, \u00e9galement r\u00e9f\u00e9rente du quartier.<\/p>\n<p>\t\tLa mairie se d\u00e9fend<\/p>\n<p>L\u2019\u00e9lue communiste mentionne d\u2019autres dispositifs d\u2019urgence ayant \u00e9t\u00e9 mise en place pour aider les familles, comme la cr\u00e9ation r\u00e9cente de <a href=\"https:\/\/www.rue89strasbourg.com\/tiny-houses-robertsau-familles-340315\" rel=\"nofollow noopener\" target=\"_blank\">tiny houses \u00e0 la Robertsau<\/a>. Elle affirme \u00e9galement que plus de 600 personnes sont prises en charge dans le cadre du plan d\u2019h\u00e9bergement d\u2019urgence. Mais sans proc\u00e9dure acc\u00e9l\u00e9r\u00e9e pour ce logement, l\u2019appartement \u00e0 quelques rues de l\u2019\u00e9cole, est encore indisponible.<\/p>\n<p>Un rendez-vous est fix\u00e9 ce 28 mai, avec une travailleuse sociale du Centre communal d\u2019action sociale (CCAS) pour trouver une solution rapide pour la famille g\u00e9orgienne. Le m\u00eame jour \u00e0 18h30, le collectif Elsau Solidaire appelle au rassemblement pour la soutenir.<\/p>\n<p>Plus d\u2019<strong>infos<\/strong><\/p>\n<p><strong>Rassemblement de soutien \u00e0 la famille g\u00e9orienne h\u00e9berg\u00e9e \u00e0 l\u2019\u00e9cole L\u00e9onard de Vinci<\/strong>, mercredi 28 mai \u00e0 18h30 devant l\u2019\u00e9tablissement situ\u00e9 au 3 rue L\u00e9onard de Vinci, 67\u00a0200 Strasbourg\u00a0\u2013 Elsau. <\/p>\n","protected":false},"excerpt":{"rendered":"Faute d\u2019un toit, une famille de sans-papiers dort \u00e0 l\u2019\u00e9cole \u00e9l\u00e9mentaire L\u00e9onard de Vinci depuis plus d\u2019un mois.&hellip;\n","protected":false},"author":2,"featured_media":133685,"comment_status":"","ping_status":"","sticky":false,"template":"","format":"standard","meta":{"footnotes":""},"categories":[2820],"tags":[1111,11,3908,1777,674,1011,27,775,1908,12,25,25950,640],"class_list":{"0":"post-133684","1":"post","2":"type-post","3":"status-publish","4":"format-standard","5":"has-post-thumbnail","7":"category-strasbourg","8":"tag-actu","9":"tag-actualites","10":"tag-elsau","11":"tag-eu","12":"tag-europe","13":"tag-fr","14":"tag-france","15":"tag-grand-est","16":"tag-logement","17":"tag-news","18":"tag-republique-francaise","19":"tag-sans-papiers","20":"tag-strasbourg"},"share_on_mastodon":{"url":"https:\/\/pubeurope.com\/@fr\/114584145351878464","error":""},"_links":{"self":[{"href":"https:\/\/www.europesays.com\/fr\/wp-json\/wp\/v2\/posts\/133684","targetHints":{"allow":["GET"]}}],"collection":[{"href":"https:\/\/www.europesays.com\/fr\/wp-json\/wp\/v2\/posts"}],"about":[{"href":"https:\/\/www.europesays.com\/fr\/wp-json\/wp\/v2\/types\/post"}],"author":[{"embeddable":true,"href":"https:\/\/www.europesays.com\/fr\/wp-json\/wp\/v2\/users\/2"}],"replies":[{"embeddable":true,"href":"https:\/\/www.europesays.com\/fr\/wp-json\/wp\/v2\/comments?post=133684"}],"version-history":[{"count":0,"href":"https:\/\/www.europesays.com\/fr\/wp-json\/wp\/v2\/posts\/133684\/revisions"}],"wp:featuredmedia":[{"embeddable":true,"href":"https:\/\/www.europesays.com\/fr\/wp-json\/wp\/v2\/media\/133685"}],"wp:attachment":[{"href":"https:\/\/www.europesays.com\/fr\/wp-json\/wp\/v2\/media?parent=133684"}],"wp:term":[{"taxonomy":"category","embeddable":true,"href":"https:\/\/www.europesays.com\/fr\/wp-json\/wp\/v2\/categories?post=133684"},{"taxonomy":"post_tag","embeddable":true,"href":"https:\/\/www.europesays.com\/fr\/wp-json\/wp\/v2\/tags?post=133684"}],"curies":[{"name":"wp","href":"https:\/\/api.w.org\/{rel}","templated":true}]}}