{"id":133720,"date":"2025-05-28T07:13:09","date_gmt":"2025-05-28T07:13:09","guid":{"rendered":"https:\/\/www.europesays.com\/fr\/133720\/"},"modified":"2025-05-28T07:13:09","modified_gmt":"2025-05-28T07:13:09","slug":"les-dessous-du-club-paris-paris-a-travers-un-nouveau-livre-inedit","status":"publish","type":"post","link":"https:\/\/www.europesays.com\/fr\/133720\/","title":{"rendered":"Les dessous du club Paris Paris \u00e0 travers un nouveau livre in\u00e9dit"},"content":{"rendered":"<p><strong>Marco Dos Santos<\/strong> cr\u00e9e alors un site internet d\u00e9di\u00e9, sur lequel il poste la programmation des soir\u00e9es du Paris Paris et les photos prises au cours de celles ci. Un concept pr\u00e9curseur \u00e0 l\u2019\u00e9poque.<\/p>\n<p>\u00ab\u00a0C\u2019\u00e9tait notre sp\u00e9cificit\u00e9, un site sur lequel les clubbers se connectaient pour retrouver les photos de la veille. J\u2019adorais d\u00e9j\u00e0 Internet et je suis toujours tr\u00e8s geek, j\u2019aimais ce lien d\u2019interd\u00e9pendance entre le lieu et son espace virtuel\u00a0\u00bb<\/p>\n<p>\u00ab\u00a05 avenue de l\u2019Op\u00e9ra, bienvenue chez toi\u00a0\u00bb le slogan du club de poche prend des airs de manifeste, en rupture avec les \u00e9tablissements alentour privil\u00e9giant les tables, leurs big spenders et la rentabilit\u00e9 \u00e0 tout prix.<\/p>\n<p>\u00ab\u00a0C\u2019\u00e9tait une devise repr\u00e9sentative du lieu, de son atmosph\u00e8re. Il y avait un c\u00f4t\u00e9 petit appart avec une cuisine, et de l\u2019improvisation permanente. C\u2019\u00e9tait un club d\u2019habitu\u00e9s, quand tu entrais une fois tu entrais tout le temps. Parfois on \u00e9tait cinquante personnes et Justice qui \u00e9tait alors en pleine ascension jouait, ca parait irr\u00e9el aujourd\u2019hui. Il y avait une \u00e9nergie de clans avec Ed Banger, Institubes, Guillaume Sorge de Dirty Sound System qui amenait un public plus pointu; le collectif Kitsun\u00e9 aussi, autant de diff\u00e9rentes familles compl\u00e9mentaires; le Pulp \u00e9tait en train de fermer, il n\u2019y avait pas de clubs ou tu pouvais r\u00e9unir toute cette faune cool, on a b\u00e9n\u00e9fici\u00e9 d\u2019une fen\u00eatre favorable\u00a0\u00bb<\/p>\n<p>Le Paris ParisMarco Dos Santos<\/p>\n","protected":false},"excerpt":{"rendered":"Marco Dos Santos cr\u00e9e alors un site internet d\u00e9di\u00e9, sur lequel il poste la programmation des soir\u00e9es du&hellip;\n","protected":false},"author":2,"featured_media":133721,"comment_status":"","ping_status":"","sticky":false,"template":"","format":"standard","meta":{"footnotes":""},"categories":[1888],"tags":[11,1777,674,1011,27,12,626,25,25951,721],"class_list":{"0":"post-133720","1":"post","2":"type-post","3":"status-publish","4":"format-standard","5":"has-post-thumbnail","7":"category-paris","8":"tag-actualites","9":"tag-eu","10":"tag-europe","11":"tag-fr","12":"tag-france","13":"tag-news","14":"tag-paris","15":"tag-republique-francaise","16":"tag-splitscreenimageleftinset","17":"tag-web"},"share_on_mastodon":{"url":"https:\/\/pubeurope.com\/@fr\/114584224045859981","error":""},"_links":{"self":[{"href":"https:\/\/www.europesays.com\/fr\/wp-json\/wp\/v2\/posts\/133720","targetHints":{"allow":["GET"]}}],"collection":[{"href":"https:\/\/www.europesays.com\/fr\/wp-json\/wp\/v2\/posts"}],"about":[{"href":"https:\/\/www.europesays.com\/fr\/wp-json\/wp\/v2\/types\/post"}],"author":[{"embeddable":true,"href":"https:\/\/www.europesays.com\/fr\/wp-json\/wp\/v2\/users\/2"}],"replies":[{"embeddable":true,"href":"https:\/\/www.europesays.com\/fr\/wp-json\/wp\/v2\/comments?post=133720"}],"version-history":[{"count":0,"href":"https:\/\/www.europesays.com\/fr\/wp-json\/wp\/v2\/posts\/133720\/revisions"}],"wp:featuredmedia":[{"embeddable":true,"href":"https:\/\/www.europesays.com\/fr\/wp-json\/wp\/v2\/media\/133721"}],"wp:attachment":[{"href":"https:\/\/www.europesays.com\/fr\/wp-json\/wp\/v2\/media?parent=133720"}],"wp:term":[{"taxonomy":"category","embeddable":true,"href":"https:\/\/www.europesays.com\/fr\/wp-json\/wp\/v2\/categories?post=133720"},{"taxonomy":"post_tag","embeddable":true,"href":"https:\/\/www.europesays.com\/fr\/wp-json\/wp\/v2\/tags?post=133720"}],"curies":[{"name":"wp","href":"https:\/\/api.w.org\/{rel}","templated":true}]}}