{"id":133724,"date":"2025-05-28T07:15:08","date_gmt":"2025-05-28T07:15:08","guid":{"rendered":"https:\/\/www.europesays.com\/fr\/133724\/"},"modified":"2025-05-28T07:15:08","modified_gmt":"2025-05-28T07:15:08","slug":"volodymyr-zelensky-regrette-des-discussions-au-point-mort-liberation","status":"publish","type":"post","link":"https:\/\/www.europesays.com\/fr\/133724\/","title":{"rendered":"Volodymyr Zelensky regrette des discussions au point mort \u2013 Lib\u00e9ration"},"content":{"rendered":"<p class=\"sc-ksZaOG ehjQrN text-element\">D\u2019apr\u00e8s le minist\u00e8re ukrainien de la D\u00e9fense, 355 drones russes ont \u00e9t\u00e9 d\u00e9ploy\u00e9s dans l\u2019espace a\u00e9rien ukrainien dans la nuit de dimanche \u00e0 lundi, des attaques qui n\u2019ont fait aucun mort mais qui constituent \u00abun nombre record\u00bb en une seule journ\u00e9e depuis le d\u00e9but du conflit, selon l\u2019arm\u00e9e de l\u2019air ukrainienne. Moscou r\u00e9torque qu\u2019il s\u2019agit plut\u00f4t d\u2019une r\u00e9ponse \u00e0 une s\u00e9rie d\u2019attaques de drones et de missiles ukrainiens contre des installations civiles en Russie, avec le soutien de \u00abcertains pays europ\u00e9ens\u00bb, des \u00abprovocations qui visent \u00e0 faire \u00e9chouer le processus de n\u00e9gociation\u00bb, selon le minist\u00e8re russe de la D\u00e9fense.<\/p>\n<p class=\"sc-ksZaOG ehjQrN text-element\">Au m\u00eame moment, lundi matin, le pr\u00e9sident am\u00e9ricain avait hauss\u00e9 le ton \u00e0 l\u2019encontre du pr\u00e9sident russe, <a href=\"https:\/\/www.liberation.fr\/international\/amerique\/guerre-en-ukraine-trump-estime-que-poutine-est-devenu-completement-fou-20250526_2O7C3SGOIFD7XM7DN356OEV6LI\/\" target=\"_blank\" rel=\"nofollow noopener\" title=\"https:\/\/www.liberation.fr\/international\/amerique\/guerre-en-ukraine-trump-estime-que-poutine-est-devenu-completement-fou-20250526_2O7C3SGOIFD7XM7DN356OEV6LI\/\">pr\u00e9cisant sur son r\u00e9seau social Truth Social<\/a> avoir toujours eu \u00abde tr\u00e8s bonnes relations avec Vladimir Poutine, mais quelque chose lui est arriv\u00e9. Il est devenu compl\u00e8tement FOU ! Des missiles et des drones sont lanc\u00e9s sur des villes en Ukraine sans aucune raison\u00bb. Le milliardaire a r\u00e9it\u00e9r\u00e9 mardi matin, toujours sur son r\u00e9seau pr\u00e9f\u00e9r\u00e9 : \u00abCe que Vladimir Poutine ne comprend pas c<\/p>\n","protected":false},"excerpt":{"rendered":"D\u2019apr\u00e8s le minist\u00e8re ukrainien de la D\u00e9fense, 355 drones russes ont \u00e9t\u00e9 d\u00e9ploy\u00e9s dans l\u2019espace a\u00e9rien ukrainien dans&hellip;\n","protected":false},"author":2,"featured_media":133725,"comment_status":"","ping_status":"","sticky":false,"template":"","format":"standard","meta":{"footnotes":""},"categories":[1591],"tags":[11,1887,12,1885,1886,132,220,297,135,134],"class_list":{"0":"post-133724","1":"post","2":"type-post","3":"status-publish","4":"format-standard","5":"has-post-thumbnail","7":"category-russie","8":"tag-actualites","9":"tag-federation-de-russie","10":"tag-news","11":"tag-russia","12":"tag-russian-federation","13":"tag-russie","14":"tag-ukraine","15":"tag-ukraine-la-crise","16":"tag-vladimir-poutine","17":"tag-volodymyr-zelensky"},"share_on_mastodon":{"url":"https:\/\/pubeurope.com\/@fr\/114584231896199681","error":""},"_links":{"self":[{"href":"https:\/\/www.europesays.com\/fr\/wp-json\/wp\/v2\/posts\/133724","targetHints":{"allow":["GET"]}}],"collection":[{"href":"https:\/\/www.europesays.com\/fr\/wp-json\/wp\/v2\/posts"}],"about":[{"href":"https:\/\/www.europesays.com\/fr\/wp-json\/wp\/v2\/types\/post"}],"author":[{"embeddable":true,"href":"https:\/\/www.europesays.com\/fr\/wp-json\/wp\/v2\/users\/2"}],"replies":[{"embeddable":true,"href":"https:\/\/www.europesays.com\/fr\/wp-json\/wp\/v2\/comments?post=133724"}],"version-history":[{"count":0,"href":"https:\/\/www.europesays.com\/fr\/wp-json\/wp\/v2\/posts\/133724\/revisions"}],"wp:featuredmedia":[{"embeddable":true,"href":"https:\/\/www.europesays.com\/fr\/wp-json\/wp\/v2\/media\/133725"}],"wp:attachment":[{"href":"https:\/\/www.europesays.com\/fr\/wp-json\/wp\/v2\/media?parent=133724"}],"wp:term":[{"taxonomy":"category","embeddable":true,"href":"https:\/\/www.europesays.com\/fr\/wp-json\/wp\/v2\/categories?post=133724"},{"taxonomy":"post_tag","embeddable":true,"href":"https:\/\/www.europesays.com\/fr\/wp-json\/wp\/v2\/tags?post=133724"}],"curies":[{"name":"wp","href":"https:\/\/api.w.org\/{rel}","templated":true}]}}