{"id":133726,"date":"2025-05-28T07:16:09","date_gmt":"2025-05-28T07:16:09","guid":{"rendered":"https:\/\/www.europesays.com\/fr\/133726\/"},"modified":"2025-05-28T07:16:09","modified_gmt":"2025-05-28T07:16:09","slug":"pres-de-300-drones-ukrainiens-interceptes-par-la-russie-dans-la-nuit","status":"publish","type":"post","link":"https:\/\/www.europesays.com\/fr\/133726\/","title":{"rendered":"Pr\u00e8s de 300 drones ukrainiens intercept\u00e9s par la Russie dans la nuit"},"content":{"rendered":"<p class=\"latino-300b text-grey-800\">\n<p>  Par\u00a0<br \/>\nLe Nouvel Obs avec AFP          <\/p>\n<p class=\"latino-300r text-grey-600\">\n      Publi\u00e9 le<\/p>\n<p>    28 mai 2025 \u00e0 9h05<\/p>\n<p>      <img fetchpriority=\"high\" decoding=\"async\" class=\"mx-auto\" src=\"data:image\/svg+xml,%3Csvg%20xmlns%3D%27http%3A%2F%2Fwww.w3.org%2F2000%2Fsvg%27%20fill%3D%22%23e4e4e4%22%20viewBox%3D%270%200%20510%20340%27%20width%3D%22510%22%20height%3D%22340%22%3E%3Cpath%20d%3D%27M0%200h510v340H0z%27%2F%3E%3C%2Fsvg%3E\"  loading=\"eager\" width=\"510\" height=\"340\" data-oncrawl-image-size=\"510x340\" alt=\"Un militaire ukrainien porte un drone de combat, dans la r\u00e9gion de Donetsk le 22\u00a0mai 2025.\"\/>      <\/p>\n<p class=\"latino-100m text-grey-600\">\n            Un militaire ukrainien porte un drone de combat, dans la r\u00e9gion de Donetsk le 22\u00a0mai 2025.\u00a0HANDOUT \/ AFP        <\/p>\n<p>    Lire\u00a0plus\u00a0tard  <\/p>\n<p><a aria-label=\"Nous suivre sur Google News\" href=\"https:\/\/news.google.com\/publications\/CAAqBwgKMJe4nQkw3dFs?hl=fr&amp;gl=FR&amp;ceid=FR%3Afr\" target=\"_blank\" data-piano=\"Page_Article,Sous_date_publi,Nous_suivre_sur_google_news,1er_clic,action\" class=\"btn btn--small btn--secondary\" rel=\"noopener\"><\/p>\n<p>      Google Actualit\u00e9s<br \/>\n  <\/a><\/p>\n<p>  Partager<\/p>\n<p>        Facebook<\/p>\n<p>        Bluesky<\/p>\n<p>        E-mail<\/p>\n<p>        Copier le lien<\/p>\n<p>      Envoyer<\/p>\n<p>    Temps de lecture\u00a0:\u00a01\u00a0min.<\/p>\n<p class=\"node__paragraphe antonia-750r text-grey-800 pb-24 pb-md-30\">\nLa Russie a indiqu\u00e9 avoir intercept\u00e9 pr\u00e8s de 300 drones ukrainiens dans la nuit de mardi \u00e0 ce mercredi 28\u00a0mai, l\u2019une des attaques les plus importantes depuis <a href=\"https:\/\/www.nouvelobs.com\/monde\/20250328.OBS102078\/j-ai-l-impression-que-cette-guerre-durera-toute-ma-vie-a-kiev-l-inhumaine-routine-des-bombardements.html\" target=\"_blank\" rel=\"noopener\">le d\u00e9but de l\u2019offensive russe en Ukraine<\/a>, qui a notamment vis\u00e9 Moscou et perturb\u00e9 le trafic de plusieurs a\u00e9roports.<\/p>\n<p class=\"latino-500b text-grey-600 pb-16\">A lire aussi<\/p>\n<p><a href=\"https:\/\/www.nouvelobs.com\/monde\/20250528.OBS104359\/guerre-en-ukraine-les-drones-c-est-devenu-l-arme-populaire-a-l-image-du-cocktail-molotov.html\" data-article-key=\"20250528.OBS104359\" class=\"link--box flex-grow-1\" data-piano=\"Page_Article,Lire_aussi,,Lien1,navigation\" target=\"_blank\" rel=\"noopener\"><\/p>\n<p>                <img decoding=\"async\" src=\"data:image\/svg+xml,%3Csvg%20xmlns%3D%27http%3A%2F%2Fwww.w3.org%2F2000%2Fsvg%27%20fill%3D%22%23e4e4e4%22%20viewBox%3D%270%200%20120%2080%27%20width%3D%22120%22%20height%3D%2280%22%3E%3Cpath%20d%3D%27M0%200h120v80H0z%27%2F%3E%3C%2Fsvg%3E\"  width=\"120\" height=\"80\" loading=\"lazy\" alt=\"Le pr\u00e9sident ukrainien, Volodymyr Zelensky, et le pr\u00e9sident russe, Vladimir Poutine.\"\/><\/p>\n<p class=\"latino-300r latino-lg-600m text-grey-800\">\n                      <strong class=\"latino-300b latino-lg-600m text-grey-500\">D\u00e9cryptage\u00a0<\/strong><br \/>\n                    Guerre en Ukraine\u00a0: \u00ab\u00a0Les drones, c\u2019est devenu l\u2019arme populaire, \u00e0 l\u2019image du cocktail Molotov\u00a0\u00bb        <\/p>\n<p><\/a><\/p>\n<p>    Lire\u00a0plus\u00a0tard  <\/p>\n<p class=\"node__paragraphe antonia-750r text-grey-800 pb-24 pb-md-30\">\nAlors que l\u2019Ukraine a \u00e9t\u00e9 cibl\u00e9e ces derniers jours par <a href=\"https:\/\/www.nouvelobs.com\/monde\/20250525.OBS104262\/nouvelle-attaque-massive-sur-l-ukraine-au-moins-12-morts-avant-un-dernier-echange-de-prisonniers.html\" target=\"_blank\" rel=\"noopener\">des bombardements russes sans pr\u00e9c\u00e9dent<\/a>, le minist\u00e8re russe de la D\u00e9fense a annonc\u00e9 sur Telegram que sa d\u00e9fense antia\u00e9rienne avait \u00ab\u00a0d\u00e9truit et intercept\u00e9 296 drones ukrainiens\u00a0\u00bb entre 21\u00a0heures et 7\u00a0heures, heure de Moscou (entre 20\u00a0heures mardi et 6\u00a0heures \u00e0 Paris ce mercredi).<\/p>\n<p class=\"node__paragraphe antonia-750r text-grey-800 pb-24 pb-md-30\">\nPour sa part, le maire de Moscou Sergue\u00ef Sobianine a indiqu\u00e9 dans une s\u00e9rie de messages sur les r\u00e9seaux sociaux que 39 drones se dirigeant vers la capitale avaient \u00e9t\u00e9 abattus. Andre\u00ef Vorobiov, le gouverneur de la r\u00e9gion de Moscou, qui entoure la capitale russe mais ne l\u2019englobe pas, a lui annonc\u00e9 que 42 drones se dirigeant vers la m\u00e9tropole avaient \u00e9t\u00e9 abattus dans la nuit.<\/p>\n<p class=\"node__paragraphe antonia-750r text-grey-800 pb-24 pb-md-30\">\nSelon lui, trois maisons ont \u00e9t\u00e9 endommag\u00e9es dans le village de Tro\u00eftsko\u00efe, \u00e0 une cinquantaine de kilom\u00e8tres au sud de Moscou. \u00ab\u00a0Le plus important est qu\u2019aucun habitant n\u2019ait \u00e9t\u00e9 bless\u00e9\u00a0\u00bb, a soulign\u00e9 Andre\u00ef Vorobiov sur Telegram.<\/p>\n<p>Intensification des attaques vers Moscou<\/p>\n<p class=\"node__paragraphe antonia-750r text-grey-800 pb-24 pb-md-30\">\nLes attaques <a href=\"https:\/\/www.nouvelobs.com\/monde\/20250506.OBS103586\/guerre-en-ukraine-la-russie-visee-par-plus-d-une-centaine-de-drones-ukrainiens.html\" target=\"_blank\" rel=\"noopener\">se sont intensifi\u00e9es r\u00e9cemment<\/a> en direction de Moscou, situ\u00e9 \u00e0 plusieurs centaines de kilom\u00e8tres de la fronti\u00e8re ukrainienne et jusqu\u2019alors rarement cibl\u00e9e depuis le d\u00e9but de l\u2019offensive russe \u00e0 grande \u00e9chelle en Ukraine il y a plus de trois ans.<\/p>\n<p class=\"node__paragraphe antonia-750r text-grey-800 pb-24 pb-md-30\">\nComme souvent ces derniers jours, le fonctionnement de quatre a\u00e9roports moscovites, Ch\u00e9r\u00e9m\u00e9ti\u00e9vo, Vnoukovo, Domodedovo et Joukovski, a \u00e9t\u00e9 suspendu pendant plusieurs heures dans la nuit, a indiqu\u00e9 l\u2019agence de r\u00e9gulation du transport a\u00e9rien (Rosaviatsia).<\/p>\n<p class=\"latino-500b text-grey-600 pb-16\">A lire aussi<\/p>\n<p><a href=\"https:\/\/www.nouvelobs.com\/monde\/20250409.OBS102519\/les-pilotes-de-drones-voient-tres-bien-la-personne-qu-ils-vont-tuer-jusqu-au-dernier-moment.html\" data-article-key=\"20250409.OBS102519\" class=\"link--box flex-grow-1\" data-piano=\"Page_Article,Lire_aussi,,Lien2,navigation\" target=\"_blank\" rel=\"noopener\"><\/p>\n<p>                <img decoding=\"async\" src=\"data:image\/svg+xml,%3Csvg%20xmlns%3D%27http%3A%2F%2Fwww.w3.org%2F2000%2Fsvg%27%20fill%3D%22%23e4e4e4%22%20viewBox%3D%270%200%20120%2080%27%20width%3D%22120%22%20height%3D%2280%22%3E%3Cpath%20d%3D%27M0%200h120v80H0z%27%2F%3E%3C%2Fsvg%3E\"  width=\"120\" height=\"79\" loading=\"lazy\" alt=\"Photo fournie par le service de presse de la 93e brigade m\u00e9canis\u00e9e de l\u2019arm\u00e9e ukrainienne montrant la pr\u00e9paration d\u2019un drone FPV, dans la r\u00e9gion de Donetsk, le 22\u00a0mars 2025.\"\/><\/p>\n<p class=\"latino-300r latino-lg-600m text-grey-800\">\n                      <strong class=\"latino-300b latino-lg-600m text-grey-500\">S\u00e9rie\u00a0<\/strong><br \/>\n                    \u00ab\u00a0Les pilotes de drones voient tr\u00e8s bien la personne qu\u2019ils vont tuer, jusqu\u2019au dernier moment\u00a0\u00bb        <\/p>\n<p><\/a><\/p>\n<p>    Lire\u00a0plus\u00a0tard  <\/p>\n<p class=\"node__paragraphe antonia-750r text-grey-800 pb-24 pb-md-30\">\nL\u2019Ukraine a indiqu\u00e9 avoir \u00e9t\u00e9 vis\u00e9e par <a href=\"https:\/\/www.nouvelobs.com\/monde\/20250526.OBS104316\/apres-trois-nuits-d-attaques-aeriennes-russes-en-ukraine-zelensky-appelle-a-renforcer-les-sanctions-occidentales.html\" target=\"_blank\" rel=\"noopener\">des attaques a\u00e9riennes russes massives<\/a> depuis samedi, faisant notamment \u00e9tat de 13 morts dimanche. Dans la nuit de mardi \u00e0 ce mercredi, le gouverneur de la r\u00e9gion frontali\u00e8re de Kharkiv, Oleg Synegoubov, a fait \u00e9tat de huit bless\u00e9s, dont une fillette de quatre ans, dans une attaque de drones russes. L\u2019arm\u00e9e russe a assur\u00e9 que ses propres frappes en Ukraine \u00e9taient une \u00ab\u00a0r\u00e9ponse\u00a0\u00bb \u00e0 des attaques de drones ukrainiens ayant fait des victimes civiles russes.<\/p>\n<p class=\"node__paragraphe antonia-750r text-grey-800 pb-24 pb-md-30\">\nLa Russie a lanc\u00e9 une offensive militaire \u00e0 grande \u00e9chelle en Ukraine en f\u00e9vrier\u00a02022 et contr\u00f4le \u00e0 l\u2019heure actuelle environ 20\u00a0% de ce pays voisin, dont la Crim\u00e9e, p\u00e9ninsule annex\u00e9e en\u00a02014. Les combats ont tu\u00e9 et bless\u00e9 des dizaines de milliers de militaires et de civils des deux c\u00f4t\u00e9s et oblig\u00e9 des millions de personnes \u00e0 fuir. Des villes et villages entiers ont \u00e9t\u00e9 d\u00e9truits dans l\u2019est et le sud de l\u2019Ukraine.<\/p>\n<p class=\"latino-600m text-grey-800\">\n<p>  Par\u00a0<br \/>\nLe Nouvel Obs avec AFP    <\/p>\n","protected":false},"excerpt":{"rendered":"Par\u00a0 Le Nouvel Obs avec AFP Publi\u00e9 le 28 mai 2025 \u00e0 9h05 Un militaire ukrainien porte un&hellip;\n","protected":false},"author":2,"featured_media":133727,"comment_status":"","ping_status":"","sticky":false,"template":"","format":"standard","meta":{"footnotes":""},"categories":[1590],"tags":[17,3743,11,2024,1777,674,131,14490,74,12,293,132,220,10884],"class_list":{"0":"post-133726","1":"post","2":"type-post","3":"status-publish","4":"format-standard","5":"has-post-thumbnail","7":"category-ukraine","8":"tag-17","9":"tag-3743","10":"tag-actualites","11":"tag-drones","12":"tag-eu","13":"tag-europe","14":"tag-guerre-en-ukraine","15":"tag-interceptes","16":"tag-monde","17":"tag-news","18":"tag-nuit","19":"tag-russie","20":"tag-ukraine","21":"tag-ukrainiens"},"share_on_mastodon":{"url":"https:\/\/pubeurope.com\/@fr\/114584236032712045","error":""},"_links":{"self":[{"href":"https:\/\/www.europesays.com\/fr\/wp-json\/wp\/v2\/posts\/133726","targetHints":{"allow":["GET"]}}],"collection":[{"href":"https:\/\/www.europesays.com\/fr\/wp-json\/wp\/v2\/posts"}],"about":[{"href":"https:\/\/www.europesays.com\/fr\/wp-json\/wp\/v2\/types\/post"}],"author":[{"embeddable":true,"href":"https:\/\/www.europesays.com\/fr\/wp-json\/wp\/v2\/users\/2"}],"replies":[{"embeddable":true,"href":"https:\/\/www.europesays.com\/fr\/wp-json\/wp\/v2\/comments?post=133726"}],"version-history":[{"count":0,"href":"https:\/\/www.europesays.com\/fr\/wp-json\/wp\/v2\/posts\/133726\/revisions"}],"wp:featuredmedia":[{"embeddable":true,"href":"https:\/\/www.europesays.com\/fr\/wp-json\/wp\/v2\/media\/133727"}],"wp:attachment":[{"href":"https:\/\/www.europesays.com\/fr\/wp-json\/wp\/v2\/media?parent=133726"}],"wp:term":[{"taxonomy":"category","embeddable":true,"href":"https:\/\/www.europesays.com\/fr\/wp-json\/wp\/v2\/categories?post=133726"},{"taxonomy":"post_tag","embeddable":true,"href":"https:\/\/www.europesays.com\/fr\/wp-json\/wp\/v2\/tags?post=133726"}],"curies":[{"name":"wp","href":"https:\/\/api.w.org\/{rel}","templated":true}]}}