{"id":133728,"date":"2025-05-28T07:17:10","date_gmt":"2025-05-28T07:17:10","guid":{"rendered":"https:\/\/www.europesays.com\/fr\/133728\/"},"modified":"2025-05-28T07:17:10","modified_gmt":"2025-05-28T07:17:10","slug":"chaos-dans-un-centre-daide-soutenu-par-israel-et-les-etats-unis","status":"publish","type":"post","link":"https:\/\/www.europesays.com\/fr\/133728\/","title":{"rendered":"Chaos dans un centre d\u2019aide soutenu par Isra\u00ebl et les Etats-Unis"},"content":{"rendered":"<p><strong>tensions &#8211; Des milliers de personnes se sont ru\u00e9es, le 27 mai, sur un nouveau centre de distribution d&rsquo;aide soutenu par Isra\u00ebl et les Etats-Unis dans le sud de la bande de Gaza, provoquant des sc\u00e8nes de chaos<\/strong><\/p>\n<p>Chaos dans un nouveau centre de distribution d\u2019aide d\u2019une fondation soutenue par Isra\u00ebl et les Etats-Unis dans le sud de la <a href=\"https:\/\/www.20minutes.fr\/monde\/4151789-20250505-gaza-19-morts-plusieurs-frappes-israeliennes-selon-defense-civile?at_medium=RSS%20feed&amp;at_campaign=ynews&amp;utm_source=yahoo&amp;utm_medium=rss&amp;utm_campaign=news_feed&amp;utm_content=in_article_link\" rel=\"nofollow noopener\" target=\"_blank\" data-ylk=\"slk:bande de Gaza;elm:context_link;itc:0;sec:content-canvas\" class=\"link \">bande de Gaza<\/a>. Des milliers de personnes se sont ru\u00e9es sur place, mardi, engendrant de grands tumultes constat\u00e9s par journalistes de l\u2019AFP.<\/p>\n<p>Alors qu\u2019Isra\u00ebl a intensifi\u00e9 \u00e0 la mi-mai son offensive dans le territoire palestinien, cet \u00e9pisode est intervenu alors le pays y met en place un nouveau syst\u00e8me de distribution d\u2019aide, contest\u00e9 par la communaut\u00e9 humanitaire.<\/p>\n<p>\u00ab\u00a0Sc\u00e8nes d\u00e9chirantes\u00a0\u00bb<\/p>\n<p>Sous les pressions internationales, Isra\u00ebl a partiellement lev\u00e9 la semaine derni\u00e8re le <a href=\"https:\/\/www.20minutes.fr\/monde\/israel\/4149449-20250419-guerre-israel-hamas-gaza-sous-blocus-affamee-palestiniens-rabattent-viande-tortue?at_medium=display&amp;at_campaign=149&amp;at_medium=RSS%20feed&amp;at_campaign=ynews&amp;utm_source=yahoo&amp;utm_medium=rss&amp;utm_campaign=news_feed&amp;utm_content=in_article_link\" rel=\"nofollow noopener\" target=\"_blank\" data-ylk=\"slk:blocus des livraisons;elm:context_link;itc:0;sec:content-canvas\" class=\"link \">blocus des livraisons<\/a> humanitaires impos\u00e9 le 2\u00a0mars au territoire palestinien.<\/p>\n<p>Les images de la sc\u00e8ne, durant laquelle l\u2019arm\u00e9e isra\u00e9lienne a tir\u00e9, sont \u00ab\u00a0d\u00e9chirantes\u00a0\u00bb, a r\u00e9agi le porte-parole du secr\u00e9taire g\u00e9n\u00e9ral de <a href=\"https:\/\/www.20minutes.fr\/monde\/onu\/?at_medium=RSS%20feed&amp;at_campaign=ynews&amp;utm_source=yahoo&amp;utm_medium=rss&amp;utm_campaign=news_feed&amp;utm_content=in_article_link\" rel=\"nofollow noopener\" target=\"_blank\" data-ylk=\"slk:l\u2019ONU,;elm:context_link;itc:0;sec:content-canvas\" class=\"link \">l\u2019ONU, <\/a>St\u00e9phane Dujarric. Les Nations unies ont exclu de collaborer avec cette Fondation humanitaire de Gaza (GHF).<\/p>\n<p>L\u2019organisation, r\u00e9cemment cr\u00e9\u00e9e et organisatrice de la distribution \u00e0 <a href=\"https:\/\/www.20minutes.fr\/monde\/4094069-20240601-guerre-israel-hamas-rafah-sous-bombardements-apres-annonce-plan-israelien-cessez-feu?at_medium=RSS%20feed&amp;at_campaign=ynews&amp;utm_source=yahoo&amp;utm_medium=rss&amp;utm_campaign=news_feed&amp;utm_content=in_article_link\" rel=\"nofollow noopener\" target=\"_blank\" data-ylk=\"slk:Rafah;elm:context_link;itc:0;sec:content-canvas\" class=\"link \">Rafah<\/a>, est accus\u00e9e d\u2019aider Isra\u00ebl \u00e0 atteindre ses objectifs militaires \u00e0 Gaza, de contourner l\u2019ONU et d\u2019exclure les Palestiniens.<\/p>\n<p>\u00ab\u00a0Comble de l\u2019hypocrisie\u00a0\u00bb<\/p>\n<p>Isra\u00ebl, qui accuse le Hamas de d\u00e9tourner les livraisons humanitaires, ce que le mouvement islamiste palestinien nie, a apport\u00e9 son soutien aux activit\u00e9s de cette organisation. Washington a de son c\u00f4t\u00e9 qualifi\u00e9 de \u00ab\u00a0comble de l\u2019hypocrisie\u00a0\u00bb les critiques de l\u2019ONU sur les activit\u00e9s de la GHF.<\/p>\n<p><a href=\"https:\/\/www.20minutes.fr\/monde\/gaza\/\" rel=\"nofollow noopener\" target=\"_blank\" data-ylk=\"slk:Nos articles sur Gaza;elm:context_link;itc:0;sec:content-canvas\" class=\"link \">Nos articles sur Gaza<\/a><\/p>\n<p>Enregistr\u00e9e \u00e0 Gen\u00e8ve en f\u00e9vrier, la GHF n\u2019a (&#8230;)<\/p>\n<p><a href=\"https:\/\/www.20minutes.fr\/monde\/4155804-20250528-gaza-chaos-centre-aide-soutenu-israel-etats-unis?at_medium=RSS%20feed&amp;at_campaign=ynews&amp;utm_source=yahoo&amp;utm_medium=rss&amp;utm_campaign=news_feed&amp;utm_content=read_more_link&quot;\" rel=\"nofollow noopener\" target=\"_blank\" data-ylk=\"slk:Lire la suite sur 20minutes;elm:context_link;itc:0;sec:content-canvas\" class=\"link \">Lire la suite sur 20minutes<\/a><\/p>\n<p>\u00c0 lire aussi :<br \/><a href=\"https:\/\/www.20minutes.fr\/monde\/4149668-20250421-gaza-etats-unis-conditionnent-entree-nourriture-accord-cautionnant-crime-guerre?at_medium=RSS%20feed&amp;at_campaign=ynews&amp;utm_source=yahoo&amp;utm_medium=rss&amp;utm_campaign=news_feed&amp;utm_content=related_content_link\" rel=\"nofollow noopener\" target=\"_blank\" data-ylk=\"slk:Gaza\u00a0: Les Etats-Unis conditionnent l\u2019entr\u00e9e de la nourriture \u00e0 un accord... cautionnant un crime de guerre;elm:context_link;itc:0;sec:content-canvas\" class=\"link \">Gaza\u00a0: Les Etats-Unis conditionnent l\u2019entr\u00e9e de la nourriture \u00e0 un accord&#8230; cautionnant un crime de guerre<\/a><br \/><a href=\"https:\/\/www.20minutes.fr\/monde\/israel\/4149917-20250423-guerre-hamas-israel-tel-aviv-doit-cesser-bloquer-aide-humanitaire-gaza-selon-londres-paris-berlin?at_medium=RSS%20feed&amp;at_campaign=ynews&amp;utm_source=yahoo&amp;utm_medium=rss&amp;utm_campaign=news_feed&amp;utm_content=related_content_link\" rel=\"nofollow noopener\" target=\"_blank\" data-ylk=\"slk:Guerre Hamas-Isra\u00ebl\u00a0: Tel-Aviv \u00ab\u00a0doit cesser\u00a0\u00bb de bloquer l\u2019aide humanitaire \u00e0 Gaza, selon Londres, Paris et Berlin;elm:context_link;itc:0;sec:content-canvas\" class=\"link \">Guerre Hamas-Isra\u00ebl\u00a0: Tel-Aviv \u00ab\u00a0doit cesser\u00a0\u00bb de bloquer l\u2019aide humanitaire \u00e0 Gaza, selon Londres, Paris et Berlin<\/a><\/p>\n","protected":false},"excerpt":{"rendered":"tensions &#8211; Des milliers de personnes se sont ru\u00e9es, le 27 mai, sur un nouveau centre de distribution&hellip;\n","protected":false},"author":2,"featured_media":133729,"comment_status":"","ping_status":"","sticky":false,"template":"","format":"standard","meta":{"footnotes":""},"categories":[1589],"tags":[11,73,1866,665,664,12,25952,1864,1865,1863,308],"class_list":{"0":"post-133728","1":"post","2":"type-post","3":"status-publish","4":"format-standard","5":"has-post-thumbnail","7":"category-etats-unis","8":"tag-actualites","9":"tag-etats-unis","10":"tag-etats-unis-damerique","11":"tag-gaza","12":"tag-israel","13":"tag-news","14":"tag-nouveau-centre","15":"tag-united-states","16":"tag-united-states-of-america","17":"tag-us","18":"tag-usa"},"share_on_mastodon":{"url":"https:\/\/pubeurope.com\/@fr\/114584240012339618","error":""},"_links":{"self":[{"href":"https:\/\/www.europesays.com\/fr\/wp-json\/wp\/v2\/posts\/133728","targetHints":{"allow":["GET"]}}],"collection":[{"href":"https:\/\/www.europesays.com\/fr\/wp-json\/wp\/v2\/posts"}],"about":[{"href":"https:\/\/www.europesays.com\/fr\/wp-json\/wp\/v2\/types\/post"}],"author":[{"embeddable":true,"href":"https:\/\/www.europesays.com\/fr\/wp-json\/wp\/v2\/users\/2"}],"replies":[{"embeddable":true,"href":"https:\/\/www.europesays.com\/fr\/wp-json\/wp\/v2\/comments?post=133728"}],"version-history":[{"count":0,"href":"https:\/\/www.europesays.com\/fr\/wp-json\/wp\/v2\/posts\/133728\/revisions"}],"wp:featuredmedia":[{"embeddable":true,"href":"https:\/\/www.europesays.com\/fr\/wp-json\/wp\/v2\/media\/133729"}],"wp:attachment":[{"href":"https:\/\/www.europesays.com\/fr\/wp-json\/wp\/v2\/media?parent=133728"}],"wp:term":[{"taxonomy":"category","embeddable":true,"href":"https:\/\/www.europesays.com\/fr\/wp-json\/wp\/v2\/categories?post=133728"},{"taxonomy":"post_tag","embeddable":true,"href":"https:\/\/www.europesays.com\/fr\/wp-json\/wp\/v2\/tags?post=133728"}],"curies":[{"name":"wp","href":"https:\/\/api.w.org\/{rel}","templated":true}]}}