{"id":133741,"date":"2025-05-28T07:24:11","date_gmt":"2025-05-28T07:24:11","guid":{"rendered":"https:\/\/www.europesays.com\/fr\/133741\/"},"modified":"2025-05-28T07:24:11","modified_gmt":"2025-05-28T07:24:11","slug":"une-equipe-de-france-tres-bretonne-pour-la-course-de-la-paix","status":"publish","type":"post","link":"https:\/\/www.europesays.com\/fr\/133741\/","title":{"rendered":"Une \u00e9quipe de France\u2026 tr\u00e8s bretonne pour la Course de la Paix"},"content":{"rendered":"<p>La Course de la Paix, deuxi\u00e8me manche de la Coupe des nations espoirs, se dispute du 29 mai au 1er juin. L\u2019\u00e9quipe de France sera tr\u00e8s bretonne puisqu\u2019elle comptera trois coureurs bretons : <a href=\"https:\/\/www.letelegramme.fr\/sports\/cyclisme\/pourquoi-pierre-henry-basset-a-rejoint-la-reserve-de-lequipe-cycliste-astana-cet-hiver-6752109.php\" target=\"_blank\" rel=\"noopener\">Pierre-Henry Basset<\/a>, Swann Gloux et Antoine Hue.<\/p>\n<p>L\u2019an pass\u00e9, c\u2019est le Breton <a href=\"https:\/\/www.letelegramme.fr\/sports\/cyclisme\/brieuc-rolland-apres-sa-victoire-sur-la-course-de-la-paix-espoirs-je-ne-sais-pas-ou-sont-mes-limites-6596671.php\" target=\"_blank\" rel=\"noopener\">Brieuc Rolland<\/a> qui avait remport\u00e9 le classement g\u00e9n\u00e9ral.<\/p>\n<p>La s\u00e9lection fran\u00e7aise pour la Course de la Paix :<\/p>\n<p>Ronan AUG\u00c9 (CIC U Nantes)<\/p>\n<p>Pierre-Henry BASSET (XDS Astana Development Team)<\/p>\n<p>Swann GLOUX (Ark\u00e9a-B &amp; B H\u00f4tels Continentale)<\/p>\n<p>Matys GRISEL (Lotto Development Team)<\/p>\n<p>Antoine HUE (CIC U Nantes)<\/p>\n<p>Victor LOULERGUE (Bourg-en-Bresse Ain Cyclisme)<\/p>\n","protected":false},"excerpt":{"rendered":"La Course de la Paix, deuxi\u00e8me manche de la Coupe des nations espoirs, se dispute du 29 mai&hellip;\n","protected":false},"author":2,"featured_media":133742,"comment_status":"","ping_status":"","sticky":false,"template":"","format":"standard","meta":{"footnotes":""},"categories":[4],"tags":[11,207,6159,3166,1011,27,12,2427,25,60],"class_list":{"0":"post-133741","1":"post","2":"type-post","3":"status-publish","4":"format-standard","5":"has-post-thumbnail","7":"category-france","8":"tag-actualites","9":"tag-cyclisme","10":"tag-cyclisme-amateurs","11":"tag-en-continu-sports","12":"tag-fr","13":"tag-france","14":"tag-news","15":"tag-professionnels","16":"tag-republique-francaise","17":"tag-sports"},"share_on_mastodon":{"url":"https:\/\/pubeurope.com\/@fr\/114584267297200910","error":""},"_links":{"self":[{"href":"https:\/\/www.europesays.com\/fr\/wp-json\/wp\/v2\/posts\/133741","targetHints":{"allow":["GET"]}}],"collection":[{"href":"https:\/\/www.europesays.com\/fr\/wp-json\/wp\/v2\/posts"}],"about":[{"href":"https:\/\/www.europesays.com\/fr\/wp-json\/wp\/v2\/types\/post"}],"author":[{"embeddable":true,"href":"https:\/\/www.europesays.com\/fr\/wp-json\/wp\/v2\/users\/2"}],"replies":[{"embeddable":true,"href":"https:\/\/www.europesays.com\/fr\/wp-json\/wp\/v2\/comments?post=133741"}],"version-history":[{"count":0,"href":"https:\/\/www.europesays.com\/fr\/wp-json\/wp\/v2\/posts\/133741\/revisions"}],"wp:featuredmedia":[{"embeddable":true,"href":"https:\/\/www.europesays.com\/fr\/wp-json\/wp\/v2\/media\/133742"}],"wp:attachment":[{"href":"https:\/\/www.europesays.com\/fr\/wp-json\/wp\/v2\/media?parent=133741"}],"wp:term":[{"taxonomy":"category","embeddable":true,"href":"https:\/\/www.europesays.com\/fr\/wp-json\/wp\/v2\/categories?post=133741"},{"taxonomy":"post_tag","embeddable":true,"href":"https:\/\/www.europesays.com\/fr\/wp-json\/wp\/v2\/tags?post=133741"}],"curies":[{"name":"wp","href":"https:\/\/api.w.org\/{rel}","templated":true}]}}