{"id":133744,"date":"2025-05-28T07:26:11","date_gmt":"2025-05-28T07:26:11","guid":{"rendered":"https:\/\/www.europesays.com\/fr\/133744\/"},"modified":"2025-05-28T07:26:11","modified_gmt":"2025-05-28T07:26:11","slug":"les-jeunes-vont-devoir-faire-leurs-preuves-a-tours-face-a-la-republique-tcheque","status":"publish","type":"post","link":"https:\/\/www.europesays.com\/fr\/133744\/","title":{"rendered":"les jeunes vont devoir faire leurs preuves \u00e0 Tours face \u00e0 la R\u00e9publique tch\u00e8que"},"content":{"rendered":"<p><strong>France\u00a0&#8211; R\u00e9publique tch\u00e8que<\/strong><\/p>\n<p>On l\u2019avait quitt\u00e9e sur le toit de l\u2019Olympe, le 10\u00a0ao\u00fbt 2024, aur\u00e9ol\u00e9e d\u2019un deuxi\u00e8me titre olympique cons\u00e9cutif. L\u2019\u00e9quipe de France de volley est de retour ce mercredi 28\u00a0mai 2025 pour un match amical face \u00e0 la R\u00e9publique tch\u00e8que. Et pas n\u2019importe o\u00f9, dans la salle Grenon de Tours qui a vu le TVB et l\u2019Alterna Stade poitevin <a target=\"_self\" href=\"https:\/\/www.lanouvellerepublique.fr\/poitiers\/msl-le-sacre-pour-tours-la-fierte-de-poitiers-1747520021\" rel=\"noopener\">se battre pour le championnat de France<\/a> il y a encore quelques jours.<\/p>\n<p>Et si l\u2019on retrouvera Alexandre Strehlau, Luca Ramon, Antoine Pothron ou Simon Magnin, c\u2019est parce que l\u2019\u00e9quipe convoqu\u00e9e par le s\u00e9lectionneur Andrea Giani sera bien diff\u00e9rente de celle des Jeux. Lors de l\u2019entra\u00eenement de veille de match, Tr\u00e9vor Cl\u00e9venot (30\u00a0ans) apparaissait ainsi bien vieux aux c\u00f4t\u00e9s de ses jeunes co\u00e9quipiers. Il faut dire qu\u2019avec 22\u00a0ans et demi de moyenne d\u2019\u00e2ge, on est bien loin de la g\u00e9n\u00e9ration Earvin Ngapeth\u00a0&#8211; Jenia Grebennikov (34\u00a0ans).<\/p>\n<p>Ces derniers, comme bon nombre de cadres, rejoindront les Bleus petit \u00e0 petit au cours de l\u2019\u00e9t\u00e9 pour les diff\u00e9rentes \u00e9tapes de la VNL, afin de trouver du rythme avant le championnat du monde, en septembre. En attendant, c\u2019est avec une tr\u00e8s jeune \u00e9quipe que les Bleus attaquent leur \u00e9t\u00e9. Mais comme l\u2019affirme l\u2019Italien, \u00e0 la t\u00eate de la s\u00e9lection depuis 2022, c\u2019est quand m\u00eame l\u2019\u00e9quipe de France, avec le poids du maillot et les responsabilit\u00e9s qui en incombent.<\/p>\n<p><img alt=\"\u00c0 17\u00a0ans et demi, Noa Duflos-Rossi est le benjamin de ce rassemblement.\" loading=\"lazy\" width=\"980\" height=\"573\" decoding=\"async\" data-nimg=\"1\" class=\"img-responsive spinner-show\" style=\"color:transparent;background-size:cover;background-position:50% 50%;background-repeat:no-repeat;background-image:url(&quot;data:image\/svg+xml;charset=utf-8,%3Csvg xmlns=\" http:=\"\" viewbox=\"0 0 980 573\" id=\"b\" color-interpolation-filters=\"sRGB\" stddeviation=\"20\" values=\"1 0 0 0 0 0 1 0 0 0 0 0 1 0 0 0 0 0 100 -1\" result=\"s\" x=\"0\" y=\"0\" operator=\"out\" in=\"s\" in2=\"SourceGraphic\" preserveaspectratio=\"none\" href=\"https:\/\/images.lanouvellerepublique.fr\/image\/upload\/t_88w\/f_auto\/68360028eeb06128258b45a0.jpg\"   src=\"https:\/\/www.europesays.com\/fr\/wp-content\/uploads\/2025\/05\/68360028eeb06128258b45a0.jpg\"\/><\/p>\n<p style=\"background-color:#F2F2F2;padding:5px;margin-top:0px;margin-bottom:10px\">\u00c0 17\u00a0ans et demi, Noa Duflos-Rossi est le benjamin de ce rassemblement.<br \/> \u00a9 (Photo NR, \u00c9lodie Troadec)<\/p>\n<p>\u00ab\u00a0Donner du temps de jeu et conna\u00eetre les nouveaux joueurs\u00a0\u00bb<\/p>\n<p>Ainsi huit joueurs pourraient disputer leur premi\u00e8re rencontre avec les Bleus face \u00e0 la Tch\u00e9quie\u00a0: le Niortais Anatole Chaboissant, Noa Duflos-Rossi, Nathan Feral, Mathis Henno, Henri Leon, le Poitevin Magnin et les Tourangeaux Strehlau et Ramon. De quoi les lancer dans leur carri\u00e8re internationale au niveau senior.<\/p>\n<p>\u00ab\u00a0C\u2019est un bon moment pour donner du temps de jeu et conna\u00eetre les nouveaux joueurs. C\u2019est int\u00e9ressant pour eux, il faut leur donner des marques, ce sera important pour les prochaines ann\u00e9es, explique le coach italien, tr\u00e8s pr\u00e9sent pour leur offrir des conseils durant l\u2019entra\u00eenement. Il y a beaucoup de talent\u00a0!\u00a0\u00bb Il faut dire que dans les \u00e9quipes de jeunes, bon nombre d\u2019entre eux ont brill\u00e9 avec le maillot tricolore\u00a0: titres \u00e0 l\u2019Euro U17, en 2019, et \u00e0 l\u2019Euro U22, en 2024, ou encore deuxi\u00e8me place aux Mondiaux U19, en 2023.<\/p>\n<p><img alt=\"Le Niortais Anatole Chaboissant a \u00e9t\u00e9 l\u2019un des plus expressifs ce mardi \u00e0 Grenon.\" loading=\"lazy\" width=\"980\" height=\"573\" decoding=\"async\" data-nimg=\"1\" class=\"img-responsive spinner-show\" style=\"color:transparent;background-size:cover;background-position:50% 50%;background-repeat:no-repeat;background-image:url(&quot;data:image\/svg+xml;charset=utf-8,%3Csvg xmlns=\" http:=\"\" viewbox=\"0 0 980 573\" id=\"b\" color-interpolation-filters=\"sRGB\" stddeviation=\"20\" values=\"1 0 0 0 0 0 1 0 0 0 0 0 1 0 0 0 0 0 100 -1\" result=\"s\" x=\"0\" y=\"0\" operator=\"out\" in=\"s\" in2=\"SourceGraphic\" preserveaspectratio=\"none\" href=\"https:\/\/images.lanouvellerepublique.fr\/image\/upload\/t_88w\/f_auto\/6836002851e61532158b45b4.jpg\"   src=\"https:\/\/www.europesays.com\/fr\/wp-content\/uploads\/2025\/05\/6836002851e61532158b45b4.jpg\"\/><\/p>\n<p style=\"background-color:#F2F2F2;padding:5px;margin-top:0px;margin-bottom:10px\">Le Niortais Anatole Chaboissant a \u00e9t\u00e9 l\u2019un des plus expressifs ce mardi \u00e0 Grenon.<br \/> \u00a9 (Photo NR, \u00c9lodie Troadec)<\/p>\n<p>De quoi permettre une int\u00e9gration plus facile dans le groupe, avec moins de pression pour la plupart des joueurs qui se connaissent d\u00e9j\u00e0. Et il suffit de les \u00e9couter \u00e9changer entre eux, et se charrier \u00e0 la moindre manchette, smash ou mauvaise r\u00e9ception, pour comprendre qu\u2019ils n\u2019ont pas fait connaissance \u00e0 leur arriv\u00e9e en Touraine il y a une semaine.<\/p>\n<p>Faire ses preuves avant le Canada<\/p>\n<p>Mais l\u2019heure reste n\u00e9anmoins au travail. \u00ab\u00a0Dans les premiers jours, on a parl\u00e9 d\u2019identit\u00e9. Le plus difficile, c\u2019est d\u2019homog\u00e9n\u00e9iser la partie physique, la partie technique. Le niveau est diff\u00e9rent mais en tout cas, il y a beaucoup de bonne volont\u00e9\u00a0\u00bb, assure Andrea Giani.<\/p>\n<p>Il faut dire que certains vont voir leur s\u00e9jour s\u2019\u00e9courter dans quelques jours, alors que la premi\u00e8re s\u00e9lection pour la 1re \u00e9tape de VNL sera effectu\u00e9e. \u00ab\u00a0Mon but, c\u2019est de pr\u00e9parer mes joueurs du mieux possible pour le Canada (rencontres face \u00e0 l\u2019Argentine, \u00e0 l\u2019Allemagne et contre le pays h\u00f4te). Mercredi, je vais regarder comment les joueurs vont jouer, comment ils vont prendre leurs responsabilit\u00e9s, mais aussi leur adaptation face aux difficult\u00e9s\u00a0\u00bb, confie l\u2019ancien central, triple champion du monde avec l\u2019Italie.<\/p>\n<p><img alt=\"Simon Magnin fait partie des novices au niveau senior avec les Bleus.\" loading=\"lazy\" width=\"980\" height=\"573\" decoding=\"async\" data-nimg=\"1\" class=\"img-responsive spinner-show\" style=\"color:transparent;background-size:cover;background-position:50% 50%;background-repeat:no-repeat;background-image:url(&quot;data:image\/svg+xml;charset=utf-8,%3Csvg xmlns=\" http:=\"\" viewbox=\"0 0 980 573\" id=\"b\" color-interpolation-filters=\"sRGB\" stddeviation=\"20\" values=\"1 0 0 0 0 0 1 0 0 0 0 0 1 0 0 0 0 0 100 -1\" result=\"s\" x=\"0\" y=\"0\" operator=\"out\" in=\"s\" in2=\"SourceGraphic\" preserveaspectratio=\"none\" href=\"https:\/\/images.lanouvellerepublique.fr\/image\/upload\/t_88w\/f_auto\/6836002806bb52fb768b45a4.jpg\"   src=\"https:\/\/www.europesays.com\/fr\/wp-content\/uploads\/2025\/05\/6836002806bb52fb768b45a4.jpg\"\/><\/p>\n<p style=\"background-color:#F2F2F2;padding:5px;margin-top:0px;margin-bottom:10px\">Simon Magnin fait partie des novices au niveau senior avec les Bleus.<br \/> \u00a9 (Photo NR, \u00c9lodie Troadec)<\/p>\n<p>De quoi tenter de convaincre le s\u00e9lectionneur en vue de cet \u00e9t\u00e9 bien charg\u00e9. La conqu\u00eate du premier titre mondial de l\u2019\u00e9quipe de France est en tout cas d\u00e9j\u00e0 lanc\u00e9e.<\/p>\n<p>Ce mercredi 28\u00a0mai \u00e0\u00a020\u00a0h\u00a030, salle Grenon, \u00e0 Tours.<\/p>\n<p><strong>R\u00e9ceptionneurs-attaquants\u00a0:<\/strong> Nathan Canovas (Le\u00a0Plessis-Robinson), Tr\u00e9vor Cl\u00e9venot (Ziraat Ankara, Tur.), Noa Duflos-Rossi (Toulouse), Mathis Henno (Chaumont puis Cuprum Gorz\u00f3w, Pol. en 2025-2026), Antoine Pothron (Tours puis Belchatow, Pol.), Alexandre Strehlau (Tours).<br \/><strong>Passeurs\u00a0:<\/strong> Anatole Chaboissant (Paris), Amir Tizi-Oualou (Tourcoing puis Norwid Czestochowa, Pol.).<br \/><strong>Centraux\u00a0:<\/strong> Mouss\u00e9 Gueye (Piacenza, Ita.), Fran\u00e7ois Huetz (Powervolleys D\u00fcren, All.), Simon Magnin (Poitiers), Joris Seddik (Montpellier).<br \/><strong>Lib\u00e9ros\u00a0:<\/strong> Benjamin Diez (Padova, Ita.), Luca Ramon (Tours).<br \/><strong>Pointus\u00a0:<\/strong> Th\u00e9o Faure (Cisterna, Ita.), Nathan Feral (Toulouse), Henri L\u00e9on (Saint-Nazaire puis Piacenza, Ita).<\/p>\n","protected":false},"excerpt":{"rendered":"France\u00a0&#8211; R\u00e9publique tch\u00e8que On l\u2019avait quitt\u00e9e sur le toit de l\u2019Olympe, le 10\u00a0ao\u00fbt 2024, aur\u00e9ol\u00e9e d\u2019un deuxi\u00e8me titre&hellip;\n","protected":false},"author":2,"featured_media":133745,"comment_status":"","ping_status":"","sticky":false,"template":"","format":"standard","meta":{"footnotes":""},"categories":[1417],"tags":[328,1392,1654,24849,1011,27,1387,60,1390,1471,1470,1469],"class_list":{"0":"post-133744","1":"post","2":"type-post","3":"status-publish","4":"format-standard","5":"has-post-thumbnail","7":"category-volley","8":"tag-a-la-une","9":"tag-a-la-une-local","10":"tag-alterna-stade-poitevin-volley-ball","11":"tag-equipe-de-france-volley","12":"tag-fr","13":"tag-france","14":"tag-indre-et-loire","15":"tag-sports","16":"tag-tours","17":"tag-tours-volley-ball","18":"tag-volley","19":"tag-volleyball"},"share_on_mastodon":{"url":"https:\/\/pubeurope.com\/@fr\/114584275438130975","error":""},"_links":{"self":[{"href":"https:\/\/www.europesays.com\/fr\/wp-json\/wp\/v2\/posts\/133744","targetHints":{"allow":["GET"]}}],"collection":[{"href":"https:\/\/www.europesays.com\/fr\/wp-json\/wp\/v2\/posts"}],"about":[{"href":"https:\/\/www.europesays.com\/fr\/wp-json\/wp\/v2\/types\/post"}],"author":[{"embeddable":true,"href":"https:\/\/www.europesays.com\/fr\/wp-json\/wp\/v2\/users\/2"}],"replies":[{"embeddable":true,"href":"https:\/\/www.europesays.com\/fr\/wp-json\/wp\/v2\/comments?post=133744"}],"version-history":[{"count":0,"href":"https:\/\/www.europesays.com\/fr\/wp-json\/wp\/v2\/posts\/133744\/revisions"}],"wp:featuredmedia":[{"embeddable":true,"href":"https:\/\/www.europesays.com\/fr\/wp-json\/wp\/v2\/media\/133745"}],"wp:attachment":[{"href":"https:\/\/www.europesays.com\/fr\/wp-json\/wp\/v2\/media?parent=133744"}],"wp:term":[{"taxonomy":"category","embeddable":true,"href":"https:\/\/www.europesays.com\/fr\/wp-json\/wp\/v2\/categories?post=133744"},{"taxonomy":"post_tag","embeddable":true,"href":"https:\/\/www.europesays.com\/fr\/wp-json\/wp\/v2\/tags?post=133744"}],"curies":[{"name":"wp","href":"https:\/\/api.w.org\/{rel}","templated":true}]}}