{"id":133748,"date":"2025-05-28T07:28:09","date_gmt":"2025-05-28T07:28:09","guid":{"rendered":"https:\/\/www.europesays.com\/fr\/133748\/"},"modified":"2025-05-28T07:28:09","modified_gmt":"2025-05-28T07:28:09","slug":"les-arbitres-narbitrent-plus-cest-lelectronique-qui-decide-liberation","status":"publish","type":"post","link":"https:\/\/www.europesays.com\/fr\/133748\/","title":{"rendered":"\u00abLes arbitres n\u2019arbitrent plus, c\u2019est l\u2019\u00e9lectronique qui d\u00e9cide\u00bb \u2013 Lib\u00e9ration"},"content":{"rendered":"<p class=\"sc-ksZaOG ehjQrN text-element\">Bruno Rebeuh s\u2019est retrouv\u00e9 juch\u00e9 sur une chaise un peu par hasard. Il ambitionnait une existence dans le foot. Consid\u00e9r\u00e9 comme l\u2019un des meilleurs arbitres de tennis au tournant des ann\u00e9es 1990, retir\u00e9 des courts depuis un quart de si\u00e8cle, l\u2019homme aux dix finales dirig\u00e9es Porte d\u2019Auteuil publie un livre, Retour pleine ligne (1), bourr\u00e9 d\u2019anecdotes vues du haut de son si\u00e8ge, v\u00e9cues dans les coursives des tournois les plus prestigieux. L\u2019occasion, aussi, de porter un regard critique sur l\u2019\u00e9volution du tennis, l\u2019in\u00e9vitable greffe des nouvelles technologies, au d\u00e9triment de l\u2019arbitrage \u00ab\u00e0 l\u2019instinct\u00bb qu\u2019il pr\u00f4ne. Une \u00e9poque quasi r\u00e9volue : les derniers vestiges, incarn\u00e9s par les juges de ligne, subsistent seulement \u00e0 Roland-Garros. Ils devraient dispara\u00eetre l\u2019ann\u00e9e prochaine. Lib\u00e9 l\u2019a crois\u00e9 aux abords du stade Philippe-Chatrier, pour \u00e9changer sur l\u2019arbitrage 2.0, et les d\u00e9fis actuels du m\u00e9tier.<\/p>\n<p class=\"sc-ksZaOG ehjQrN text-element\"><b>Votre livre fait office de testament, sacralisant l\u2019arbitrage \u00e0 l\u2019ancienne, sans les atours technologiques. Une \u00e9poque que vous regrettez\u2026<\/b><\/p>\n<p class=\"sc-ksZaOG ehjQrN text-element\">Je le regrette pour les arbitres d\u2019aujourd\u2019hui. Ce que j\u2019ai v\u00e9cu avec tous ces joueurs de l\u2019\u00e9poque, c\u2019\u00e9tait gr\u00e2ce \u00e0 l\u2019arbitrage, \u00e0 ces confrontations que j\u2019avais avec eux sur le court parce qu\u2019on faisait tout, les juges de ligne \u00e9taient moyens. Ils n\u2019auront pas ces m\u00eames joies que j\u2019ai eues parce que ce qui est sympa, c\u2019est de se \u00abbattre\u00bb avec quelqu\u2019un sur le court et puis de se revoir le lendemain dans le m\u00eame h\u00f4tel et de s<\/p>\n","protected":false},"excerpt":{"rendered":"Bruno Rebeuh s\u2019est retrouv\u00e9 juch\u00e9 sur une chaise un peu par hasard. Il ambitionnait une existence dans le&hellip;\n","protected":false},"author":2,"featured_media":133749,"comment_status":"","ping_status":"","sticky":false,"template":"","format":"standard","meta":{"footnotes":""},"categories":[1415],"tags":[1011,27,223,4171,60,1467],"class_list":{"0":"post-133748","1":"post","2":"type-post","3":"status-publish","4":"format-standard","5":"has-post-thumbnail","7":"category-tennis","8":"tag-fr","9":"tag-france","10":"tag-intelligence-artificielle","11":"tag-roland-garros","12":"tag-sports","13":"tag-tennis"},"share_on_mastodon":{"url":"https:\/\/pubeurope.com\/@fr\/114584282914713876","error":""},"_links":{"self":[{"href":"https:\/\/www.europesays.com\/fr\/wp-json\/wp\/v2\/posts\/133748","targetHints":{"allow":["GET"]}}],"collection":[{"href":"https:\/\/www.europesays.com\/fr\/wp-json\/wp\/v2\/posts"}],"about":[{"href":"https:\/\/www.europesays.com\/fr\/wp-json\/wp\/v2\/types\/post"}],"author":[{"embeddable":true,"href":"https:\/\/www.europesays.com\/fr\/wp-json\/wp\/v2\/users\/2"}],"replies":[{"embeddable":true,"href":"https:\/\/www.europesays.com\/fr\/wp-json\/wp\/v2\/comments?post=133748"}],"version-history":[{"count":0,"href":"https:\/\/www.europesays.com\/fr\/wp-json\/wp\/v2\/posts\/133748\/revisions"}],"wp:featuredmedia":[{"embeddable":true,"href":"https:\/\/www.europesays.com\/fr\/wp-json\/wp\/v2\/media\/133749"}],"wp:attachment":[{"href":"https:\/\/www.europesays.com\/fr\/wp-json\/wp\/v2\/media?parent=133748"}],"wp:term":[{"taxonomy":"category","embeddable":true,"href":"https:\/\/www.europesays.com\/fr\/wp-json\/wp\/v2\/categories?post=133748"},{"taxonomy":"post_tag","embeddable":true,"href":"https:\/\/www.europesays.com\/fr\/wp-json\/wp\/v2\/tags?post=133748"}],"curies":[{"name":"wp","href":"https:\/\/api.w.org\/{rel}","templated":true}]}}