{"id":133753,"date":"2025-05-28T07:32:09","date_gmt":"2025-05-28T07:32:09","guid":{"rendered":"https:\/\/www.europesays.com\/fr\/133753\/"},"modified":"2025-05-28T07:32:09","modified_gmt":"2025-05-28T07:32:09","slug":"lenny-martinez-tadej-pogacar-le-parcours-bernard-thevenet-decrypte-ledition-2025-le-dauphine-libere","status":"publish","type":"post","link":"https:\/\/www.europesays.com\/fr\/133753\/","title":{"rendered":"Lenny Martinez, Tadej Pogacar, le parcours : Bernard Th\u00e9venet d\u00e9crypte l&#039;\u00e9dition 2025 &#8211; Le Dauphin\u00e9 Lib\u00e9r\u00e9"},"content":{"rendered":"<ol>\n<li><a href=\"https:\/\/news.google.com\/rss\/articles\/CBMiwwFBVV95cUxQRjJ6Qk9RdDlQMzFBUklMUmFBTElaWERTazM5SnRlYlNXbEwyb2pFaS1wbFNEMGxYY2JpSkZVQnhjWjhfNDRzSnJVUm51amo3NFlDZ3hkdHA5OEVzYkNsU1EtR3lwY1Z2UWtRaFpDTU04Wm1MVUZNNDhRa3RueEJtRWdxQy1sbXhsLTEtNjBQT0dDSUcxVkh0VW9Jb3o0ZmFqQ2hVazF1SGIxdlN5QXpLeDh1R3RVVzJ5aVJ6T2sxa0xndWM?oc=5\" target=\"_blank\" rel=\"noopener\">Lenny Martinez, Tadej Pogacar, le parcours : Bernard Th\u00e9venet d\u00e9crypte l&rsquo;\u00e9dition 2025<\/a>&nbsp;&nbsp;Le Dauphin\u00e9 Lib\u00e9r\u00e9<\/li>\n<li><a href=\"https:\/\/news.google.com\/rss\/articles\/CBMi4wFBVV95cUxQVVA4aHlfMFVGak5KNG4xRTdBb2VES0ZBVWkyNzJ3djJrbDFlNHdjX2o2aDFCNjgtZjlGemc4YjJaaUtrSUtabnZpMUJQaDZPcEUxSEdjc1UwMWlPdURzNTN3SEJmZXZtZjB4NkhyQ0JBb09DQU9SLW9VQ3BocFRrQjgwRG85T1VfWlJ3OXh1ZzByVGI4cnp4b2FTV0tTSjQxQTE2Q1ZzVC11WWpMWGFuVEtwN0FPcUxHYzJyUU5iRDFqaWFyeGNCcVpieXZjTUdrNDhRdE9BZGxTak1GWUFMdm9CSQ?oc=5\" target=\"_blank\" rel=\"noopener\">Crit\u00e9rium du Dauphin\u00e9 2025 : tout ce qu&rsquo;il faut savoir sur la 7e \u00e9tape Grand Aigueblanche-Valmeinier<\/a>&nbsp;&nbsp;Mon s\u00e9jour en montagne<\/li>\n<li><a href=\"https:\/\/news.google.com\/rss\/articles\/CBMitAFBVV95cUxPQldZSTc3eVlKWE9VR1FFcnhFeWZGU2JRVTZvcS14cEtvSVpOZnk5a3NsMzNMS1gtRmpLYks2cXZoR1pLS2lqSGV6NFdrc0FSbXptQkU3SC1LWDdiTVpzSWxzbTIxS296Y2pZWXVUbjRzckF6cVJCOV9mQmJFUHVWSWVLdnZnVTYyM21aTjBvZkpPeF84T3FsMElVdFUwakF0bmFaR0tma2syYWg1RTYxVFk4REo?oc=5\" target=\"_blank\" rel=\"noopener\">Le Web Journal du M\u00e2connais &#8211; V\u00c9LO : Le Crit\u00e9rium du Dauphin\u00e9 attendu de pied ferme \u00e0 M\u00e2con<\/a>&nbsp;&nbsp;Macon Infos<\/li>\n<li><a href=\"https:\/\/news.google.com\/rss\/articles\/CBMi1gFBVV95cUxNREtvMTJOMDJvWWh0dEt1YmhONGZHU3ZZV1Nnd0M5NWtBcUpoTTRucURpY0NiUXdKZGpjSXp0MEk4TjBBQ0NSZTlVZlV4Y0lyRDZ4bW1MYlFEYktjZVpUdFEyRTYtR1ZxSk1qQUlnR0M5ZU5kcVN4a0s4Mm5Ramp3NE0xVzB3VEExTzk5WGlSR0hfOWZ0cUdibk52U29pSVJmclUxSk9RR3ZEZy15WTZSQng4M01jVEUydncwZG1mdzdlSjJCTzQ4VDNBc1FINGNHODllVVdn?oc=5\" target=\"_blank\" rel=\"noopener\">Crit\u00e9rium du Dauphin\u00e9 2025 : tout ce qu\u2019il faut savoir sur la 6e \u00e9tape Valserh\u00f4ne-Combloux<\/a>&nbsp;&nbsp;Mon s\u00e9jour en montagne<\/li>\n<li><a href=\"https:\/\/news.google.com\/rss\/articles\/CBMipwFBVV95cUxPeVdyMVIxNkhBYk1BQmNfZmV6b2I4aHZmYmprcHBCdHVEZ21jYUhMUldhVHZrZjhoZEJUV25KQlEyNHk0Z3YySFNQSEhmcXM0WTJFS01oUHNDRUFUNGhWMTJqby10MTd1aTdzdlRKcFpjRlJGd3AxMnRNcVBidkxwa3RJelFLT3pENWJtY05CdkpYY3hmWmJLd05lUXhUbVVUSjlObm82SQ?oc=5\" target=\"_blank\" rel=\"noopener\">Cyclisme. La ville de M\u00e2con : une exception au c\u0153ur du Crit\u00e9rium du Dauphin\u00e9<\/a>&nbsp;&nbsp;Le JSL<\/li>\n<\/ol>\n","protected":false},"excerpt":{"rendered":"Lenny Martinez, Tadej Pogacar, le parcours : Bernard Th\u00e9venet d\u00e9crypte l&rsquo;\u00e9dition 2025&nbsp;&nbsp;Le Dauphin\u00e9 Lib\u00e9r\u00e9 Crit\u00e9rium du Dauphin\u00e9 2025&hellip;\n","protected":false},"author":2,"featured_media":133754,"comment_status":"","ping_status":"","sticky":false,"template":"","format":"standard","meta":{"footnotes":""},"categories":[1411],"tags":[2738,3853,4646,25958,25960,25954,24803,1154,207,2730,115,4637,9543,7003,2735,107,1701,1011,27,329,25957,4638,108,25953,25959,5508,517,1947,60,25955,25956,14522],"class_list":{"0":"post-133753","1":"post","2":"type-post","3":"status-publish","4":"format-standard","5":"has-post-thumbnail","7":"category-cyclisme","8":"tag-ain","9":"tag-annecy","10":"tag-ardeche","11":"tag-charantonnay","12":"tag-charmes-sur-rhone","13":"tag-combloux","14":"tag-criterium-du-dauphine","15":"tag-cycling","16":"tag-cyclisme","17":"tag-drome","18":"tag-edition-bourgoin-jallieu-nord-dauphine","19":"tag-edition-grand-geneve-chablais-ain","20":"tag-edition-mont-blanc-arve","21":"tag-edition-tarentaise-maurienne","22":"tag-edition-valence-rhone-crussol-vallee-de-la-drome","23":"tag-fil-info","24":"tag-fil-info-sport","25":"tag-fr","26":"tag-france","27":"tag-france-monde","28":"tag-grand-aigueblanche","29":"tag-haute-savoie","30":"tag-isere","31":"tag-mont-cenis","32":"tag-saint-peray","33":"tag-savoie","34":"tag-sport","35":"tag-sport-national","36":"tag-sports","37":"tag-val-darc","38":"tag-valmeinier","39":"tag-valserhone"},"share_on_mastodon":{"url":"","error":"Validation failed: Text character limit of 500 exceeded"},"_links":{"self":[{"href":"https:\/\/www.europesays.com\/fr\/wp-json\/wp\/v2\/posts\/133753","targetHints":{"allow":["GET"]}}],"collection":[{"href":"https:\/\/www.europesays.com\/fr\/wp-json\/wp\/v2\/posts"}],"about":[{"href":"https:\/\/www.europesays.com\/fr\/wp-json\/wp\/v2\/types\/post"}],"author":[{"embeddable":true,"href":"https:\/\/www.europesays.com\/fr\/wp-json\/wp\/v2\/users\/2"}],"replies":[{"embeddable":true,"href":"https:\/\/www.europesays.com\/fr\/wp-json\/wp\/v2\/comments?post=133753"}],"version-history":[{"count":0,"href":"https:\/\/www.europesays.com\/fr\/wp-json\/wp\/v2\/posts\/133753\/revisions"}],"wp:featuredmedia":[{"embeddable":true,"href":"https:\/\/www.europesays.com\/fr\/wp-json\/wp\/v2\/media\/133754"}],"wp:attachment":[{"href":"https:\/\/www.europesays.com\/fr\/wp-json\/wp\/v2\/media?parent=133753"}],"wp:term":[{"taxonomy":"category","embeddable":true,"href":"https:\/\/www.europesays.com\/fr\/wp-json\/wp\/v2\/categories?post=133753"},{"taxonomy":"post_tag","embeddable":true,"href":"https:\/\/www.europesays.com\/fr\/wp-json\/wp\/v2\/tags?post=133753"}],"curies":[{"name":"wp","href":"https:\/\/api.w.org\/{rel}","templated":true}]}}