{"id":133761,"date":"2025-05-28T07:36:08","date_gmt":"2025-05-28T07:36:08","guid":{"rendered":"https:\/\/www.europesays.com\/fr\/133761\/"},"modified":"2025-05-28T07:36:08","modified_gmt":"2025-05-28T07:36:08","slug":"le-cercle-des-heros-anonyme-le-premier-roman-de-pedro-correa-leventail","status":"publish","type":"post","link":"https:\/\/www.europesays.com\/fr\/133761\/","title":{"rendered":"\u00ab\u00a0Le Cercle des H\u00e9ros Anonyme\u00a0\u00bb, le premier roman de Pedro Correa \u2022 L&rsquo;\u00c9ventail"},"content":{"rendered":"<p>L\u2019intrigue haletante de ce<strong> roman<\/strong> pourrait convenir \u00e0 un sc\u00e9nario de film. Il a \u00e9t\u00e9 propos\u00e9 dans ce but \u00e0 des producteurs lors du dernier festival de Cannes. Le premier <strong>livre<\/strong> de <strong>Pedro Correa<\/strong>, Matins Clairs, lettre \u00e0 tous ceux qui veulent changer de vie\u00a0(Edition L\u2019Iconoclaste), fut un grand succ\u00e8s et a \u00e9t\u00e9 r<a href=\"https:\/\/www.livredepoche.com\/livre\/matins-clairs-9782253238485\/\" target=\"_blank\" rel=\"noopener\">\u00e9\u00e9dit\u00e9 au Livre de Poche<\/a> et traduit en plusieurs langues.<\/p>\n<p>\u00c0 c\u00f4t\u00e9 de l\u2019\u00e9criture, <a href=\"https:\/\/www.pedrocorreaphoto.com\/\" target=\"_blank\" rel=\"noopener\"><strong>Pedro Correa<\/strong> s\u2019est aussi dirig\u00e9 vers la photographie<\/a> et a expos\u00e9 notamment \u00e0 Londres et Washington Le th\u00e8me de son livre de photos Brightness Hiding (publi\u00e9 \u00e0 compte d\u2019auteur) est constitu\u00e9 de photos d\u2019impressions citadines prises \u00e0 Londres, San Francisco, Tokyo, Bruxelles, Paris, New-York, Amsterdam, Berlin. Il a re\u00e7u une critique \u00e9logieuse dans The Washington Post.<\/p>\n","protected":false},"excerpt":{"rendered":"L\u2019intrigue haletante de ce roman pourrait convenir \u00e0 un sc\u00e9nario de film. Il a \u00e9t\u00e9 propos\u00e9 dans ce&hellip;\n","protected":false},"author":2,"featured_media":133762,"comment_status":"","ping_status":"","sticky":false,"template":"","format":"standard","meta":{"footnotes":""},"categories":[1357],"tags":[3355,1379,58,2005,59,1011,27,1351,2003,1380,2004],"class_list":{"0":"post-133761","1":"post","2":"type-post","3":"status-publish","4":"format-standard","5":"has-post-thumbnail","7":"category-livres","8":"tag-auteur","9":"tag-books","10":"tag-divertissement","11":"tag-ecrivain","12":"tag-entertainment","13":"tag-fr","14":"tag-france","15":"tag-litterature","16":"tag-livre","17":"tag-livres","18":"tag-roman"},"share_on_mastodon":{"url":"https:\/\/pubeurope.com\/@fr\/114584314590996685","error":""},"_links":{"self":[{"href":"https:\/\/www.europesays.com\/fr\/wp-json\/wp\/v2\/posts\/133761","targetHints":{"allow":["GET"]}}],"collection":[{"href":"https:\/\/www.europesays.com\/fr\/wp-json\/wp\/v2\/posts"}],"about":[{"href":"https:\/\/www.europesays.com\/fr\/wp-json\/wp\/v2\/types\/post"}],"author":[{"embeddable":true,"href":"https:\/\/www.europesays.com\/fr\/wp-json\/wp\/v2\/users\/2"}],"replies":[{"embeddable":true,"href":"https:\/\/www.europesays.com\/fr\/wp-json\/wp\/v2\/comments?post=133761"}],"version-history":[{"count":0,"href":"https:\/\/www.europesays.com\/fr\/wp-json\/wp\/v2\/posts\/133761\/revisions"}],"wp:featuredmedia":[{"embeddable":true,"href":"https:\/\/www.europesays.com\/fr\/wp-json\/wp\/v2\/media\/133762"}],"wp:attachment":[{"href":"https:\/\/www.europesays.com\/fr\/wp-json\/wp\/v2\/media?parent=133761"}],"wp:term":[{"taxonomy":"category","embeddable":true,"href":"https:\/\/www.europesays.com\/fr\/wp-json\/wp\/v2\/categories?post=133761"},{"taxonomy":"post_tag","embeddable":true,"href":"https:\/\/www.europesays.com\/fr\/wp-json\/wp\/v2\/tags?post=133761"}],"curies":[{"name":"wp","href":"https:\/\/api.w.org\/{rel}","templated":true}]}}