{"id":133773,"date":"2025-05-28T07:42:11","date_gmt":"2025-05-28T07:42:11","guid":{"rendered":"https:\/\/www.europesays.com\/fr\/133773\/"},"modified":"2025-05-28T07:42:11","modified_gmt":"2025-05-28T07:42:11","slug":"la-soiree-en-famille-de-la-reine-mathilde-avec-sa-soeur-la-comtesse-helene-sa-niece-cordelia-et-la-princesse-elisabeth","status":"publish","type":"post","link":"https:\/\/www.europesays.com\/fr\/133773\/","title":{"rendered":"La soir\u00e9e en famille de la reine Mathilde avec sa s\u0153ur, la comtesse H\u00e9l\u00e8ne, sa ni\u00e8ce Cord\u00e9lia et la princesse \u00c9lisabeth"},"content":{"rendered":"<p>La reine Mathilde assistait, ce mardi soir, \u00e0 la deuxi\u00e8me soir\u00e9e de finale du Concours Reine \u00c9lisabeth. Tous les regards \u00e9taient tourn\u00e9s vers la loge royale du Palais des Beaux-Arts, que la reine des Belges partageait avec sa fille a\u00een\u00e9e, la princesse \u00c9lisabeth. Mais le retour de l\u2019h\u00e9riti\u00e8re du tr\u00f4ne au pays n\u2019\u00e9tait pas la seule surprise. Plus discr\u00e8te, la s\u0153ur de la reine Mathilde, la comtesse H\u00e9l\u00e8ne d\u2019Udekem d\u2019Acoz faisait elle aussi une rare apparition, accompagn\u00e9e de sa fille Cord\u00e9lia.<\/p>\n<p><strong>Lire aussi : <a href=\"https:\/\/histoiresroyales.fr\/apparition-surprise-princesse-elisabeth-robe-etoilee-soiree-musicale-reine-mathilde\/\" target=\"_blank\" rel=\"noopener\">L\u2019apparition surprise de la princesse \u00c9lisabeth dans une robe \u00e9toil\u00e9e pour une soir\u00e9e musicale avec la reine Mathilde<\/a><\/strong><\/p>\n<p>La princesse \u00c9lisabeth, la comtesse H\u00e9l\u00e8ne d\u2019Udekem d\u2019Acoz et Cord\u00e9lia Janssen autour de la reine Mathilde<\/p>\n<p>La princesse \u00c9lisabeth de Belgique, 23 ans, a surpris le public, ce mardi 27 mai 2025, lorsqu\u2019elle est apparue dans la loge royale de la Salle Henry Le B\u0153uf aux c\u00f4t\u00e9s de sa m\u00e8re, la reine Mathilde, pour assister \u00e0 la deuxi\u00e8me finale du Concours Reine Elisabeth. Du lundi au samedi, deux pianistes, parmi les 12 finalistes, pr\u00e9sentent chaque soir un concerto au choix et une \u0153uvre impos\u00e9e. <\/p>\n<p><img fetchpriority=\"high\" decoding=\"async\" width=\"1300\" height=\"1123\" src=\"https:\/\/www.europesays.com\/fr\/wp-content\/uploads\/2025\/05\/reine-mathilde-tenue-rose-poudre-elie-saab-concours.jpg\" alt=\"\" class=\"wp-image-151947 lazyload\" data-  \/>La reine Mathilde et la princesse \u00c9lisabeth dans la loge de la Salle Henry Le B\u0153uf au Palais des Beaux-Arts ce 27 mai 2025 (Photo : capture live RTBF Auvio)<\/p>\n<p><img loading=\"lazy\" decoding=\"async\" width=\"1300\" height=\"709\" src=\"https:\/\/www.europesays.com\/fr\/wp-content\/uploads\/2025\/05\/loge-royal-princesse-elisabeth-mathilde.jpg\" alt=\"\" class=\"wp-image-151939 lazyload\" data-  \/>La reine Mathilde et la princesse \u00c9lisabeth sont applaudies \u00e0 leur arriv\u00e9e dans la loge (Photo : capture live RTBF Auvio)<\/p>\n<p><strong>Lire aussi : <a href=\"https:\/\/histoiresroyales.fr\/reine-mathilde-mariage-frere-comte-charles-henri-dudekem-dacoz-normandie-caroline-philippe\/\" target=\"_blank\" rel=\"noopener\">La reine Mathilde au mariage de son fr\u00e8re, le comte Charles-Henri d\u2019Udekem d\u2019Acoz, en Normandie<\/a><\/strong><\/p>\n<p>La reine Mathilde, 52 ans, accorde son haut patronage au Concours Reine Elisabeth fond\u00e9 en 1937 par l\u2019arri\u00e8re-grand-m\u00e8re de son \u00e9poux. Chaque soir, la reine Mathilde r\u00e9serve la surprise au public de la personne qui l\u2019accompagnera.<a href=\"https:\/\/histoiresroyales.fr\/reine-mathilde-porte-cape-parsemee-de-sequins-nacres-assister-premiere-finale-concours-reine-elisabeth\/\" target=\"_blank\" rel=\"noopener\"> Lundi, le roi Philippe \u00e9tait \u00e0 ses c\u00f4t\u00e9s<\/a>. Ce mardi, la princesse \u00c9lisabeth, duchesse de Brabant, a \u00e9bloui le public par sa pr\u00e9sence dans une robe de soir\u00e9e Rebecca Vallance aux broderies argent\u00e9es \u00e9toil\u00e9es. L\u2019h\u00e9riti\u00e8re du tr\u00f4ne de 23 ans \u00e9tudie \u00e0 Harvard, aux \u00c9tats-Unis, et sa pr\u00e9sence \u00e9tait donc des plus inattendues. <\/p>\n<p><img loading=\"lazy\" decoding=\"async\" width=\"1400\" height=\"947\" src=\"https:\/\/www.europesays.com\/fr\/wp-content\/uploads\/2025\/05\/mathilde-soeur-niece-cordelia.jpg\" alt=\"\" class=\"wp-image-151952 lazyload\" data-  \/>La comtesse H\u00e9l\u00e8ne et Cord\u00e9lia Janssen rejoignent discr\u00e8tement la loge derri\u00e8re la reine Mathilde et la princesse \u00c9lisabeth (Photo : capture live RTBF Auvio)<\/p>\n<p><strong>Lire aussi : <a href=\"https:\/\/histoiresroyales.fr\/les-photos-symboliques-de-la-reine-mathilde-en-blanc-pour-ses-noces-dargent\/\" target=\"_blank\" rel=\"noopener\">Les photos symboliques de la reine Mathilde en blanc pour ses noces d\u2019argent<\/a><\/strong><\/p>\n<p>La reine Mathilde vit une soir\u00e9e musicale entour\u00e9e de sa fille a\u00een\u00e9e, sa s\u0153ur et sa ni\u00e8ce<\/p>\n<p>Tous les regards \u00e9taient tourn\u00e9s vers la reine Mathilde et la princesse \u00c9lisabeth, et le public a donc pu passer \u00e0 c\u00f4t\u00e9 de la pr\u00e9sence de deux autres membres de la famille de la Reine. La reine Mathilde \u00e9tait pourtant aussi accompagn\u00e9e ce mardi de sa s\u0153ur, la comtesse H\u00e9l\u00e8ne d\u2019Udekem d\u2019Acoz, 45 ans. La comtesse H\u00e9l\u00e8ne est dor\u00e9navant connue sous le nom d\u2019H\u00e9l\u00e8ne d\u2019Udekem <a href=\"https:\/\/histoiresroyales.fr\/soeur-reine-mathilde-monte-scene-helene-dudekem-debuts-comedienne-professionnelle-avignon\/\" target=\"_blank\" rel=\"noopener\">lorsqu\u2019elle monte sur les planches<\/a>, depuis sa reconversion dans le th\u00e9\u00e2tre. La com\u00e9dienne \u00e9tait accompagn\u00e9e de sa fille, Cord\u00e9lia Janssen. <\/p>\n<p><img loading=\"lazy\" decoding=\"async\" width=\"1400\" height=\"932\" src=\"https:\/\/www.europesays.com\/fr\/wp-content\/uploads\/2025\/05\/reine-mathilde-soeur-helene-niece-cordelia-janssen.jpg\" alt=\"\" class=\"wp-image-151951 lazyload\" data-  \/>Cord\u00e9lia Janssen, la princesse \u00c9lisabeth, duchesse de Brabant, la reine des Belges et la comtesse H\u00e9l\u00e8ne d\u2019Udekem d\u2019Acoz (Photo : Agence Pep\u2019s \/ Fr\u00e9d\u00e9ric Andrieu)<\/p>\n<p><strong>Lire aussi : <a href=\"https:\/\/histoiresroyales.fr\/reine-mathilde-porte-cape-parsemee-de-sequins-nacres-assister-premiere-finale-concours-reine-elisabeth\/\" target=\"_blank\" rel=\"noopener\">La reine Mathilde porte sa cape parsem\u00e9e de sequins nacr\u00e9s pour assister \u00e0 la premi\u00e8re finale du Concours Reine \u00c9lisabeth<\/a><\/strong><\/p>\n<p>Cord\u00e9lia Janssen, qui est donc la ni\u00e8ce de la Reine et la cousine germaine de la duchesse de Brabant, est l\u2019a\u00een\u00e9e de la comtesse H\u00e9l\u00e8ne et du baron Nicolas Janssen. L\u2019\u00e9poux d\u2019H\u00e9l\u00e8ne, le baron Nicolas Janssen, est un homme politique, descendant d\u2019une famille de d\u00e9put\u00e9s et d\u2019industriels belges, qui si\u00e8ge lui-m\u00eame en tant que d\u00e9put\u00e9 wallon.<\/p>\n<p>\t\t\t\t<img loading=\"lazy\" alt=\"Avatar photo\" src=\"https:\/\/www.europesays.com\/fr\/wp-content\/uploads\/2025\/04\/1516945716303-164x164.jpeg\"  class=\"avatar avatar-164 photo lazyload\" height=\"164\" width=\"164\" decoding=\"async\"\/><br \/>\n\t\t<a href=\"https:\/\/histoiresroyales.fr\/author\/royaliste123\/\" target=\"_blank\" rel=\"noopener\">Nicolas Fontaine<\/a><br \/>\n\t\t\t\t\tR\u00e9dacteur en chef<\/p>\n<p>Nicolas Fontaine a \u00e9t\u00e9 concepteur-r\u00e9dacteur et auteur pour de nombreuses marques et m\u00e9dias belges et fran\u00e7ais. Sp\u00e9cialiste de l&rsquo;actualit\u00e9 des familles royales, Nicolas a fond\u00e9 le site Histoires royales dont il est le r\u00e9dacteur en chef.&#13;<br \/>\n&#13;<br \/>\nnicolas@histoiresroyales.fr<\/p>\n<p>\t\t\t\t\t\t\t<a href=\"https:\/\/twitter.com\/ActusRoyales\" class=\"boxed-icon fill twitter\" target=\"_blank\" rel=\"noopener\"><\/a><br \/>\n\t\t\t\t\t\t\t\t\t<a href=\"https:\/\/www.instagram.com\/histoiresroyales.fr\/\" class=\"boxed-icon fill instagram\" target=\"_blank\" rel=\"noopener\"><\/a><\/p>\n<p>\t\t\t\t\t\t\t\t\t\t\t\t\t<script async src=\"https:\/\/platform.twitter.com\/widgets.js\" charset=\"utf-8\"><\/script><script async src=\"\/\/www.instagram.com\/embed.js\"><\/script><\/p>\n","protected":false},"excerpt":{"rendered":"La reine Mathilde assistait, ce mardi soir, \u00e0 la deuxi\u00e8me soir\u00e9e de finale du Concours Reine \u00c9lisabeth. Tous&hellip;\n","protected":false},"author":2,"featured_media":133774,"comment_status":"","ping_status":"","sticky":false,"template":"","format":"standard","meta":{"footnotes":""},"categories":[8],"tags":[25963,25964,58,59,1011,27,25966,948,25965],"class_list":{"0":"post-133773","1":"post","2":"type-post","3":"status-publish","4":"format-standard","5":"has-post-thumbnail","7":"category-divertissement","8":"tag-concours-reine-elisabeth","9":"tag-cordu00e9lia-janssen","10":"tag-divertissement","11":"tag-entertainment","12":"tag-fr","13":"tag-france","14":"tag-hu00e9lu00e8ne-dudekem-dacoz","15":"tag-mathilde-de-belgique","16":"tag-u00c9lisabeth-de-belgique"},"share_on_mastodon":{"url":"https:\/\/pubeurope.com\/@fr\/114584338178285367","error":""},"_links":{"self":[{"href":"https:\/\/www.europesays.com\/fr\/wp-json\/wp\/v2\/posts\/133773","targetHints":{"allow":["GET"]}}],"collection":[{"href":"https:\/\/www.europesays.com\/fr\/wp-json\/wp\/v2\/posts"}],"about":[{"href":"https:\/\/www.europesays.com\/fr\/wp-json\/wp\/v2\/types\/post"}],"author":[{"embeddable":true,"href":"https:\/\/www.europesays.com\/fr\/wp-json\/wp\/v2\/users\/2"}],"replies":[{"embeddable":true,"href":"https:\/\/www.europesays.com\/fr\/wp-json\/wp\/v2\/comments?post=133773"}],"version-history":[{"count":0,"href":"https:\/\/www.europesays.com\/fr\/wp-json\/wp\/v2\/posts\/133773\/revisions"}],"wp:featuredmedia":[{"embeddable":true,"href":"https:\/\/www.europesays.com\/fr\/wp-json\/wp\/v2\/media\/133774"}],"wp:attachment":[{"href":"https:\/\/www.europesays.com\/fr\/wp-json\/wp\/v2\/media?parent=133773"}],"wp:term":[{"taxonomy":"category","embeddable":true,"href":"https:\/\/www.europesays.com\/fr\/wp-json\/wp\/v2\/categories?post=133773"},{"taxonomy":"post_tag","embeddable":true,"href":"https:\/\/www.europesays.com\/fr\/wp-json\/wp\/v2\/tags?post=133773"}],"curies":[{"name":"wp","href":"https:\/\/api.w.org\/{rel}","templated":true}]}}