{"id":133783,"date":"2025-05-28T07:47:09","date_gmt":"2025-05-28T07:47:09","guid":{"rendered":"https:\/\/www.europesays.com\/fr\/133783\/"},"modified":"2025-05-28T07:47:09","modified_gmt":"2025-05-28T07:47:09","slug":"faure-et-mayer-rossignol-au-coude-a-coude-les-regards-se-tournent-vers-vallaud","status":"publish","type":"post","link":"https:\/\/www.europesays.com\/fr\/133783\/","title":{"rendered":"Faure et Mayer-Rossignol au coude-\u00e0-coude, les regards se tournent vers Vallaud"},"content":{"rendered":"<p>Arriv\u00e9 troisi\u00e8me au premier tour, le pr\u00e9sident du groupe socialiste \u00e0 l\u2019Assembl\u00e9e h\u00e9rite du r\u00f4le de faiseur de roi pour d\u00e9partager le premier secr\u00e9taire sortant et le maire de Rouen qualifi\u00e9s au second tour, pr\u00e9vu le jeudi 5 juin.<\/p>\n<p class=\"fig-paragraph\">Le Parti socialiste a peut-\u00eatre perdu de sa superbe, mais il conserve son art de mener des congr\u00e8s \u00e0 suspense. Le premier vote tenu mardi soir sur les \u00abtextes d\u2019orientation\u00bb &#8211; ce qui repr\u00e9sente le premier tour &#8211; confirme que cette 81e \u00e9dition rel\u00e8ve d\u00e9j\u00e0 du grand cru. D\u2019apr\u00e8s les remont\u00e9es des f\u00e9d\u00e9rations,\u00a0<a href=\"http:\/\/www.lefigaro.fr\/politique\/olivier-faure-joue-sa-survie-a-la-tete-du-ps-dans-un-congres-a-suspense-20250526\" data-fig-type=\"Article\" data-gtm-custom-categorie=\"navigation\" data-gtm-custom-action=\"crossclick\" data-gtm-custom-label=\"Contextuel\" data-gtm-event=\"customEventSPE\" data-fig-domain=\"LEFIGARO\" target=\"_blank\" rel=\"noopener\">Olivier Faure<\/a>\u00a0et\u00a0<a href=\"http:\/\/www.lefigaro.fr\/politique\/congres-ps-olivier-faure-affrontera-de-nouveau-nicolas-mayer-rossignol-candidat-choisi-par-l-opposition-interne-20250424\" data-fig-type=\"Article\" data-gtm-custom-categorie=\"navigation\" data-gtm-custom-action=\"crossclick\" data-gtm-custom-label=\"Contextuel\" data-gtm-event=\"customEventSPE\" data-fig-domain=\"LEFIGARO\" target=\"_blank\" rel=\"noopener\">Nicolas Mayer-Rossignol<\/a>\u00a0sont au coude-\u00e0-coude, devant\u00a0<a href=\"http:\/\/www.lefigaro.fr\/politique\/boris-vallaud-ne-parvient-pas-a-reconcilier-les-socialistes-20250423\" data-fig-type=\"Article\" data-gtm-custom-categorie=\"navigation\" data-gtm-custom-action=\"crossclick\" data-gtm-custom-label=\"Contextuel\" data-gtm-event=\"customEventSPE\" data-fig-domain=\"LEFIGARO\" target=\"_blank\" rel=\"noopener\">Boris Vallaud<\/a>, et se qualifient donc pour le second tour, pr\u00e9vu le jeudi 5 juin.<\/p>\n<p class=\"fig-paragraph\">L\u2019ordre d\u2019arriv\u00e9e des deux premiers restait n\u00e9anmoins \u00e0 d\u00e9terminer mercredi matin, m\u00eame si l\u2019entourage du premier secr\u00e9taire revendiquait la premi\u00e8re place, avec 42% des voix. Le maire de Rouen annon\u00e7ait lui un r\u00e9sultat plus serr\u00e9 (41%-41%). Boris Vallaud, le pr\u00e9sident du groupe \u00e0 l\u2019Assembl\u00e9e, serait proche des 20%, selon son \u00e9quipe.<\/p>\n<p>Match retour<\/p>\n<p class=\"fig-paragraph\">Deux ans apr\u00e8s leur premi\u00e8re confrontation au congr\u00e8s de Marseille qui avait failli faire exploser le parti tant les scores \u00e9taient serr\u00e9s sur fond d\u2019accusations de triche, Olivier Faure et Nicolas Mayer-Rossignol\u2026<\/p>\n<p class=\"fig-premium-paywall__infos\">\n        Cet article est r\u00e9serv\u00e9 aux abonn\u00e9s.        Il vous reste 81% \u00e0 d\u00e9couvrir.\n    <\/p>\n<p>                <img  data- alt=\"Le Figaro\" class=\"fig-img--complete fig-img\"\/><\/p>\n<p class=\"fig-premium-paywall__title\">Vente Flash<\/p>\n<p class=\"fig-premium-paywall__subtitle\">4,99\u20ac par mois pendant 12 mois. Sans engagement.<\/p>\n<p class=\"fig-premium-paywall__connect\">\n                D\u00e9j\u00e0 abonn\u00e9\u00a0?                <a class=\"fig-premium-paywall__connect-link\" href=\"https:\/\/connect.lefigaro.fr\/login?client=horizon_web&amp;type=main&amp;redirect_uri=https%3A%2F%2Fwww.lefigaro.fr%2Fpolitique%2Fcongres-du-ps-faure-et-mayer-rossignol-au-coude-a-coude-les-regards-se-tournent-vers-vallaud-20250528\" data-js-gtm=\"{&quot;customCategorie&quot;: &quot;conversion&quot;, &quot;customAction&quot;: &quot;before_Landing_Connexion_paywall_auto&quot;, &quot;customLabel&quot;: &quot;bGVmaWdhcm8uZnJfXzFmMDNiMGI2LTUwOWYtNjlhMC1hNzI5LTg3ZDEyNjA3MmEwMF9fQXJ0aWNsZQ==_Congr\u00e8s du PS\u00a0: Faure et Mayer-Rossignol au coude-\u00e0-coude, les regards se tournent vers Vallaud_206&quot;, &quot;customIDSPE&quot;: &quot;bGVmaWdhcm8uZnJfXzFmMDNiMGI2LTUwOWYtNjlhMC1hNzI5LTg3ZDEyNjA3MmEwMF9fQXJ0aWNsZQ==&quot;, &quot;event&quot;: &quot;customEventSPE&quot;}\" target=\"_blank\" rel=\"noopener\"><br \/>\n                    Connectez-vous<br \/>\n                <\/a>\n            <\/p>\n","protected":false},"excerpt":{"rendered":"Arriv\u00e9 troisi\u00e8me au premier tour, le pr\u00e9sident du groupe socialiste \u00e0 l\u2019Assembl\u00e9e h\u00e9rite du r\u00f4le de faiseur de&hellip;\n","protected":false},"author":2,"featured_media":133784,"comment_status":"","ping_status":"","sticky":false,"template":"","format":"standard","meta":{"footnotes":""},"categories":[2],"tags":[11,6219,426,427,422,423,1011,27,418,424,425,420,421,12,13268,4393,419,3541,316,429,428],"class_list":{"0":"post-133783","1":"post","2":"type-post","3":"status-publish","4":"format-standard","5":"has-post-thumbnail","7":"category-actualites","8":"tag-actualites","9":"tag-boris-vallaud","10":"tag-candidat","11":"tag-candidats","12":"tag-depute","13":"tag-deputes","14":"tag-fr","15":"tag-france","16":"tag-gouvernement","17":"tag-institution","18":"tag-institutions","19":"tag-loi","20":"tag-lois","21":"tag-news","22":"tag-nicolas-mayer-rossignol","23":"tag-olivier-faure","24":"tag-opposition","25":"tag-parti-socialiste","26":"tag-politique","27":"tag-ps","28":"tag-ump"},"share_on_mastodon":{"url":"https:\/\/pubeurope.com\/@fr\/114584357586779891","error":""},"_links":{"self":[{"href":"https:\/\/www.europesays.com\/fr\/wp-json\/wp\/v2\/posts\/133783","targetHints":{"allow":["GET"]}}],"collection":[{"href":"https:\/\/www.europesays.com\/fr\/wp-json\/wp\/v2\/posts"}],"about":[{"href":"https:\/\/www.europesays.com\/fr\/wp-json\/wp\/v2\/types\/post"}],"author":[{"embeddable":true,"href":"https:\/\/www.europesays.com\/fr\/wp-json\/wp\/v2\/users\/2"}],"replies":[{"embeddable":true,"href":"https:\/\/www.europesays.com\/fr\/wp-json\/wp\/v2\/comments?post=133783"}],"version-history":[{"count":0,"href":"https:\/\/www.europesays.com\/fr\/wp-json\/wp\/v2\/posts\/133783\/revisions"}],"wp:featuredmedia":[{"embeddable":true,"href":"https:\/\/www.europesays.com\/fr\/wp-json\/wp\/v2\/media\/133784"}],"wp:attachment":[{"href":"https:\/\/www.europesays.com\/fr\/wp-json\/wp\/v2\/media?parent=133783"}],"wp:term":[{"taxonomy":"category","embeddable":true,"href":"https:\/\/www.europesays.com\/fr\/wp-json\/wp\/v2\/categories?post=133783"},{"taxonomy":"post_tag","embeddable":true,"href":"https:\/\/www.europesays.com\/fr\/wp-json\/wp\/v2\/tags?post=133783"}],"curies":[{"name":"wp","href":"https:\/\/api.w.org\/{rel}","templated":true}]}}