{"id":133791,"date":"2025-05-28T07:52:10","date_gmt":"2025-05-28T07:52:10","guid":{"rendered":"https:\/\/www.europesays.com\/fr\/133791\/"},"modified":"2025-05-28T07:52:10","modified_gmt":"2025-05-28T07:52:10","slug":"tous-en-selle-pour-faites-du-velo-des-balades-festives-a-deux-roues-dans-la-metropole-de-toulon","status":"publish","type":"post","link":"https:\/\/www.europesays.com\/fr\/133791\/","title":{"rendered":"Tous en selle pour \u00ab\u00a0Faites du v\u00e9lo\u00a0\u00bb, des balades festives \u00e0 deux roues dans la m\u00e9tropole de Toulon"},"content":{"rendered":"<p>Voici un \u00e9v\u00e9nement ludique, sportif et familial, qui a su se faire une belle place au soleil, ces derni\u00e8res ann\u00e9es. La manifestation Faites du v\u00e9lo d\u00e9roule son programme du samedi 31 mai.<\/p>\n<p>Insuffl\u00e9 sur l\u2019ensemble de l\u2019hexagone et coordonn\u00e9 localement par la Maison de la mobilit\u00e9 Toulon Provence M\u00e9diterran\u00e9e, Faites du v\u00e9lo engage dans ses rouages sept communes de la m\u00e9tropole: Toulon, La Seyne, La Valette, La Crau, Ollioules, Carqueiranne et Six-Fours.<\/p>\n<p>Chacune d\u2019elles organise ses propres r\u00e9jouissances, avec ou sans v\u00e9lo. Toutefois, il est aussi possible de participer \u00e0 une balade en cort\u00e8ge, le \u00ab\u00a0Carnav\u00e9lo\u00a0\u00bb, mis en place \u00e0 Toulon, La Seyne et Ollioules via Six-Fours, d\u00e9cr\u00e9t\u00e9e ville t\u00eate de pont de cette \u00e9dition.<\/p>\n<p><b>Petit tour de piste avec Mike Boutin, de la Maison de la mobilit\u00e9<\/b><\/p>\n<p>\u00ab\u00a0C\u2019est la quatri\u00e8me fois que la m\u00e9tropole toulonnaise participe. L\u2019objectif est d\u2019inciter le plus grand nombre, jeunes et moins jeunes, \u00e0 se d\u00e9placer \u00e0 v\u00e9lo. De faire en sorte que le v\u00e9lo devienne un mode de transport \u00e0 part enti\u00e8re, sports et loisir. Plusieurs temps forts sont au programme de cette journ\u00e9e du 31 mai comme le Carnav\u00e9lo avec une convergence cyclable entre Toulon, La Seyne et Ollioules. Ces trois cort\u00e8ges, accompagn\u00e9s de musique festive, vont se rendre \u00e0 Six-Fours, au bois de La Coudouli\u00e8re, o\u00f9 les familles trouveront un village v\u00e9lo, de 10h \u00e0 17h, avec une quinzaine d\u2019animations gratuites destin\u00e9es aux familles, deux food-trucks et des stands plus techniques. Second temps fort, \u00e0 14h on d\u00e9marre la grande parade musicale Carnav\u00e9lo, anim\u00e9e par une association locale. C\u2019est une balade encadr\u00e9e de quarante minutes (accessible \u00e0 partir de 8 ans), \u00e0 la d\u00e9couverte de Six-Fours, anim\u00e9e par le groupe funk, Dynamo. Il y aura aussi un concours du plus beau v\u00e9lo d\u00e9cor\u00e9, avec des voyages \u00e0 Porquerolles \u00e0 gagner. Des parades et balades s\u00e9curis\u00e9es, notamment sur les tron\u00e7ons routiers, avec l\u2019appui de la police municipale. Au village du v\u00e9lo de Six-Fours, un parking gratuit \u00e0 v\u00e9lo sera s\u00e9curis\u00e9 par l\u2019Ufolep 83, afin que les familles profitent sereinement de la f\u00eate\u00a0\u00bb.<\/p>\n<p>\u00ab\u00a0Ce sont des communes volontaires, encha\u00eene Genevi\u00e8ve Levy, vice-pr\u00e9sidente de la m\u00e9tropole TPM, charg\u00e9e des mobilit\u00e9s, dont les associations locales et des entreprises partenaires s\u2019impliquent avec enthousiasme dans la d\u00e9marche. Ceci rend l\u2019\u00e9v\u00e9nement encore plus festif et attrayant pour tous.\u00a0\u00bb<\/p>\n<p>L\u2019\u00e9dition 2024 avait r\u00e9uni 3.850 amateurs du v\u00e9lo. Cette ann\u00e9e, l\u2019organisation pense franchir la barre des 4.000 participants.<\/p>\n<p><b>Tous en route vers Six-Fours<\/b><\/p>\n<p>              <img ci-src=\"https:\/\/www.varmatin.com\/festivites\/protec\/DATA_ART_15603919-Q54yNjZ2.jpg?vh=7d2552&amp;ci_seal=fa590561d6\" alt=\"\"\/><br \/>\n        La manifestation encourage la pratique du v\u00e9lo comme v\u00e9ritable mode de d\u00e9placement.  <strong>Photo Florian Escoffier.<\/strong> <\/p>\n<p>Choisissez le parcours le plus proche de chez vous et rejoignez l\u2019un des cort\u00e8ges:<\/p>\n<p>\u2013 <b>Toulon,<\/b> d\u00e9part de la Maison de la mobilit\u00e9 \u00e0 10h (une heure de trajet \u00e0 v\u00e9lo).<\/p>\n<p>\u2013 <b>La Seyne-sur-Mer:<\/b> d\u00e9part du parking de la Bourse \u00e0 11h (trente minutes de trajet).<\/p>\n<p>\u2013 <b>Ollioules:<\/b> d\u00e9part de la place Jean-Jaur\u00e8s \u00e0 10h30(une heure de trajet).<\/p>\n<p><strong>Les principales animations<\/strong><\/p>\n<p><strong>Six-Fours<\/strong><\/p>\n<p>V\u00e9lo village ouvert de 10h \u00e0 17h au bois de la Coudouli\u00e8re. Man\u00e8ge, test de v\u00e9los fun, parcours de maniabilit\u00e9 adultes et enfants, piste d\u2019\u00e9ducation routi\u00e8re, apprentissage du v\u00e9lo pour adultes (sur inscription au 04.94.93.37.37), r\u00e9paration de v\u00e9los, cyclotourisme TPM, fresques, conseils, grande parade musicale Carnav\u00e9lo (14h), food-truck.<\/p>\n<p><strong>Toulon<\/strong><\/p>\n<p>V\u00e9lo village ouvert de 10h \u00e0 17h sur la place Vincent-Raspail. Show v\u00e9lo freestyle, test de v\u00e9lo en location courte dur\u00e9e, diagnostic et r\u00e9paration de v\u00e9los, conseils sur la mobilit\u00e9.<\/p>\n<p>Place Gustave-Lambert: v\u00e9lo smoothie, d\u00e9placements en pousse-pousse, conseils sur la mobilit\u00e9.<\/p>\n<p>Pharmacycles, rue C\u00e9sar-Vezzani: L\u2019Alleycat de la rade (course d\u2019orientation \u00e0 v\u00e9lo).<\/p>\n<p>D\u00e9part du Carnav\u00e9lo \u00e0 10h devant la Maison de la mobilit\u00e9 TPM.<\/p>\n<p><strong>Carqueiranne<\/strong><\/p>\n<p>V\u00e9lo village ouvert de 9h \u00e0 12h sur la place de La R\u00e9publique. Balades loisirs (9h), v\u00e9lo smoothie (11h).<\/p>\n<p><strong>La Valette<\/strong><\/p>\n<p>V\u00e9lo village ouvert de 10h \u00e0 17h sur la place G\u00e9n\u00e9ral De Gaulle. Courses en draisiennes, parcours de maniabilit\u00e9 \u00e0 v\u00e9lo, balades loisirs dans la commune.<\/p>\n","protected":false},"excerpt":{"rendered":"Voici un \u00e9v\u00e9nement ludique, sportif et familial, qui a su se faire une belle place au soleil, ces&hellip;\n","protected":false},"author":2,"featured_media":133792,"comment_status":"","ping_status":"","sticky":false,"template":"","format":"standard","meta":{"footnotes":""},"categories":[9619],"tags":[1111,11,1777,674,7186,1011,27,12,882,25,2310],"class_list":{"0":"post-133791","1":"post","2":"type-post","3":"status-publish","4":"format-standard","5":"has-post-thumbnail","7":"category-toulon","8":"tag-actu","9":"tag-actualites","10":"tag-eu","11":"tag-europe","12":"tag-festivites","13":"tag-fr","14":"tag-france","15":"tag-news","16":"tag-provence-alpes-cote-dazur","17":"tag-republique-francaise","18":"tag-toulon"},"share_on_mastodon":{"url":"https:\/\/pubeurope.com\/@fr\/114584377296036184","error":""},"_links":{"self":[{"href":"https:\/\/www.europesays.com\/fr\/wp-json\/wp\/v2\/posts\/133791","targetHints":{"allow":["GET"]}}],"collection":[{"href":"https:\/\/www.europesays.com\/fr\/wp-json\/wp\/v2\/posts"}],"about":[{"href":"https:\/\/www.europesays.com\/fr\/wp-json\/wp\/v2\/types\/post"}],"author":[{"embeddable":true,"href":"https:\/\/www.europesays.com\/fr\/wp-json\/wp\/v2\/users\/2"}],"replies":[{"embeddable":true,"href":"https:\/\/www.europesays.com\/fr\/wp-json\/wp\/v2\/comments?post=133791"}],"version-history":[{"count":0,"href":"https:\/\/www.europesays.com\/fr\/wp-json\/wp\/v2\/posts\/133791\/revisions"}],"wp:featuredmedia":[{"embeddable":true,"href":"https:\/\/www.europesays.com\/fr\/wp-json\/wp\/v2\/media\/133792"}],"wp:attachment":[{"href":"https:\/\/www.europesays.com\/fr\/wp-json\/wp\/v2\/media?parent=133791"}],"wp:term":[{"taxonomy":"category","embeddable":true,"href":"https:\/\/www.europesays.com\/fr\/wp-json\/wp\/v2\/categories?post=133791"},{"taxonomy":"post_tag","embeddable":true,"href":"https:\/\/www.europesays.com\/fr\/wp-json\/wp\/v2\/tags?post=133791"}],"curies":[{"name":"wp","href":"https:\/\/api.w.org\/{rel}","templated":true}]}}